{"id":18459,"date":"2021-09-14T13:00:08","date_gmt":"2021-09-14T13:00:08","guid":{"rendered":"https:\/\/www.cordoba.gob.ar\/?p=13296"},"modified":"2021-09-14T13:00:08","modified_gmt":"2021-09-14T13:00:08","slug":"educacion-vial-desde-las-aulas-docentes-municipales-comenzaron-a-capacitarse","status":"publish","type":"post","link":"http:\/\/cordobadirecto.com\/index.php\/2021\/09\/14\/educacion-vial-desde-las-aulas-docentes-municipales-comenzaron-a-capacitarse\/","title":{"rendered":"Educaci\u00f3n Vial desde las aulas: Docentes Municipales comenzaron a capacitarse"},"content":{"rendered":"<div><img src=\"http:\/\/cordobadirecto.com\/wp-content\/uploads\/2021\/09\/educacion-vial-desde-las-aulas-docentes-municipales-comenzaron-a-capacitarse.jpg\" class=\"ff-og-image-inserted\"><\/div>\n<ul>\n<li><strong>La iniciativa promueve contenidos para el uso adecuado, responsable y solidario de la v\u00eda p\u00fablica desde la m\u00e1s temprana edad.<\/strong><\/li>\n<li><strong>Se busca lograr un efecto multiplicador de los maestros a los ni\u00f1os y de ellos hacia su grupo familiar.<\/strong><\/li>\n<\/ul>\n<hr>\n<p>Con 127 docentes inscriptos, la Municipalidad de C\u00f3rdoba inici\u00f3 este mi\u00e9rcoles el curso Formador de Formadores en Educaci\u00f3n Vial. Est\u00e1 dirigido a titulares y suplentes de nivel inicial y primario que ense\u00f1an en las escuelas y jardines del Sistema Educativo Municipal.<\/p>\n<p>La Educaci\u00f3n Vial es una instancia de suma importancia, un proceso formativo integral y permanente por el cual una persona se forma para el uso adecuado, responsable y solidario de la v\u00eda p\u00fablica. De este modo, y a trav\u00e9s de esta formaci\u00f3n se desea lograr un efecto multiplicador en los docentes con su posterior transmisi\u00f3n a sus alumnos y a trav\u00e9s de ellos a los integrantes de su grupo familiar.<\/p>\n<p><em>\u201cEl curso de Formador de Formadores nos permite junto a la educaci\u00f3n para la&nbsp; convivencia, la educaci\u00f3n ambiental, la educaci\u00f3n sexual integral, poner en el escenario la educaci\u00f3n para el desarrollo sostenible y de esta manera seguir apostando en el cumplimiento de&nbsp; metas que impulsa el intendente Mart\u00edn Llaryora\u201d<\/em>, expres\u00f3 el Secretario de Educaci\u00f3n, Horacio Ferreyra, durante el acto realizado en la Escuela Municipal de Capacitaci\u00f3n y Educaci\u00f3n Vial, en el que tambi\u00e9n participaron el Secretario de Gobierno, Miguel Siciliano y la Secretaria General, Ver\u00f3nica Bruera.<\/p>\n<p>Por su parte, el secretario de Movilidad Urbana, Daniel Mansilla, destac\u00f3 el trabajo conjunto entre la Secretar\u00eda de Educaci\u00f3n, la Secretar\u00eda de Movilidad y Sancor Seguros por la educaci\u00f3n vial. <em>\u201cEs una actividad en la que somos constantemente part\u00edcipes en nuestras vidas\u201d, valor\u00f3 el funcionario al tiempo que inst\u00f3 a \u201ccambiar algo para que algo cambie\u201d<\/em>, en directa relaci\u00f3n a los accidentes de tr\u00e1nsito por el <em>\u201cmal uso de nuestras calles, de nuestras v\u00edas, de nuestros cruces o de nuestros veh\u00edculos.\u201d<\/em><\/p>\n<p>El curso Formador de Formadores en Educaci\u00f3n Vial concentra su horizonte en la seguridad vial, en Argentina y C\u00f3rdoba en particular, y tiene especial relevancia porque la ciudadan\u00eda demanda m\u00e1s formaci\u00f3n e informaci\u00f3n sobre las normas que rigen el tr\u00e1nsito, como as\u00ed tambi\u00e9n de concientizaci\u00f3n sobre pautas de cuidado y prevenci\u00f3n.<\/p>\n<p>La propuesta est\u00e1 coordinada por la Direcci\u00f3n de Aprendizaje y Desarrollo Profesional, la Direcci\u00f3n General de Educaci\u00f3n, la Secretar\u00eda de Educaci\u00f3n, la Subdirecci\u00f3n de Movilidad Sustentable y Educaci\u00f3n Vial, y la Secretar\u00eda de Movilidad Urbana de la Municipalidad de la ciudad de C\u00f3rdoba.<\/p>\n<p>La iniciativa cuenta con el respaldo de la Fundaci\u00f3n Grupo Sancor Seguros y estar\u00e1 a cargo del reconocido experto en la materia Horacio Botta Bernaus. Al respecto, Bernaus afirm\u00f3 que esta \u201ces una actividad que pretende formar al docente en lo que es seguridad vial y las m\u00e1s modernas t\u00e9cnicas pedag\u00f3gicas para que esa seguridad vial se transforme en una educaci\u00f3n vial en el aula. Es el desaf\u00edo de formar a quienes son los mejores multiplicadores y que nos pueden ayudar en esta lucha contra la siniestralidad vial, contra los muertos, en definitiva, contra el dolor\u201d.<\/p>\n<p><strong>El curso <\/strong><\/p>\n<p>Las tem\u00e1ticas que se abordar\u00e1n a lo largo del dictado del curso ser\u00e1n: el tr\u00e1nsito como problema; el desaf\u00edo de la Educaci\u00f3n Vial; tr\u00e1nsito y factores de riesgo de los siniestros viales; la Educaci\u00f3n Vial en la escuela; campa\u00f1as publicitarias de seguridad y educaci\u00f3n vial, entre otros.<\/p>\n<p>El curso comienza este mi\u00e9rcoles y concluye a finales de noviembre, acreditando setenta horas c\u00e1tedra a los docentes participantes. Tendr\u00e1 una modalidad semipresencial, con tres encuentros de presencialidad bajo los protocolos sanitarios vigentes, sumado a dos encuentros sincr\u00f3nicos virtuales y uno encuentro presencial optativo de cierre con la presentaci\u00f3n y selecci\u00f3n de proyectos finales.<\/p>\n","protected":false},"excerpt":{"rendered":"<p>La iniciativa promueve contenidos para el uso adecuado, responsable y solidario de la v\u00eda p\u00fablica desde la m\u00e1s temprana edad. Se busca lograr un efecto multiplicador de los maestros a los ni\u00f1os y de ellos hacia su grupo familiar. Con 127 docentes inscriptos, la Municipalidad de C\u00f3rdoba inici\u00f3 este mi\u00e9rcoles el curso Formador de Formadores [&hellip;]<\/p>\n","protected":false},"author":1,"featured_media":18460,"comment_status":"closed","ping_status":"closed","sticky":false,"template":"","format":"standard","meta":[],"categories":[44],"tags":[],"_links":{"self":[{"href":"http:\/\/cordobadirecto.com\/index.php\/wp-json\/wp\/v2\/posts\/18459"}],"collection":[{"href":"http:\/\/cordobadirecto.com\/index.php\/wp-json\/wp\/v2\/posts"}],"about":[{"href":"http:\/\/cordobadirecto.com\/index.php\/wp-json\/wp\/v2\/types\/post"}],"author":[{"embeddable":true,"href":"http:\/\/cordobadirecto.com\/index.php\/wp-json\/wp\/v2\/users\/1"}],"replies":[{"embeddable":true,"href":"http:\/\/cordobadirecto.com\/index.php\/wp-json\/wp\/v2\/comments?post=18459"}],"version-history":[{"count":0,"href":"http:\/\/cordobadirecto.com\/index.php\/wp-json\/wp\/v2\/posts\/18459\/revisions"}],"wp:featuredmedia":[{"embeddable":true,"href":"http:\/\/cordobadirecto.com\/index.php\/wp-json\/wp\/v2\/media\/18460"}],"wp:attachment":[{"href":"http:\/\/cordobadirecto.com\/index.php\/wp-json\/wp\/v2\/media?parent=18459"}],"wp:term":[{"taxonomy":"category","embeddable":true,"href":"http:\/\/cordobadirecto.com\/index.php\/wp-json\/wp\/v2\/categories?post=18459"},{"taxonomy":"post_tag","embeddable":true,"href":"http:\/\/cordobadirecto.com\/index.php\/wp-json\/wp\/v2\/tags?post=18459"}],"curies":[{"name":"wp","href":"https:\/\/api.w.org\/{rel}","templated":true}]}}