{"id":184596,"date":"2026-01-16T13:43:17","date_gmt":"2026-01-16T13:43:17","guid":{"rendered":"https:\/\/cordoba.gob.ar\/?p=84945"},"modified":"2026-01-16T13:43:17","modified_gmt":"2026-01-16T13:43:17","slug":"casa-de-las-infancias-maria-elena-walsh-mas-de-6-800-ninas-y-ninos-la-conocieron-y-se-registraron-100-visitas-institucionales","status":"publish","type":"post","link":"http:\/\/cordobadirecto.com\/index.php\/2026\/01\/16\/casa-de-las-infancias-maria-elena-walsh-mas-de-6-800-ninas-y-ninos-la-conocieron-y-se-registraron-100-visitas-institucionales\/","title":{"rendered":"Casa de las Infancias \u00abMar\u00eda Elena Walsh\u00bb: m\u00e1s de 6.800 ni\u00f1as y ni\u00f1os la conocieron y se registraron 100 visitas institucionales"},"content":{"rendered":"<div><img src=\"http:\/\/cordobadirecto.com\/wp-content\/uploads\/2026\/01\/casa-de-las-infancias-maria-elena-walsh-mas-de-6-800-ninas-y-ninos-la-conocieron-y-se-registraron-100-visitas-institucionales.jpg\" class=\"ff-og-image-inserted\"><\/div>\n<ul>\n<li data-prosemirror-content-type=\"node\" data-prosemirror-node-name=\"paragraph\" data-prosemirror-node-block=\"true\"><strong data-prosemirror-content-type=\"mark\" data-prosemirror-mark-name=\"strong\">Desde su apertura en septiembre hasta la fecha, el 56% conoci\u00f3 el espacio mediante una visita institucional, mientras que el 44% fue p\u00fablico en general.<\/strong><\/li>\n<\/ul>\n<hr>\n<p data-prosemirror-content-type=\"node\" data-prosemirror-node-name=\"paragraph\" data-prosemirror-node-block=\"true\">Desde su apertura en el mes de septiembre, m\u00e1s de 6.800 ni\u00f1as y ni\u00f1os han visitado la Casa de las Infancias Mar\u00eda Elena Walsh, mostrando un inter\u00e9s considerable en el nuevo espacio l\u00fadico y socioeducativo gestionado a trav\u00e9s de la Secretar\u00eda de Pol\u00edticas Sociales y Desarrollo Humano de la Municipalidad de C\u00f3rdoba.<\/p>\n<p data-prosemirror-content-type=\"node\" data-prosemirror-node-name=\"paragraph\" data-prosemirror-node-block=\"true\">La Casa de las Infancias ofrece diversas propuestas interactivas y culturales invitando a las infancias a jugar, crear y disfrutar. De los 6.884 visitantes, el 56% conoci\u00f3 el espacio mediante una visita institucional, mientras que el 44% correspondi\u00f3 al p\u00fablico en general.<\/p>\n<p data-prosemirror-content-type=\"node\" data-prosemirror-node-name=\"paragraph\" data-prosemirror-node-block=\"true\">El espacio ofrece biblioteca, teatrinos, espacios para m\u00fasica y talleres manuales, laboratorio de ideas y salas inmersivas, dise\u00f1ado para todas las edades. Dentro de las visitas del p\u00fablico en general, asistieron alrededor de 3.000 ni\u00f1os y ni\u00f1as de 0 a 12 a\u00f1os y adolescentes.<\/p>\n<p data-prosemirror-content-type=\"node\" data-prosemirror-node-name=\"paragraph\" data-prosemirror-node-block=\"true\">En lo que respecta instituciones y\/o organizaciones, se registraron 111 recorridos distribuidos de la siguiente manera: un alto porcentaje de instituciones educativas (83,6%), le siguen organizaciones sociales (9,1%), dispositivos de salud (4,5%) y finalmente Parques Educativos (2,7%).<\/p>\n<p data-prosemirror-content-type=\"node\" data-prosemirror-node-name=\"paragraph\" data-prosemirror-node-block=\"true\">Particularmente en relaci\u00f3n a las instituciones educativas (jardines maternales; escuelas de nivel inicial, primario y secundario; escuelas de modalidad especial), se observ\u00f3 que m\u00e1s de la mitad correspondi\u00f3 a escuelas p\u00fablicas provinciales (53,8%), ocupando el segundo lugar las escuelas p\u00fablicas municipales (24,2%) y en tercer lugar los colegios privados (22%).<\/p>\n<p data-prosemirror-content-type=\"node\" data-prosemirror-node-name=\"paragraph\" data-prosemirror-node-block=\"true\">Dentro de los datos, en las visitas institucionales se destaca la asistencia de:<\/p>\n<p data-prosemirror-content-type=\"node\" data-prosemirror-node-name=\"paragraph\" data-prosemirror-node-block=\"true\">El crecimiento de visitas reafirma el compromiso desde el municipio del desarrollo de pol\u00edticas p\u00fablicas que promueven los derechos de las infancias.<\/p>\n<p data-prosemirror-content-type=\"node\" data-prosemirror-node-name=\"paragraph\" data-prosemirror-node-block=\"true\"><span><strong data-prosemirror-content-type=\"mark\" data-prosemirror-mark-name=\"strong\">Horarios de enero<\/strong><\/span><\/p>\n<p data-prosemirror-content-type=\"node\" data-prosemirror-node-name=\"paragraph\" data-prosemirror-node-block=\"true\">En este mes, tanto particulares como instituciones pueden visitar la Casa de lunes a viernes de 15:00 a 19:00 y s\u00e1bados y domingos de 10:00 a 18:00 horas.<\/p>\n<p data-prosemirror-content-type=\"node\" data-prosemirror-node-name=\"paragraph\" data-prosemirror-node-block=\"true\">Las actividades se centran en visitas guiadas y en talleres art\u00edsticos y literarios. Se puede acceder de manera gratuita, con turno asignado previamente. La inscripci\u00f3n para particulares es a trav\u00e9s de VeDi. Por su parte, las Instituciones deben comunicarse al 0800-888-0404, opci\u00f3n 1 para reservar su turno.<\/p>\n<p data-prosemirror-content-type=\"node\" data-prosemirror-node-name=\"paragraph\" data-prosemirror-node-block=\"true\"><strong data-prosemirror-content-type=\"mark\" data-prosemirror-mark-name=\"strong\">Taller de Arte y Literatura<\/strong><\/p>\n<ul class=\"ak-ul\" data-prosemirror-content-type=\"node\" data-prosemirror-node-name=\"bulletList\" data-prosemirror-node-block=\"true\">\n<li data-prosemirror-content-type=\"node\" data-prosemirror-node-name=\"listItem\" data-prosemirror-node-block=\"true\">\n<p data-prosemirror-content-type=\"node\" data-prosemirror-node-name=\"paragraph\" data-prosemirror-node-block=\"true\">4 a 7 a\u00f1os: lunes 19<\/p>\n<\/li>\n<li data-prosemirror-content-type=\"node\" data-prosemirror-node-name=\"listItem\" data-prosemirror-node-block=\"true\">\n<p data-prosemirror-content-type=\"node\" data-prosemirror-node-name=\"paragraph\" data-prosemirror-node-block=\"true\">8 a 12 a\u00f1os: martes 20<\/p>\n<\/li>\n<\/ul>\n<p data-prosemirror-content-type=\"node\" data-prosemirror-node-name=\"paragraph\" data-prosemirror-node-block=\"true\"><strong data-prosemirror-content-type=\"mark\" data-prosemirror-mark-name=\"strong\">Taller de Creaci\u00f3n de m\u00e1scaras de animales nativos<\/strong><\/p>\n<ul class=\"ak-ul\" data-prosemirror-content-type=\"node\" data-prosemirror-node-name=\"bulletList\" data-prosemirror-node-block=\"true\">\n<li data-prosemirror-content-type=\"node\" data-prosemirror-node-name=\"listItem\" data-prosemirror-node-block=\"true\">\n<p data-prosemirror-content-type=\"node\" data-prosemirror-node-name=\"paragraph\" data-prosemirror-node-block=\"true\">4 a 7 a\u00f1os: lunes 26<\/p>\n<\/li>\n<li data-prosemirror-content-type=\"node\" data-prosemirror-node-name=\"listItem\" data-prosemirror-node-block=\"true\">\n<p data-prosemirror-content-type=\"node\" data-prosemirror-node-name=\"paragraph\" data-prosemirror-node-block=\"true\">8 a 12 a\u00f1os: martes 27<\/p>\n<\/li>\n<\/ul>\n","protected":false},"excerpt":{"rendered":"<p>Desde su apertura en septiembre hasta la fecha, el 56% conoci\u00f3 el espacio mediante una visita institucional, mientras que el 44% fue p\u00fablico en general. Desde su apertura en el mes de septiembre, m\u00e1s de 6.800 ni\u00f1as y ni\u00f1os han visitado la Casa de las Infancias Mar\u00eda Elena Walsh, mostrando un inter\u00e9s considerable en el [&hellip;]<\/p>\n","protected":false},"author":1,"featured_media":184597,"comment_status":"closed","ping_status":"closed","sticky":false,"template":"","format":"standard","meta":[],"categories":[44],"tags":[],"_links":{"self":[{"href":"http:\/\/cordobadirecto.com\/index.php\/wp-json\/wp\/v2\/posts\/184596"}],"collection":[{"href":"http:\/\/cordobadirecto.com\/index.php\/wp-json\/wp\/v2\/posts"}],"about":[{"href":"http:\/\/cordobadirecto.com\/index.php\/wp-json\/wp\/v2\/types\/post"}],"author":[{"embeddable":true,"href":"http:\/\/cordobadirecto.com\/index.php\/wp-json\/wp\/v2\/users\/1"}],"replies":[{"embeddable":true,"href":"http:\/\/cordobadirecto.com\/index.php\/wp-json\/wp\/v2\/comments?post=184596"}],"version-history":[{"count":0,"href":"http:\/\/cordobadirecto.com\/index.php\/wp-json\/wp\/v2\/posts\/184596\/revisions"}],"wp:featuredmedia":[{"embeddable":true,"href":"http:\/\/cordobadirecto.com\/index.php\/wp-json\/wp\/v2\/media\/184597"}],"wp:attachment":[{"href":"http:\/\/cordobadirecto.com\/index.php\/wp-json\/wp\/v2\/media?parent=184596"}],"wp:term":[{"taxonomy":"category","embeddable":true,"href":"http:\/\/cordobadirecto.com\/index.php\/wp-json\/wp\/v2\/categories?post=184596"},{"taxonomy":"post_tag","embeddable":true,"href":"http:\/\/cordobadirecto.com\/index.php\/wp-json\/wp\/v2\/tags?post=184596"}],"curies":[{"name":"wp","href":"https:\/\/api.w.org\/{rel}","templated":true}]}}