{"id":18464,"date":"2021-09-14T18:56:49","date_gmt":"2021-09-14T18:56:49","guid":{"rendered":"https:\/\/puntoapunto.com.ar\/?p=316145"},"modified":"2021-09-14T18:56:49","modified_gmt":"2021-09-14T18:56:49","slug":"peralta-sin-conectividad-aerea-el-previaje-solo-nos-sirve-para-vender-a-futuro","status":"publish","type":"post","link":"http:\/\/cordobadirecto.com\/index.php\/2021\/09\/14\/peralta-sin-conectividad-aerea-el-previaje-solo-nos-sirve-para-vender-a-futuro\/","title":{"rendered":"Peralta: \u201cSin conectividad a\u00e9rea, el PreViaje solo nos sirve para vender a futuro\u201d"},"content":{"rendered":"<p>Entre las primeras<strong> actividades m\u00e1s golpeadas por la crisis y la pandemia<\/strong>, se ubica el <strong>turismo<\/strong>, con todos los servicios que hacen a este rubro. En ese marco, desde el Ministerio de Turismo de la Naci\u00f3n se decidi\u00f3 reeditar el <strong>programa PreViaje<\/strong>, como herramienta para auxiliar a los operadores de ese sector productivo.<\/p>\n<p>La nueva versi\u00f3n, el <a href=\"https:\/\/puntoapunto.com.ar\/nueva-edicion-del-programa-previaje-compra-anticipada-con-el-reintegro-del-50\/\" target=\"_blank\" rel=\"noopener\">PreViaje<\/a> 2, est\u00e1 arrojando muy buenos resultados en todo el pa\u00eds, a tal punto que desde la<strong> C\u00e1mara Argentina de Turismo<\/strong> (CAT) se impulsa que el programa quede fijo para siempre. El titular de la entidad,<strong> Gustavo Hani<\/strong>, se\u00f1al\u00f3 que <strong>\u201ces una gran medida frente a la crisis, pero ahora podr\u00eda quedar como una pol\u00edtica de Estado\u201d<\/strong>.<\/p>\n<p>En C\u00f3rdoba, si bien hay optimismo y expectativas respecto a los resultados, <strong>los n\u00fameros todav\u00eda no son tan alentadores.<\/strong> El presidente de la Asociaci\u00f3n Cordobesa de Agencias de Viajes (Acav), Gustavo Peralta, admiti\u00f3 a PERFIL C\u00d3RDOBA que est\u00e1n \u201cmuy entusiasmados\u201d porque \u201cel PreViaje 2 es la \u00fanica herramienta que tenemos en este momento\u201d. \u201c<strong>La Provincia est\u00e1 preparada para recibir pasajeros de todo el pa\u00eds\u201d<\/strong>, afirm\u00f3.<\/p>\n<p>\u201cLes aconsejamos a los interesados que no se duerman, que elijan sus destinos con tiempo y accedan al programa dentro de los plazos respectivos para las fechas en que piensan viajar, porque despu\u00e9s no podr\u00e1n hacerlo. El programa funciona y va a funcionar muy bien\u201d, alent\u00f3.<\/p>\n<p>En ese sentido, adelant\u00f3: \u201cHace menos de un mes que tenemos el PreViaje 2 y ya han salido todas las promociones y los paquetes tur\u00edsticos. Todav\u00eda estamos en una etapa de armado de todos los programas, destinos, o sea, la parte operativa, pero los futuros viajeros est\u00e1n respondiendo muy bien\u201d.<\/p>\n<p>Tambi\u00e9n record\u00f3 que, si se piensa viajar en noviembre, hasta fin de este mes hay tiempo para concretar; si el viaje es en diciembre, tienen que aprovechar los beneficios en octubre, \u201cpor eso est\u00e1n averiguando y algunos comprando\u201d.<\/p>\n<p>Y aclar\u00f3: \u201cHoy las consultas son m\u00e1s tendientes a <strong>enero, febrero y marzo<\/strong>, de temporada alta. Obviamente lo est\u00e1n haciendo con tiempo, porque si quieren salir en enero, <strong>pueden acceder al programa hasta el 30 de noviembre y hasta el 31 de diciembre<\/strong> si la intenci\u00f3n es viajar de febrero en adelante\u201d.<\/p>\n<h5><strong>Volver a la prepandemia<\/strong><\/h5>\n<p>Con respecto a los niveles de ventas comparativamente a la temporada 2019, indic\u00f3 que \u201cfalta mucho para alcanzar los mismos n\u00fameros. <strong>No hay que olvidar que seguimos con las fronteras cerradas, sin aviones, sin <a href=\"https:\/\/puntoapunto.com.ar\/reabre-hub-aereo-de-cordoba-contamos-con-las-condiciones-sanitarias\/\" target=\"_blank\" rel=\"noopener\">conectividad<\/a><\/strong>, por lo que este programa es como una herramienta para vender a futuro, pero lo que se est\u00e1 vendiendo ahora son paquetes terrestres\u201d.<\/p>\n<p>\u201cPara volver a las cifras de ventas de 2019 \u2013estim\u00f3\u2013 tendr\u00edamos que contar con conectividad a\u00e9rea internacional, fundamentalmente con Brasil. <strong>El mercado de C\u00f3rdoba se maneja casi todo con Brasil y el Caribe<\/strong> y a los cordobeses no les gusta la costa atl\u00e1ntica.<\/p>\n<p>Ya aparecieron los paquetes para Mar del Plata, Pinamar, Villa Gesell o Caril\u00f3, para enero, febrero y marzo, y otras propuestas para el norte, para los mismos meses con Carnaval, que es muy demandado, e incluso hasta para Semana Santa\u201d.<\/p>\n<p>Y consider\u00f3 que \u201clo interesante es que el mercado se comience a mover con el PreViaje y la <strong>devoluci\u00f3n del 50%<\/strong>. Despu\u00e9s, para volver a los niveles de actividad de las temporadas normales prepandemia, nos falta mucho\u201d.<\/p>\n<h5><strong>Mercado sin plata<\/strong><\/h5>\n<p>\u201cGanas de viajar tenemos todos, pero tambi\u00e9n hay que ver qui\u00e9n en el mercado tiene plata para hacerlo; ah\u00ed se presenta otro desaf\u00edo: c\u00f3mo hacer para que el mercado se reactive y la gente pueda volver a planear esos viajes. Est\u00e1 claro que no es el mismo mercado que dejamos en 2019, porque la gente est\u00e1 golpeada no solo econ\u00f3micamente sino tambi\u00e9n psicol\u00f3gicamente\u201d, afirm\u00f3.<\/p>\n<p>\u201cSupongamos que en noviembre tengamos abiertas las fronteras y podamos hacer <a href=\"https:\/\/puntoapunto.com.ar\/turismo-internacional-mejoran-los-numeros-de-uno-de-los-sectores-mas-golpeados\/\" target=\"_blank\" rel=\"noopener\">turismo internacional<\/a>, entonces tendremos que armar toda una ingenier\u00eda de productos, de salidas; no veo, en el corto plazo, que un operador pueda tomar el riesgo de armar un ch\u00e1rter, porque es una fortuna en d\u00f3lares. Nosotros, solo en nuestra agencia, llegamos a tener ocho ch\u00e1rteres semanales al Caribe y hoy no creo que un operador se anime a programar uno\u201d.<\/p>\n<h5><strong>Cuesti\u00f3n pol\u00edtica<\/strong><\/h5>\n<h5><strong>\u2013Mendoza ya fue habilitada como corredor seguro.<\/strong><\/h5>\n<p>\u2013S\u00ed. Nosotros estamos esperando eso, que se abra el <a href=\"https:\/\/puntoapunto.com.ar\/el-aeropuerto-cordoba-entre-los-mas-afectados-por-la-segunda-ola\/\" target=\"_blank\" rel=\"noopener\">aeropuerto C\u00f3rdoba<\/a> para los vuelos internacionales. Obviamente que esto sigue siendo pol\u00edtico; habilitaron Mendoza y <strong>en lista de espera est\u00e1n C\u00f3rdoba y Salta.<\/strong> No me extra\u00f1ar\u00eda que habiliten Salta antes que a C\u00f3rdoba y no por una cuesti\u00f3n t\u00e9cnica ni de protocolos sanitarios, sino por una cuesti\u00f3n pol\u00edtica.<\/p>\n<h5><strong>Turismo sindical<\/strong><\/h5>\n<p>Peralta tambi\u00e9n hizo foco en un segmento interesante para el mercado: el turismo sindical. \u201cMuchos sindicatos tienen o ten\u00edan un \u00e1rea de turismo, un sector muy fuerte, pero no pueden utilizar el PreViaje porque no pueden facturar como si fueran una agencia\u201d, aclar\u00f3.<\/p>\n<p>\u201cEs un mercado que tiene las manos atadas, muchos de ellos esta temporada no van a abrir sus hoteles y colonias, porque no pueden facturar. Estoy hablando de gremios muy fuertes, que a sus afiliados les descontaban por planilla y no lo pueden hacer, porque normalmente les daban financiaci\u00f3n de hasta 30 cuotas, pero ahora tendr\u00edan que poner un paquete de plata por adelantado y no pueden. Entonces la pregunta es: \u00bfad\u00f3nde ir\u00e1 toda esa gente?\u201d.<\/p>\n<h5><strong>Alcances del PreViaje<\/strong><\/h5>\n<ul>\n<li>Vigencia: hasta el 31 de diciembre de 2021.<\/li>\n<li>Con un tope de $100.000 para agencias de viaje, alojamiento, vuelos y \u00f3mnibus de larga distancia. Los dem\u00e1s prestadores tienen un tope de $5.000 en total.<\/li>\n<li>Devoluci\u00f3n del 50%.<\/li>\n<li>D\u00f3nde utilizar el cr\u00e9dito: en toda la cadena tur\u00edstica del pa\u00eds hasta el 31 de diciembre de 2022.<\/li>\n<li>Servicios alcanzados: alojamiento, agencias de viajes, transporte, excursiones, centros tur\u00edsticos, alquiler de autos y equipamiento, atractivos tur\u00edsticos, gastronom\u00eda, entretenimiento, productos regionales y otros servicios.<\/li>\n<\/ul>\n<p>(Especial por <strong>Juan Erramouspe<\/strong> para <em>Perfil C\u00f3rdoba<\/em>)<\/p>\n<div class=\"saboxplugin-wrap\" itemtype=\"http:\/\/schema.org\/Person\" itemscope itemprop=\"author\">\n<div class=\"saboxplugin-tab\">\n<div class=\"saboxplugin-gravatar\"><img alt src=\"http:\/\/cordobadirecto.com\/wp-content\/uploads\/2021\/09\/peralta-sin-conectividad-aerea-el-previaje-solo-nos-sirve-para-vender-a-futuro.jpg\" srcset=\"http:\/\/cordobadirecto.com\/wp-content\/uploads\/2021\/09\/peralta-sin-conectividad-aerea-el-previaje-solo-nos-sirve-para-vender-a-futuro-1.jpg 2x\" class=\"avatar avatar-100 photo\" height=\"100\" width=\"100\" itemprop=\"image\" loading=\"lazy\"><\/div>\n<div class=\"saboxplugin-desc\" readability=\"6.5\">\n<div itemprop=\"description\" readability=\"8\">\n<p>Este articulo fue escrito por la redacci\u00f3n de Punto a Punto. Seguinos en todas nuestras redes sociales<\/p>\n<\/div>\n<\/div>\n<\/div>\n<\/div>\n","protected":false},"excerpt":{"rendered":"<p>Entre las primeras actividades m\u00e1s golpeadas por la crisis y la pandemia, se ubica el turismo, con todos los servicios que hacen a este rubro. En ese marco, desde el Ministerio de Turismo de la Naci\u00f3n se decidi\u00f3 reeditar el programa PreViaje, como herramienta para auxiliar a los operadores de ese sector productivo. La nueva [&hellip;]<\/p>\n","protected":false},"author":1,"featured_media":18465,"comment_status":"closed","ping_status":"closed","sticky":false,"template":"","format":"standard","meta":[],"categories":[25,22],"tags":[],"_links":{"self":[{"href":"http:\/\/cordobadirecto.com\/index.php\/wp-json\/wp\/v2\/posts\/18464"}],"collection":[{"href":"http:\/\/cordobadirecto.com\/index.php\/wp-json\/wp\/v2\/posts"}],"about":[{"href":"http:\/\/cordobadirecto.com\/index.php\/wp-json\/wp\/v2\/types\/post"}],"author":[{"embeddable":true,"href":"http:\/\/cordobadirecto.com\/index.php\/wp-json\/wp\/v2\/users\/1"}],"replies":[{"embeddable":true,"href":"http:\/\/cordobadirecto.com\/index.php\/wp-json\/wp\/v2\/comments?post=18464"}],"version-history":[{"count":0,"href":"http:\/\/cordobadirecto.com\/index.php\/wp-json\/wp\/v2\/posts\/18464\/revisions"}],"wp:featuredmedia":[{"embeddable":true,"href":"http:\/\/cordobadirecto.com\/index.php\/wp-json\/wp\/v2\/media\/18465"}],"wp:attachment":[{"href":"http:\/\/cordobadirecto.com\/index.php\/wp-json\/wp\/v2\/media?parent=18464"}],"wp:term":[{"taxonomy":"category","embeddable":true,"href":"http:\/\/cordobadirecto.com\/index.php\/wp-json\/wp\/v2\/categories?post=18464"},{"taxonomy":"post_tag","embeddable":true,"href":"http:\/\/cordobadirecto.com\/index.php\/wp-json\/wp\/v2\/tags?post=18464"}],"curies":[{"name":"wp","href":"https:\/\/api.w.org\/{rel}","templated":true}]}}