{"id":184661,"date":"2026-01-17T20:48:18","date_gmt":"2026-01-17T20:48:18","guid":{"rendered":"https:\/\/www.ole.com.ar\/opinion\/luciano-benavides-gano-imposible-dakar-motos_0_4fReisshXs.html"},"modified":"2026-01-17T20:48:18","modified_gmt":"2026-01-17T20:48:18","slug":"luciano-benavides-le-gano-a-lo-imposible","status":"publish","type":"post","link":"http:\/\/cordobadirecto.com\/index.php\/2026\/01\/17\/luciano-benavides-le-gano-a-lo-imposible\/","title":{"rendered":"Luciano Benavides le gan\u00f3 a lo imposible"},"content":{"rendered":"<p><time class=\"createDate\" datetime=\"2026-01-17T17:48:18-03:00\">17\/01\/2026 17:48hs.<\/time><\/p>\n<div id=\"storyBody\">\n<div id=\"element-body-0\" class=\"sc-136cd478-0 ekTCfV\" readability=\"38.684719535783\">\n<p>\u00bfC\u00f3mo dimensionar el triunfo de <strong><a href=\"https:\/\/www.ole.com.ar\/tema\/luciano-benavides.html\" title=\"Luciano Benavides\" alt=\"Luciano Benavides\" class=\"slug\">Luciano Benavides<\/a><\/strong> en la categor\u00eda motos del Dakar? Primero, vale la comparaci\u00f3n con otras divisionales del deporte motor. Por ejemplo, en la m\u00e1s seguida por el p\u00fablico, la F\u00f3rmula 1, claramente el auto es m\u00e1s determinante que el piloto. <strong>Max Verstappen no saldr\u00eda campe\u00f3n de la M\u00e1xima con el Alpine del 2025<\/strong>. No es subestimar, es la realidad. Lo mismo ocurre en la mayor\u00eda de las competencias del deporte motor. No en el Dakar\u2026 Ni la mejor moto te acerca al primer puesto.<\/p>\n<\/div>\n<div id=\"element-body-1\" class=\"sc-136cd478-0 ekTCfV\" readability=\"47\">\n<p>Desde el vamos, se corre durante 15 d\u00edas con solo uno de descanso, 7.794 kil\u00f3metros (promedio de 556 por jornada) sobre arena, en medio de las piedras, cruzando r\u00edos\u2026 . <strong>Con el calor insoportable del d\u00eda, y a veces sufriendo el impiadoso fr\u00edo de las noches<\/strong>. M\u00e1s bravo en el caso de las motos, solo, lo cual implica que adem\u00e1s de conducir hay que navegar, o sea, ir viendo la hoja de ruta. Y si hicieran falta m\u00e1s dificultades: <strong>el camino se conoce minutos antes de largar<\/strong>, y desde ya que las referencias son m\u00ednimas, sobre todo cuando tocan dunas, desierto\u2026 la nada misma.<\/p>\n<\/div>\n<div class=\"sc-e7b891c4-0 ifHnQL image-embed\" id=\"element-body-2\"><img alt=\"El festejo de Luciano Benavides (AP).\" loading=\"lazy\" width=\"720\" height=\"100\" decoding=\"async\" data-nimg=\"1\" src=\"http:\/\/cordobadirecto.com\/wp-content\/uploads\/2026\/01\/luciano-benavides-le-gano-a-lo-imposible.jpg\"><span class=\"epigraphe\">El festejo de Luciano Benavides (AP).<\/span><\/div>\n<div id=\"element-body-3\" class=\"sc-136cd478-0 ekTCfV\" readability=\"32\">\n<p>\u00bfNo alcanza para dimensionar el triunfo?<\/p>\n<\/div>\n<div id=\"element-body-4\" class=\"sc-136cd478-0 ekTCfV\" readability=\"41\">\n<p>Cuarto en el 2025 como mejor resultado, el salte\u00f1o de 30 a\u00f1os sufri\u00f3 un duro accidente en el Rally de Marruecos, en octubre, que le provoc\u00f3 una grave lesi\u00f3n de rodilla y la fractura en la clav\u00edcula izquierda. Lo deb\u00edan operar de la rodilla (ligamentos cruzados), pero as\u00ed se perd\u00eda el Dakar. Ante la decisi\u00f3n de su carrera, <strong> el motociclista eligi\u00f3 un tratamiento para reforzar la zona y dejar para m\u00e1s adelante la cirug\u00eda<\/strong>, asumiendo el riesgo.<\/p>\n<\/div>\n<div class=\"sc-e7b891c4-0 ifHnQL image-embed\" id=\"element-body-5\"><img alt=\"Luciano Benavides, en la soledad del desierto (AP).\" loading=\"lazy\" width=\"720\" height=\"100\" decoding=\"async\" data-nimg=\"1\" src=\"http:\/\/cordobadirecto.com\/wp-content\/uploads\/2026\/01\/luciano-benavides-le-gano-a-lo-imposible-1.jpg\"><span class=\"epigraphe\">Luciano Benavides, en la soledad del desierto (AP).<\/span><\/div>\n<div id=\"element-body-6\" class=\"sc-136cd478-0 ekTCfV\" readability=\"38\">\n<p>La historia, hoy, ya es conocida y termin\u00f3 con final feliz. Pero antes, el camino <strong>se construy\u00f3 de piedras m\u00e1s que de suave asfalto<\/strong>. No pretend\u00eda otra cosa Benavides, porque as\u00ed es el Dakar y ganarle es una de las haza\u00f1as m\u00e1s dif\u00edciles de conseguir en el deporte.<\/p>\n<\/div>\n<div id=\"element-body-7\" class=\"sc-136cd478-0 ekTCfV\">\n<p>\u00bfSe dimensiona ahora?<\/p>\n<\/div>\n<div id=\"element-body-8\" class=\"sc-a7166897-0 eoLsBE\" readability=\"31.5\">\n<section readability=\"3\"><picture><img alt=\"Qu\u00e9 le dijo Brabec a Benavides cuando vio que perdi\u00f3 por dos segundos y el festejo del argentino\" loading=\"lazy\" width=\"290\" height=\"290\" decoding=\"async\" data-nimg=\"1\" src=\"http:\/\/cordobadirecto.com\/wp-content\/uploads\/2026\/01\/luciano-benavides-le-gano-a-lo-imposible-2.jpg\"><\/picture>\n<p><span>Mir\u00e1 tambi\u00e9n<\/span><\/p>\n<hr>\n<h3>Qu\u00e9 le dijo Brabec a Benavides cuando vio que perdi\u00f3 por dos segundos y el festejo del argentino<\/h3>\n<\/p>\n<\/section>\n<\/div>\n<div id=\"element-body-9\" class=\"sc-a7166897-0 eoLsBE\" readability=\"31\">\n<section readability=\"2\"><picture><img alt=\"C\u00f3mo les fue a los 20 argentinos que largaron el Rally Dakar 2026\" loading=\"lazy\" width=\"290\" height=\"290\" decoding=\"async\" data-nimg=\"1\" src=\"http:\/\/cordobadirecto.com\/wp-content\/uploads\/2026\/01\/luciano-benavides-le-gano-a-lo-imposible-3.jpg\"><\/picture>\n<p><span>Mir\u00e1 tambi\u00e9n<\/span><\/p>\n<hr>\n<h3>C\u00f3mo les fue a los 20 argentinos que largaron el Rally Dakar 2026<\/h3>\n<\/p>\n<\/section>\n<\/div>\n<div id=\"element-body-10\" class=\"sc-a7166897-0 eoLsBE\" readability=\"31\">\n<section readability=\"2\"><picture><img alt=\"Dakar 2026: Luciano Benavides campe\u00f3n en motos por solo dos segundos\" loading=\"lazy\" width=\"290\" height=\"290\" decoding=\"async\" data-nimg=\"1\" src=\"http:\/\/cordobadirecto.com\/wp-content\/uploads\/2026\/01\/luciano-benavides-le-gano-a-lo-imposible-4.jpg\"><\/picture>\n<p><span>Mir\u00e1 tambi\u00e9n<\/span><\/p>\n<hr>\n<h3>Dakar 2026: Luciano Benavides campe\u00f3n en motos por solo dos segundos<\/h3>\n<\/p>\n<\/section>\n<\/div>\n<\/div>\n","protected":false},"excerpt":{"rendered":"<p>17\/01\/2026 17:48hs. \u00bfC\u00f3mo dimensionar el triunfo de Luciano Benavides en la categor\u00eda motos del Dakar? Primero, vale la comparaci\u00f3n con otras divisionales del deporte motor. Por ejemplo, en la m\u00e1s seguida por el p\u00fablico, la F\u00f3rmula 1, claramente el auto es m\u00e1s determinante que el piloto. Max Verstappen no saldr\u00eda campe\u00f3n de la M\u00e1xima con [&hellip;]<\/p>\n","protected":false},"author":1,"featured_media":184662,"comment_status":"closed","ping_status":"closed","sticky":false,"template":"","format":"standard","meta":[],"categories":[21],"tags":[],"_links":{"self":[{"href":"http:\/\/cordobadirecto.com\/index.php\/wp-json\/wp\/v2\/posts\/184661"}],"collection":[{"href":"http:\/\/cordobadirecto.com\/index.php\/wp-json\/wp\/v2\/posts"}],"about":[{"href":"http:\/\/cordobadirecto.com\/index.php\/wp-json\/wp\/v2\/types\/post"}],"author":[{"embeddable":true,"href":"http:\/\/cordobadirecto.com\/index.php\/wp-json\/wp\/v2\/users\/1"}],"replies":[{"embeddable":true,"href":"http:\/\/cordobadirecto.com\/index.php\/wp-json\/wp\/v2\/comments?post=184661"}],"version-history":[{"count":0,"href":"http:\/\/cordobadirecto.com\/index.php\/wp-json\/wp\/v2\/posts\/184661\/revisions"}],"wp:featuredmedia":[{"embeddable":true,"href":"http:\/\/cordobadirecto.com\/index.php\/wp-json\/wp\/v2\/media\/184662"}],"wp:attachment":[{"href":"http:\/\/cordobadirecto.com\/index.php\/wp-json\/wp\/v2\/media?parent=184661"}],"wp:term":[{"taxonomy":"category","embeddable":true,"href":"http:\/\/cordobadirecto.com\/index.php\/wp-json\/wp\/v2\/categories?post=184661"},{"taxonomy":"post_tag","embeddable":true,"href":"http:\/\/cordobadirecto.com\/index.php\/wp-json\/wp\/v2\/tags?post=184661"}],"curies":[{"name":"wp","href":"https:\/\/api.w.org\/{rel}","templated":true}]}}