{"id":184663,"date":"2026-01-17T18:26:33","date_gmt":"2026-01-17T18:26:33","guid":{"rendered":"https:\/\/www.ole.com.ar\/autos\/video-suena-nuevo-motor-ferrari-temporada-2026-formula-1_0_7s4ZjUrJxC.html"},"modified":"2026-01-17T18:26:33","modified_gmt":"2026-01-17T18:26:33","slug":"video-asi-suena-el-nuevo-motor-ferrari-para-la-temporada-2026-de-la-formula-1","status":"publish","type":"post","link":"http:\/\/cordobadirecto.com\/index.php\/2026\/01\/17\/video-asi-suena-el-nuevo-motor-ferrari-para-la-temporada-2026-de-la-formula-1\/","title":{"rendered":"Video: as\u00ed suena el nuevo motor Ferrari para la temporada 2026 de la F\u00f3rmula 1"},"content":{"rendered":"<p><time class=\"createDate\" datetime=\"2026-01-17T15:26:33-03:00\">17\/01\/2026 15:26hs.<\/time><\/p>\n<div id=\"storyBody\">\n<div id=\"element-body-0\" class=\"sc-136cd478-0 ekTCfV\" readability=\"33.390243902439\">\n<p>Luego de que el 8 de enero se escuchara por primera vez el motor de Audi y de que el 19 hiciera lo propio <a href=\"https:\/\/www.ole.com.ar\/tema\/mercedes-benz.html\" title=\"Mercedes Benz\" alt=\"Mercedes Benz\" class=\"slug\">Mercedes<\/a> <strong>-propulsor que tambi\u00e9n llevar\u00e1 el <a href=\"https:\/\/www.ole.com.ar\/tema\/alpine.html\" title=\"Alpine\" alt=\"Alpine\" class=\"slug\">Alpine<\/a> de <a href=\"https:\/\/www.ole.com.ar\/tema\/franco-colapinto.html\" title=\"Franco Colapinto\" alt=\"Franco Colapinto\" class=\"slug\">Franco Colapinto<\/a>-,<\/strong> <strong>este viernes fue el turno de Ferrari.<\/strong> La Scuderia mostr\u00f3 en sus redes sociales el primer encendido de la unidad de potencia que impulsar\u00e1 al SF-26 en la temporada 2026 de la <strong><a href=\"https:\/\/www.ole.com.ar\/tema\/formula-1.html\" title=\"F\u00f3rmula 1\" alt=\"F\u00f3rmula 1\" class=\"slug\">F\u00f3rmula 1<\/a>,<\/strong> que est\u00e1 cada vez m\u00e1s cerca de comenzar.<\/p>\n<\/div>\n<div id=\"element-body-1\" class=\"sc-136cd478-0 ekTCfV\" readability=\"35.005434782609\">\n<p>Con <strong><a href=\"https:\/\/www.ole.com.ar\/tema\/lewis-hamilton.html\" title=\"Lewis Hamilton\" alt=\"Lewis Hamilton\" class=\"slug\">Lewis Hamilton<\/a><\/strong> y <strong><a href=\"https:\/\/www.ole.com.ar\/tema\/charles-leclerc.html\" title=\"Charles Leclerc\" alt=\"Charles Leclerc\" class=\"slug\"> Charles Leclerc<\/a><\/strong> bien atentos, el motor cobr\u00f3 vida dentro del auto que disputar\u00e1 el pr\u00f3ximo Mundial. <strong>En el video se ve poco y se escucha mucho:<\/strong> el monoplaza aparece cubierto, pero el rugir del propulsor alcanza para enviar un mensaje claro. El brit\u00e1nico grab\u00f3 la escena con su celular, mientras que el monegasco no le quit\u00f3 los ojos al coche.<\/p>\n<\/div>\n<div class=\"sc-e7b891c4-0 ifHnQL image-embed\" id=\"element-body-2\"><img alt=\"Luego de un flojo 2025 en Ferrari, Lewis Hamilton intentar\u00e1 volver a su mejor versi\u00f3n con el nuevo monoplaza. (EFE)\" loading=\"lazy\" width=\"720\" height=\"100\" decoding=\"async\" data-nimg=\"1\" src=\"http:\/\/cordobadirecto.com\/wp-content\/uploads\/2026\/01\/video-asi-suena-el-nuevo-motor-ferrari-para-la-temporada-2026-de-la-formula-1.jpg\"><span class=\"epigraphe\">Luego de un flojo 2025 en Ferrari, Lewis Hamilton intentar\u00e1 volver a su mejor versi\u00f3n con el nuevo monoplaza. (EFE)<\/span><\/div>\n<div id=\"element-body-3\" class=\"sc-136cd478-0 ekTCfV\" readability=\"35.397129186603\">\n<p><strong>La publicaci\u00f3n tambi\u00e9n sirvi\u00f3 para apagar los rumores <\/strong>que circulaban en Italia sobre un posible retraso en los trabajos de <strong> <a href=\"https:\/\/www.ole.com.ar\/tema\/ferrari.html\" title=\"Ferrari\" alt=\"Ferrari\" class=\"slug\">Ferrari<\/a> <\/strong>de cara al nuevo reglamento t\u00e9cnico que entrar\u00e1 en vigencia en 2026. Algunas versiones hablaban de complicaciones en los tiempos de dise\u00f1o y construcci\u00f3n tanto del auto como de la unidad de potencia, pero el encendido p\u00fablico funcion\u00f3 como una respuesta directa desde Maranello.<\/p>\n<\/div>\n<div id=\"element-body-4\" class=\"sc-136cd478-0 ekTCfV\" readability=\"39\">\n<p>Casi en simult\u00e1neo, <strong>el motor Ferrari tuvo su primera salida a pista oficial, aunque no en un SF-26.<\/strong> El que lo aceler\u00f3 fue <strong>Checo P\u00e9rez,<\/strong> a bordo de un <strong>Cadillac.<\/strong> El equipo estadounidense debutar\u00e1 en la F\u00f3rmula 1 esta temporada y utilizar\u00e1 impulsores del Cavallino en sus dos primeros campeonatos, mientras que para 2028 tiene previsto competir con unidades de potencia propias.<\/p>\n<\/div>\n<p><h2><strong>As\u00ed suena el nuevo motor Ferrari para la temporada 2026 de la F\u00f3rmula 1<\/strong><\/h2>\n<\/p>\n<div id=\"element-body-6\" class=\"sc-3c5a76cc-1 idjLTd\" readability=\"32\">\n<div class=\"sc-e8b2828-0 fBmEJc\" type=\"embed\">\n<div class=\"sc-e8b2828-1 iPLbWT videoText\" id=\"contentTitleembedyrccopWG\" type=\"embed\"><svg fill=\"#ffffff\"><symbol id=\"play\" viewBox=\"0 0 512 512\"><path d=\"M512 256C512 397.4 397.4 512 256 512C114.6 512 0 397.4 0 256C0 114.6 114.6 0 256 0C397.4 0 512 114.6 512 256zM176 168V344C176 352.7 180.7 360.7 188.3 364.9C195.8 369.2 205.1 369 212.5 364.5L356.5 276.5C363.6 272.1 368 264.4 368 256C368 247.6 363.6 239.9 356.5 235.5L212.5 147.5C205.1 142.1 195.8 142.8 188.3 147.1C180.7 151.3 176 159.3 176 168V168z\" \/><\/symbol><use xlink:href=\"#play\" \/><\/svg><\/p>\n<div class=\"right\">\n<p>F\u00f3rmula 1<!-- --> &#8211; <span>&nbsp;<\/span><\/p>\n<h2 class=\"title-vid\">El sonido del nuevo motor Ferrari para la temporada 2026 de la F\u00f3rmula 1<\/h2>\n<\/div>\n<\/div>\n<p><span class=\"back\" id=\"spanBackembedyrccopWG\"><\/span><\/div>\n<div class=\"JWvideoNota_title\" readability=\"9\">\n<p>La Scuderia mostr\u00f3 en sus redes sociales un video de c\u00f3mo suena su nuevo propulsor para la pr\u00f3xima campa\u00f1a de la M\u00e1xima, desde Maranello.<\/p>\n<\/div>\n<\/div>\n<div id=\"element-body-7\" class=\"sc-136cd478-0 ekTCfV\" readability=\"39\">\n<p><strong>Ferrari, en tanto, realizar\u00e1 la presentaci\u00f3n oficial de su auto 2026 el pr\u00f3ximo viernes y llevar\u00e1 a cabo un shakedown en el circuito de Fiorano<\/strong> antes de viajar a Circuit de Barcelona-Catalunya para los ensayos privados que se disputar\u00e1n del 26 al 30 de enero. De esos cinco d\u00edas, cada equipo podr\u00e1 girar en solo tres jornadas. Como el resto de la parrilla, <strong>Ferrari no llevar\u00e1 su auto definitivo a Montmel\u00f3 <\/strong>y utilizar\u00e1 esas salidas para evaluar rendimiento y conceptos antes de la pretemporada oficial.<\/p>\n<\/div>\n<div id=\"element-body-8\" class=\"sc-136cd478-0 ekTCfV\" readability=\"38\">\n<p><strong>La primera salida a pista oficial del SF-26 ser\u00e1 justamente en esos test privados de Catalu\u00f1a.<\/strong> Luego, habr\u00e1 dos instancias m\u00e1s de pruebas en Bahrein, del 11 al 13 y del 18 al 20 de febrero, antes del debut oficial en el Gran Premio de Australia, previsto para el 6 de marzo.<\/p>\n<\/div>\n<div id=\"element-body-9\" class=\"sc-a7166897-0 eoLsBE\" readability=\"31.5\">\n<section readability=\"3\"><picture><img alt=\"Las felicitaciones top de Colapinto para Luciano Benavides, campe\u00f3n en el Dakar 2026\" loading=\"lazy\" width=\"290\" height=\"290\" decoding=\"async\" data-nimg=\"1\" src=\"http:\/\/cordobadirecto.com\/wp-content\/uploads\/2026\/01\/video-asi-suena-el-nuevo-motor-ferrari-para-la-temporada-2026-de-la-formula-1-1.jpg\"><\/picture>\n<p><span>Mir\u00e1 tambi\u00e9n<\/span><\/p>\n<hr>\n<h3>Las felicitaciones top de Colapinto para Luciano Benavides, campe\u00f3n en el Dakar 2026<\/h3>\n<\/p>\n<\/section>\n<\/div>\n<div id=\"element-body-10\" class=\"sc-a7166897-0 eoLsBE\" readability=\"31\">\n<section readability=\"2\"><picture><img alt=\"Video y fotos de la consagraci\u00f3n de Luciano Benavides en el Dakar 2026\" loading=\"lazy\" width=\"290\" height=\"290\" decoding=\"async\" data-nimg=\"1\" src=\"http:\/\/cordobadirecto.com\/wp-content\/uploads\/2026\/01\/video-asi-suena-el-nuevo-motor-ferrari-para-la-temporada-2026-de-la-formula-1-2.jpg\"><\/picture>\n<p><span>Mir\u00e1 tambi\u00e9n<\/span><\/p>\n<hr>\n<h3>Video y fotos de la consagraci\u00f3n de Luciano Benavides en el Dakar 2026<\/h3>\n<\/p>\n<\/section>\n<\/div>\n<div id=\"element-body-11\" class=\"sc-a7166897-0 eoLsBE\" readability=\"31.5\">\n<section readability=\"3\"><picture><img alt=\"La historia de Luciano Benavides, el argentino campe\u00f3n en este Dakar 2026\" loading=\"lazy\" width=\"290\" height=\"290\" decoding=\"async\" data-nimg=\"1\" src=\"http:\/\/cordobadirecto.com\/wp-content\/uploads\/2026\/01\/video-asi-suena-el-nuevo-motor-ferrari-para-la-temporada-2026-de-la-formula-1-3.jpg\"><\/picture>\n<p><span>Mir\u00e1 tambi\u00e9n<\/span><\/p>\n<hr>\n<h3>La historia de Luciano Benavides, el argentino campe\u00f3n en este Dakar 2026<\/h3>\n<\/p>\n<\/section>\n<\/div>\n<\/div>\n","protected":false},"excerpt":{"rendered":"<p>17\/01\/2026 15:26hs. Luego de que el 8 de enero se escuchara por primera vez el motor de Audi y de que el 19 hiciera lo propio Mercedes -propulsor que tambi\u00e9n llevar\u00e1 el Alpine de Franco Colapinto-, este viernes fue el turno de Ferrari. La Scuderia mostr\u00f3 en sus redes sociales el primer encendido de la [&hellip;]<\/p>\n","protected":false},"author":1,"featured_media":184664,"comment_status":"closed","ping_status":"closed","sticky":false,"template":"","format":"standard","meta":[],"categories":[21],"tags":[],"_links":{"self":[{"href":"http:\/\/cordobadirecto.com\/index.php\/wp-json\/wp\/v2\/posts\/184663"}],"collection":[{"href":"http:\/\/cordobadirecto.com\/index.php\/wp-json\/wp\/v2\/posts"}],"about":[{"href":"http:\/\/cordobadirecto.com\/index.php\/wp-json\/wp\/v2\/types\/post"}],"author":[{"embeddable":true,"href":"http:\/\/cordobadirecto.com\/index.php\/wp-json\/wp\/v2\/users\/1"}],"replies":[{"embeddable":true,"href":"http:\/\/cordobadirecto.com\/index.php\/wp-json\/wp\/v2\/comments?post=184663"}],"version-history":[{"count":0,"href":"http:\/\/cordobadirecto.com\/index.php\/wp-json\/wp\/v2\/posts\/184663\/revisions"}],"wp:featuredmedia":[{"embeddable":true,"href":"http:\/\/cordobadirecto.com\/index.php\/wp-json\/wp\/v2\/media\/184664"}],"wp:attachment":[{"href":"http:\/\/cordobadirecto.com\/index.php\/wp-json\/wp\/v2\/media?parent=184663"}],"wp:term":[{"taxonomy":"category","embeddable":true,"href":"http:\/\/cordobadirecto.com\/index.php\/wp-json\/wp\/v2\/categories?post=184663"},{"taxonomy":"post_tag","embeddable":true,"href":"http:\/\/cordobadirecto.com\/index.php\/wp-json\/wp\/v2\/tags?post=184663"}],"curies":[{"name":"wp","href":"https:\/\/api.w.org\/{rel}","templated":true}]}}