{"id":184665,"date":"2026-01-17T21:13:26","date_gmt":"2026-01-17T21:13:26","guid":{"rendered":"https:\/\/www.ole.com.ar\/futbol-ascenso\/ascenso-primera-nacional-boca-colegiales_0_JGqHDnxZ72.html"},"modified":"2026-01-17T21:13:26","modified_gmt":"2026-01-17T21:13:26","slug":"salio-de-boca-jugo-en-espana-e-italia-y-llega-a-la-primera-nacional","status":"publish","type":"post","link":"http:\/\/cordobadirecto.com\/index.php\/2026\/01\/17\/salio-de-boca-jugo-en-espana-e-italia-y-llega-a-la-primera-nacional\/","title":{"rendered":"Sali\u00f3 de Boca, jug\u00f3 en Espa\u00f1a e Italia y llega a la Primera Nacional"},"content":{"rendered":"<p><time class=\"createDate\" datetime=\"2026-01-16T19:40:17-03:00\">16\/01\/2026 19:40hs.<\/time><\/p>\n<div id=\"storyBody\">\n<div id=\"element-body-0\" class=\"sc-136cd478-0 ekTCfV\" readability=\"38.577777777778\">\n<p><strong>No cabe ninguna duda de que el 2025 de <a href=\"https:\/\/www.ole.com.ar\/tema\/colegiales.html\" title=\"Colegiales\" alt=\"Colegiales\" class=\"slug\">Colegiales<\/a> fue hist\u00f3rico.<\/strong> La <strong>vuelta del Tricolor a la segunda categor\u00eda del f\u00fatbol argentino despu\u00e9s de 69 a\u00f1os<\/strong> quedar\u00e1 en los libros. Pero la frutilla del postre fue que, en un a\u00f1o donde desde la CD apuntaban a mantener la categor\u00eda, <strong>el equipo qued\u00f3 a un solo punto de ingresar al Reducido<\/strong>. El presidente del club fue claro de cara a 2026: &#8221; <strong>No podemos relajarnos, pero podemos aspirar a meternos entre los primeros ocho<\/strong>&#8220;. Y para conseguir eso, el club sali\u00f3 con todo al mercado de pases, <strong>incorpor\u00f3 17 jugadores<\/strong> y en las \u00faltimas horas abroch\u00f3 a uno con <strong>pasado europeo<\/strong>. <strong><a href=\"https:\/\/www.ole.com.ar\/tema\/emanuel-insua.html\" title=\"Emanuel Ins\u00faa\" alt=\"Emanuel Ins\u00faa\" class=\"slug\">Emanuel Ins\u00faa<\/a> es nuevo refuerzo del equipo de Munro<\/strong>.<\/p>\n<\/div>\n<div id=\"element-body-1\" class=\"sc-136cd478-0 ekTCfV\" readability=\"38\">\n<p>El equipo de Fern\u00e1ndez, no solo suma un jugador que <strong> supo vestir la casaca de dos grandes del f\u00fatbol argentino,<\/strong> sino uno que estuvo durante <strong>varias temporadas jugando en el f\u00fatbol europeo<\/strong>. <strong>El defensor de 34 a\u00f1os firm\u00f3 con Cole hasta el 31 de diciembre de este mismo a\u00f1o<\/strong>, para intentar alcanzar los mata-mata que se le negaron en 2025.<\/p>\n<\/div>\n<p><h2>Una carrera con nombres importantes<\/h2>\n<\/p>\n<div id=\"element-body-3\" class=\"sc-136cd478-0 ekTCfV\" readability=\"36.255737704918\">\n<p>Va a ser la <strong>primera experiencia del Bisonte en la segunda categor\u00eda del f\u00fatbol argentino<\/strong>. <strong>Surgido de <a href=\"https:\/\/www.ole.com.ar\/tema\/boca-juniors.html\" title=\"Boca Juniors\" alt=\"Boca Juniors\" class=\"slug\">Boca<\/a> <\/strong>en la temporada del 2011\/12, sin mucho lugar se fue cedido a <a href=\"https:\/\/www.ole.com.ar\/tema\/godoy-cruz.html\" title=\"Godoy Cruz\" alt=\"Godoy Cruz\" class=\"slug\">Godoy Cruz<\/a>. Al cabo de un a\u00f1o en el Tomba, regres\u00f3 al Xeneize y <strong>fue importante en 2013 y 2014, jugando m\u00e1s de 40 encuentros en total. <\/strong><\/p>\n<\/div>\n<div class=\"sc-e7b891c4-0 ifHnQL image-embed\" id=\"element-body-4\"><img alt=\"El defensor surgi\u00f3 del Xeneize.\" loading=\"lazy\" width=\"720\" height=\"100\" decoding=\"async\" data-nimg=\"1\" src=\"http:\/\/cordobadirecto.com\/wp-content\/uploads\/2026\/01\/salio-de-boca-jugo-en-espana-e-italia-y-llega-a-la-primera-nacional.jpg\"><span class=\"epigraphe\">El defensor surgi\u00f3 del Xeneize.<\/span><\/div>\n<div id=\"element-body-5\" class=\"sc-136cd478-0 ekTCfV\" readability=\"35.327217125382\">\n<p>Ese protagonismo en el Xeneize le permiti\u00f3 <strong>emigrar a Europa<\/strong>, luego de que <strong>el <a href=\"https:\/\/www.ole.com.ar\/tema\/granada.html\" title=\"Granada\" alt=\"Granada\" class=\"slug\">Granada<\/a> compre su ficha<\/strong>. 12 partidos \u00fanicamente disput\u00f3 en el club espa\u00f1ol y <strong> se fue al <a href=\"https:\/\/www.ole.com.ar\/tema\/udinese.html\" title=\"udinese\" alt=\"udinese\" class=\"slug\">Udinese<\/a><\/strong>. Tras jugar solamente un partido en el norte de Italia, <strong>regres\u00f3 al pa\u00eds luego de dos a\u00f1os en el exterior<\/strong>, y en 2016 firm\u00f3 en <a href=\"https:\/\/www.ole.com.ar\/tema\/newell-s.html\" title=\"Newell's\" alt=\"Newell's\" class=\"slug\">Newell\u00b4s<\/a> a pr\u00e9stamo.<\/p>\n<\/div>\n<div id=\"element-body-6\" class=\"sc-136cd478-0 ekTCfV\" readability=\"34.419047619048\">\n<p><strong><a href=\"https:\/\/www.ole.com.ar\/tema\/racing.html\" title=\"Racing\" alt=\"Racing\" class=\"slug\">Racing<\/a> tambi\u00e9n adquiri\u00f3 sus derechos<\/strong> como jugador cedido en 2016\/17. Despu\u00e9s de eso, <strong>llegar\u00eda a Grecia<\/strong>, <strong>donde vivir\u00eda sus mejores a\u00f1os en el Viejo Continente<\/strong>. Durante <strong>cuatro a\u00f1os<\/strong>, pas\u00f3 por el <strong><a href=\"https:\/\/www.ole.com.ar\/tema\/panathinaikos.html\" title=\"Panathinaikos\" alt=\"Panathinaikos\" class=\"slug\">Panathinaikos<\/a> y el <a href=\"https:\/\/www.ole.com.ar\/tema\/aek-atenas.html\" title=\"AEK Atenas\" alt=\"AEK Atenas\" class=\"slug\">AEK Atenas<\/a><\/strong> y reci\u00e9n regresar\u00eda al f\u00fatbol que lo vio crecer en 2021, cuando lleg\u00f3 a <a href=\"https:\/\/www.ole.com.ar\/tema\/aldosivi.html\" title=\"Aldosivi\" alt=\"Aldosivi\" class=\"slug\">Aldosivi<\/a>. <\/p>\n<\/div>\n<div id=\"element-body-7\" class=\"sc-136cd478-0 ekTCfV\" readability=\"34.770538243626\">\n<p><strong><a href=\"https:\/\/www.ole.com.ar\/tema\/velez.html\" title=\"V\u00e9lez\" alt=\"V\u00e9lez\" class=\"slug\">V\u00e9lez<\/a> y <a href=\"https:\/\/www.ole.com.ar\/tema\/banfield.html\" title=\"Banfield\" alt=\"Banfield\" class=\"slug\">Banfield<\/a> ser\u00edan los \u00faltimos clubes en Argentina que tendr\u00edan a Ins\u00faa en sus filas<\/strong>. Durante <strong>2025, volvi\u00f3 a Europa<\/strong> pero no a la Primera Divisi\u00f3n. <strong>Milit\u00f3 en el Racing de Ferrol de la tercera espa\u00f1ola y en la segunda de Grecia, en el Kallithea<\/strong>. Ahora el defensor se pondr\u00e1 los colores de Colegiales, por primera vez en la <a href=\"https:\/\/www.ole.com.ar\/tema\/primera-nacional.html\" title=\"Primera Nacional\" alt=\"Primera Nacional\" class=\"slug\">Primera Nacional<\/a>.<\/p>\n<\/div>\n<div class=\"sc-e7b891c4-0 ifHnQL image-embed\" id=\"element-body-8\"><img alt=\"Ins\u00faa en su paso por Aldosivi. (Prensa CAA).\" loading=\"lazy\" width=\"720\" height=\"100\" decoding=\"async\" data-nimg=\"1\" src=\"http:\/\/cordobadirecto.com\/wp-content\/uploads\/2026\/01\/salio-de-boca-jugo-en-espana-e-italia-y-llega-a-la-primera-nacional-1.jpg\"><span class=\"epigraphe\">Ins\u00faa en su paso por Aldosivi. (Prensa CAA).<\/span><\/div>\n<p><h3>El mercado de pases en Munro<\/h3>\n<\/p>\n<div id=\"element-body-10\" class=\"sc-136cd478-0 ekTCfV\" readability=\"52\">\n<p><strong>ALTAS: <\/strong>Mauro Albertengo, Leonel Ortiz, Mateo Mamani, Ignacio Buenrostro, Tom\u00e1s Buenrostro, Fernando Miranda, Gustavo Calderari , Leonardo Gonz\u00e1lez, Gonzalo Baglivo, Facundo River, Lucas Ju\u00e1rez, Alejandro Chiavetto, Nicol\u00e1s Toloza, Enzo Trinidad, Augusto Alcorcel, Lucas Ricciotti, Ezequiel Aguirr, Emanuel Ins\u00faa.<\/p>\n<\/div>\n<div id=\"element-body-11\" class=\"sc-136cd478-0 ekTCfV\" readability=\"58\">\n<p><strong>BAJAS: <\/strong>Andr\u00e9s Lioi, Mat\u00edas Ferreira, Mart\u00edn Rodr\u00edguez, Valentin Robaldo, Francisco Salerno, Juan Mart\u00edn Rojas, Bahiano Garc\u00eda, Mauricio Bermejo, Juan Pablo L\u00f3pez, Andr\u00e9s R\u00edos, Fernando Di Massimo, Mauricio Camargo, Ian Rasso, Leonel Duarte, Iv\u00e1n Fern\u00e1ndez, David Muller, Joaqu\u00edn Cancio, Nicol\u00e1s \u00c1lvarez, Sebasti\u00e1n Silguero, Lucas Gim\u00e9nez, Nicol\u00e1s Franco, \u00c1lvaro Mar\u00edn, Brian Romero, Santiago Strasorier.<\/p>\n<\/div>\n<div id=\"element-body-12\" class=\"sc-a7166897-0 eoLsBE\" readability=\"32\">\n<section readability=\"4\"><picture><img alt=\"Fue el h\u00e9roe de River en un Supercl\u00e1sico de Reserva, no es tenido en cuenta por Gallardo y jugar\u00e1 en el Ascenso\" loading=\"lazy\" width=\"290\" height=\"290\" decoding=\"async\" data-nimg=\"1\" src=\"http:\/\/cordobadirecto.com\/wp-content\/uploads\/2026\/01\/salio-de-boca-jugo-en-espana-e-italia-y-llega-a-la-primera-nacional-2.jpg\"><\/picture>\n<p><span>Mir\u00e1 tambi\u00e9n<\/span><\/p>\n<hr>\n<h3>Fue el h\u00e9roe de River en un Supercl\u00e1sico de Reserva, no es tenido en cuenta por Gallardo y jugar\u00e1 en el Ascenso<\/h3>\n<\/p>\n<\/section>\n<\/div>\n<div id=\"element-body-13\" class=\"sc-a7166897-0 eoLsBE\" readability=\"31\">\n<section readability=\"2\"><picture><img alt=\"Los equipos del Ascenso que jugar\u00e1n en Primera Divisi\u00f3n en el torneo de la Reserva \" loading=\"lazy\" width=\"290\" height=\"290\" decoding=\"async\" data-nimg=\"1\" src=\"http:\/\/cordobadirecto.com\/wp-content\/uploads\/2026\/01\/salio-de-boca-jugo-en-espana-e-italia-y-llega-a-la-primera-nacional-3.jpg\"><\/picture>\n<p><span>Mir\u00e1 tambi\u00e9n<\/span><\/p>\n<hr>\n<h3>Los equipos del Ascenso que jugar\u00e1n en Primera Divisi\u00f3n en el torneo de la Reserva <\/h3>\n<\/p>\n<\/section>\n<\/div>\n<\/div>\n","protected":false},"excerpt":{"rendered":"<p>16\/01\/2026 19:40hs. No cabe ninguna duda de que el 2025 de Colegiales fue hist\u00f3rico. La vuelta del Tricolor a la segunda categor\u00eda del f\u00fatbol argentino despu\u00e9s de 69 a\u00f1os quedar\u00e1 en los libros. Pero la frutilla del postre fue que, en un a\u00f1o donde desde la CD apuntaban a mantener la categor\u00eda, el equipo qued\u00f3 [&hellip;]<\/p>\n","protected":false},"author":1,"featured_media":184666,"comment_status":"closed","ping_status":"closed","sticky":false,"template":"","format":"standard","meta":[],"categories":[21],"tags":[],"_links":{"self":[{"href":"http:\/\/cordobadirecto.com\/index.php\/wp-json\/wp\/v2\/posts\/184665"}],"collection":[{"href":"http:\/\/cordobadirecto.com\/index.php\/wp-json\/wp\/v2\/posts"}],"about":[{"href":"http:\/\/cordobadirecto.com\/index.php\/wp-json\/wp\/v2\/types\/post"}],"author":[{"embeddable":true,"href":"http:\/\/cordobadirecto.com\/index.php\/wp-json\/wp\/v2\/users\/1"}],"replies":[{"embeddable":true,"href":"http:\/\/cordobadirecto.com\/index.php\/wp-json\/wp\/v2\/comments?post=184665"}],"version-history":[{"count":0,"href":"http:\/\/cordobadirecto.com\/index.php\/wp-json\/wp\/v2\/posts\/184665\/revisions"}],"wp:featuredmedia":[{"embeddable":true,"href":"http:\/\/cordobadirecto.com\/index.php\/wp-json\/wp\/v2\/media\/184666"}],"wp:attachment":[{"href":"http:\/\/cordobadirecto.com\/index.php\/wp-json\/wp\/v2\/media?parent=184665"}],"wp:term":[{"taxonomy":"category","embeddable":true,"href":"http:\/\/cordobadirecto.com\/index.php\/wp-json\/wp\/v2\/categories?post=184665"},{"taxonomy":"post_tag","embeddable":true,"href":"http:\/\/cordobadirecto.com\/index.php\/wp-json\/wp\/v2\/tags?post=184665"}],"curies":[{"name":"wp","href":"https:\/\/api.w.org\/{rel}","templated":true}]}}