{"id":184669,"date":"2025-12-04T19:44:26","date_gmt":"2025-12-04T19:44:26","guid":{"rendered":"https:\/\/es.digitaltrends.com\/?p=1085227"},"modified":"2025-12-04T19:44:26","modified_gmt":"2025-12-04T19:44:26","slug":"meta-le-baja-el-pulgar-al-metaverso-y-zuckerberg-sufre-gran-derrota","status":"publish","type":"post","link":"http:\/\/cordobadirecto.com\/index.php\/2025\/12\/04\/meta-le-baja-el-pulgar-al-metaverso-y-zuckerberg-sufre-gran-derrota\/","title":{"rendered":"Meta le baja el pulgar al metaverso y Zuckerberg sufre gran derrota"},"content":{"rendered":"<div><img src=\"http:\/\/cordobadirecto.com\/wp-content\/uploads\/2026\/01\/meta-le-baja-el-pulgar-al-metaverso-y-zuckerberg-sufre-gran-derrota.jpg\" class=\"ff-og-image-inserted\"><\/div>\n<p>La compa\u00f1\u00eda <a href=\"https:\/\/es.digitaltrends.com\/noticias\/que-hablo-mark-zuckerberg-en-su-reunion-secreta-con-sus-empleados-de-meta\/\" rel><strong>Meta<\/strong><\/a> ha anunciado planes para realizar un recorte dr\u00e1stico en la financiaci\u00f3n destinada al desarrollo de su visi\u00f3n del <strong>metaverso<\/strong>, con reducciones que podr\u00edan alcanzar hasta el 30 por ciento de los presupuestos asignados a esta divisi\u00f3n durante 2026. Esta decisi\u00f3n forma parte de una estrategia m\u00e1s amplia de optimizaci\u00f3n de gastos corporativos que incluye un recorte general del 10 por ciento en todos los departamentos.\u200b<\/p>\n<p>La reducci\u00f3n presupuestaria refleja la realidad del mercado: los proyectos de realidad virtual como Horizon Worlds no han generado la adopci\u00f3n de usuarios esperada, y el inter\u00e9s por las experiencias virtuales inmersivas permanece significativamente por debajo de las proyecciones originales.<\/p>\n<div class=\"b-connatix b-connatix--video\" id=\"dt-cnx-container-696bfb7b099cd\">\n<div class=\"b-connatix__label \">Recommended Videos<\/div>\n<div class=\"b-connatix__container\"> <\/div><\/div>\n<p> Reality Labs, la divisi\u00f3n responsable del desarrollo del metaverso y de dispositivos como Meta Quest, as\u00ed como otros productos de realidad extendida, ser\u00e1 la m\u00e1s afectada por esta reestructuraci\u00f3n. Los cambios podr\u00edan incluir reducciones de personal comenzando en enero de 2026, aunque a\u00fan no existe confirmaci\u00f3n oficial.\u200b<\/p>\n<div class=\"dtads-location dtads-content dtads-desktop\" data-location=\"content\"><\/div>\n<p>Paralelamente, Meta ha intensificado sus inversiones en inteligencia artificial generativa, reorientando recursos significativos hacia la integraci\u00f3n de capacidades de IA en sus plataformas principales. <a href=\"https:\/\/es.digitaltrends.com\/tendencias\/mark-zuckerberg-contra-apple\/\" rel><strong>Mark Zuckerberg<\/strong><\/a> ha establecido como objetivo prioritario el desarrollo de sistemas de superinteligencia artificial, desplazando la creaci\u00f3n del metaverso de su posici\u00f3n como prioridad estrat\u00e9gica.<\/p>\n<h2 class=\"wp-block-heading\">Por qu\u00e9 es una derrota personal para Mark Zuckerberg<\/h2>\n<p>Cuando Mark Zuckerberg anunci\u00f3 en octubre de 2021 el cambio de nombre de Facebook a Meta, no se trataba simplemente de una reorientaci\u00f3n corporativa. En su carta fundacional, Zuckerberg present\u00f3 el metaverso como su propia visi\u00f3n del futuro de la tecnolog\u00eda e internet, comparable al surgimiento de las redes sociales. \u00abEstamos al comienzo del pr\u00f3ximo cap\u00edtulo para Internet, y tambi\u00e9n es el pr\u00f3ximo cap\u00edtulo para nuestra empresa\u00bb, escribi\u00f3 en la ocasi\u00f3n. Su lenguaje no reflejaba una estrategia empresarial convencional, sino una convicci\u00f3n personal sobre hacia d\u00f3nde deber\u00eda dirigirse la tecnolog\u00eda en las pr\u00f3ximas d\u00e9cadas.\u200b<\/p>\n<div class=\"dtads-location dtads-content dtads-tablet\" data-location=\"content\"><\/div>\n<p>El CEO fue particularmente expl\u00edcito en sus aspiraciones. \u00abEspero que con el tiempo nuestra empresa sea vista como una empresa de metaverso\u00bb, declar\u00f3, y describi\u00f3 la experiencia inmersiva como \u00abla m\u00e1xima promesa de la tecnolog\u00eda: estar junto a cualquiera y poder teletransportarse a cualquier lugar\u00bb. Esta declaraci\u00f3n personal transform\u00f3 la apuesta del metaverso en algo \u00edntimamente vinculado a su identidad como visionario tecnol\u00f3gico.<strong> El cambio de nombre de la compa\u00f1\u00eda misma\u2014renombrando la instituci\u00f3n m\u00e1s emblem\u00e1tica de su legado\u2014fue una demostraci\u00f3n de confianza en que esta era la direcci\u00f3n correcta para el futuro.<\/strong><\/p>\n","protected":false},"excerpt":{"rendered":"<p>La compa\u00f1\u00eda Meta ha anunciado planes para realizar un recorte dr\u00e1stico en la financiaci\u00f3n destinada al desarrollo de su visi\u00f3n del metaverso, con reducciones que podr\u00edan alcanzar hasta el 30 por ciento de los presupuestos asignados a esta divisi\u00f3n durante 2026. Esta decisi\u00f3n forma parte de una estrategia m\u00e1s amplia de optimizaci\u00f3n de gastos corporativos [&hellip;]<\/p>\n","protected":false},"author":1,"featured_media":184670,"comment_status":"closed","ping_status":"closed","sticky":false,"template":"","format":"standard","meta":[],"categories":[26],"tags":[],"_links":{"self":[{"href":"http:\/\/cordobadirecto.com\/index.php\/wp-json\/wp\/v2\/posts\/184669"}],"collection":[{"href":"http:\/\/cordobadirecto.com\/index.php\/wp-json\/wp\/v2\/posts"}],"about":[{"href":"http:\/\/cordobadirecto.com\/index.php\/wp-json\/wp\/v2\/types\/post"}],"author":[{"embeddable":true,"href":"http:\/\/cordobadirecto.com\/index.php\/wp-json\/wp\/v2\/users\/1"}],"replies":[{"embeddable":true,"href":"http:\/\/cordobadirecto.com\/index.php\/wp-json\/wp\/v2\/comments?post=184669"}],"version-history":[{"count":0,"href":"http:\/\/cordobadirecto.com\/index.php\/wp-json\/wp\/v2\/posts\/184669\/revisions"}],"wp:featuredmedia":[{"embeddable":true,"href":"http:\/\/cordobadirecto.com\/index.php\/wp-json\/wp\/v2\/media\/184670"}],"wp:attachment":[{"href":"http:\/\/cordobadirecto.com\/index.php\/wp-json\/wp\/v2\/media?parent=184669"}],"wp:term":[{"taxonomy":"category","embeddable":true,"href":"http:\/\/cordobadirecto.com\/index.php\/wp-json\/wp\/v2\/categories?post=184669"},{"taxonomy":"post_tag","embeddable":true,"href":"http:\/\/cordobadirecto.com\/index.php\/wp-json\/wp\/v2\/tags?post=184669"}],"curies":[{"name":"wp","href":"https:\/\/api.w.org\/{rel}","templated":true}]}}