{"id":184687,"date":"2026-01-15T16:57:35","date_gmt":"2026-01-15T16:57:35","guid":{"rendered":"https:\/\/cordoba.gob.ar\/?p=84834"},"modified":"2026-01-15T16:57:35","modified_gmt":"2026-01-15T16:57:35","slug":"este-sabado-llega-una-jornada-llena-de-folklore-argentino-danza-y-musica-en-vivo-en-el-cabildo","status":"publish","type":"post","link":"http:\/\/cordobadirecto.com\/index.php\/2026\/01\/15\/este-sabado-llega-una-jornada-llena-de-folklore-argentino-danza-y-musica-en-vivo-en-el-cabildo\/","title":{"rendered":"Este s\u00e1bado llega una jornada llena de Folklore Argentino: danza y m\u00fasica en vivo en el Cabildo"},"content":{"rendered":"<div><img src=\"http:\/\/cordobadirecto.com\/wp-content\/uploads\/2026\/01\/este-sabado-llega-una-jornada-llena-de-folklore-argentino-danza-y-musica-en-vivo-en-el-cabildo.jpg\" class=\"ff-og-image-inserted\"><\/div>\n<ul>\n<li data-prosemirror-content-type=\"node\" data-prosemirror-node-name=\"paragraph\" data-prosemirror-node-block=\"true\"><strong>Ser\u00e1 a partir de las 18:30, con m\u00fasica en vivo a cargo de Jos\u00e9 Baltazar Arga\u00f1araz y la participaci\u00f3n de academias, ballets y artistas folkl\u00f3ricos locales.<\/strong><\/li>\n<li data-prosemirror-content-type=\"node\" data-prosemirror-node-name=\"paragraph\" data-prosemirror-node-block=\"true\"><strong><strong>Se encuentra abierta la convocatoria para formar parte de las pr\u00f3ximas fechas del ciclo que se realizar\u00e1 durante todo el a\u00f1o.<\/strong><\/strong><br \/>\n<hr>\n<\/li>\n<\/ul>\n<p data-prosemirror-content-type=\"node\" data-prosemirror-node-name=\"paragraph\" data-prosemirror-node-block=\"true\">Este s\u00e1bado 17, a partir de las 18:30, el Cabildo de la Ciudad de C\u00f3rdoba ser\u00e1 escenario de una nueva edici\u00f3n de las Jornadas de Folklore Argentino, una propuesta que re\u00fane a academias, ballets, m\u00fasicos y cantantes para celebrar las danzas y ritmos tradicionales en un espacio patrimonial emblem\u00e1tico de la ciudad.<\/p>\n<p data-prosemirror-content-type=\"node\" data-prosemirror-node-name=\"paragraph\" data-prosemirror-node-block=\"true\">La entrada es libre y gratuita.<\/p>\n<p data-prosemirror-content-type=\"node\" data-prosemirror-node-name=\"paragraph\" data-prosemirror-node-block=\"true\">La propuesta contar\u00e1 con folklore en vivo de la mano de Jos\u00e9 Baltazar Arga\u00f1araz y la participaci\u00f3n de destacadas academias y elencos de danza.<\/p>\n<p data-prosemirror-content-type=\"node\" data-prosemirror-node-name=\"paragraph\" data-prosemirror-node-block=\"true\">Entre ellos, estar\u00e1n presentes la Academia Brisas del Sur del barrio Los Sauces; la Academia Amigos y Folklore de Malague\u00f1o; el Ballet y Academia El Pampero, dirigido por el profesor Daniel \u201cCholo\u201d Aguilar, de Jes\u00fas Mar\u00eda; el Ballet Viene Clareando, a cargo de la profesora Mar\u00eda Jos\u00e9 Varela; y la participaci\u00f3n de parejas y cuadros que pondr\u00e1n en escena zambas, chacareras y gatos.<\/p>\n<p data-prosemirror-content-type=\"node\" data-prosemirror-node-name=\"paragraph\" data-prosemirror-node-block=\"true\">La propuesta art\u00edstica se completa con las presentaciones musicales de Alexis Nieto y Quimey Videla, Santiago Borettini y Alma Milenaria. La locuci\u00f3n estar\u00e1 a cargo de Marisa Cieri y Beto Quinteros, de Radio La Ranchada, acompa\u00f1ando el desarrollo de la jornada.<\/p>\n<p data-prosemirror-content-type=\"node\" data-prosemirror-node-name=\"paragraph\" data-prosemirror-node-block=\"true\"><strong data-prosemirror-content-type=\"mark\" data-prosemirror-mark-name=\"strong\">Sobre las Jornadas de Folklore Argentino<\/strong><\/p>\n<p data-prosemirror-content-type=\"node\" data-prosemirror-node-name=\"paragraph\" data-prosemirror-node-block=\"true\">Son impulsadas por la Municipalidad de C\u00f3rdoba y buscan generar un espacio de encuentro, intercambio y visibilizaci\u00f3n para la danza folkl\u00f3rica, fortaleciendo el v\u00ednculo entre las expresiones culturales tradicionales y la comunidad.<\/p>\n<p data-prosemirror-content-type=\"node\" data-prosemirror-node-name=\"paragraph\" data-prosemirror-node-block=\"true\"><strong data-prosemirror-content-type=\"mark\" data-prosemirror-mark-name=\"strong\">Convocatoria abierta para academias, escuelas y elencos de danza folkl\u00f3rica<\/strong><\/p>\n<p data-prosemirror-content-type=\"node\" data-prosemirror-node-name=\"paragraph\" data-prosemirror-node-block=\"true\">Contin\u00faa abierta la convocatoria para qui\u00e9nes deseen participar de las pr\u00f3ximas fechas del ciclo, que se desarrollar\u00e1n a lo largo del a\u00f1o.<\/p>\n<p data-prosemirror-content-type=\"node\" data-prosemirror-node-name=\"paragraph\" data-prosemirror-node-block=\"true\">Las inscripciones se realizan v\u00eda WhatsApp al +54 351 383 4882, donde tambi\u00e9n se encuentra habilitada la inscripci\u00f3n al Concurso Pareja Ganadora, una instancia competitiva abierta a parejas que quieran mostrar su trabajo art\u00edstico.<\/p>\n","protected":false},"excerpt":{"rendered":"<p>Ser\u00e1 a partir de las 18:30, con m\u00fasica en vivo a cargo de Jos\u00e9 Baltazar Arga\u00f1araz y la participaci\u00f3n de academias, ballets y artistas folkl\u00f3ricos locales. Se encuentra abierta la convocatoria para formar parte de las pr\u00f3ximas fechas del ciclo que se realizar\u00e1 durante todo el a\u00f1o. Este s\u00e1bado 17, a partir de las 18:30, [&hellip;]<\/p>\n","protected":false},"author":1,"featured_media":184688,"comment_status":"closed","ping_status":"closed","sticky":false,"template":"","format":"standard","meta":[],"categories":[44],"tags":[],"_links":{"self":[{"href":"http:\/\/cordobadirecto.com\/index.php\/wp-json\/wp\/v2\/posts\/184687"}],"collection":[{"href":"http:\/\/cordobadirecto.com\/index.php\/wp-json\/wp\/v2\/posts"}],"about":[{"href":"http:\/\/cordobadirecto.com\/index.php\/wp-json\/wp\/v2\/types\/post"}],"author":[{"embeddable":true,"href":"http:\/\/cordobadirecto.com\/index.php\/wp-json\/wp\/v2\/users\/1"}],"replies":[{"embeddable":true,"href":"http:\/\/cordobadirecto.com\/index.php\/wp-json\/wp\/v2\/comments?post=184687"}],"version-history":[{"count":0,"href":"http:\/\/cordobadirecto.com\/index.php\/wp-json\/wp\/v2\/posts\/184687\/revisions"}],"wp:featuredmedia":[{"embeddable":true,"href":"http:\/\/cordobadirecto.com\/index.php\/wp-json\/wp\/v2\/media\/184688"}],"wp:attachment":[{"href":"http:\/\/cordobadirecto.com\/index.php\/wp-json\/wp\/v2\/media?parent=184687"}],"wp:term":[{"taxonomy":"category","embeddable":true,"href":"http:\/\/cordobadirecto.com\/index.php\/wp-json\/wp\/v2\/categories?post=184687"},{"taxonomy":"post_tag","embeddable":true,"href":"http:\/\/cordobadirecto.com\/index.php\/wp-json\/wp\/v2\/tags?post=184687"}],"curies":[{"name":"wp","href":"https:\/\/api.w.org\/{rel}","templated":true}]}}