{"id":184749,"date":"2026-01-18T20:42:48","date_gmt":"2026-01-18T20:42:48","guid":{"rendered":"https:\/\/www.ole.com.ar\/autos\/mattia-colnaghi-argentino-elegido-talentos-prometedores-llegar-formula-1_0_R5ysJCAZca.html"},"modified":"2026-01-18T20:42:48","modified_gmt":"2026-01-18T20:42:48","slug":"un-argentino-fue-elegido-entre-los-talentos-mas-prometedores-para-llegar-a-la-formula-1","status":"publish","type":"post","link":"http:\/\/cordobadirecto.com\/index.php\/2026\/01\/18\/un-argentino-fue-elegido-entre-los-talentos-mas-prometedores-para-llegar-a-la-formula-1\/","title":{"rendered":"Un argentino fue elegido entre los talentos m\u00e1s prometedores para llegar a la F\u00f3rmula 1"},"content":{"rendered":"<p><time class=\"createDate\" datetime=\"2026-01-18T17:42:48-03:00\">18\/01\/2026 17:42hs.<\/time><\/p>\n<div id=\"storyBody\">\n<div id=\"element-body-0\" class=\"sc-136cd478-0 ekTCfV\" readability=\"38.222222222222\">\n<p>Mientras los hinchas esperan a que Alpine destape el A526, que se conocer\u00e1 el viernes 23, y a que <strong><a href=\"https:\/\/www.ole.com.ar\/tema\/franco-colapinto.html\" title=\"Franco Colapinto\" alt=\"Franco Colapinto\" class=\"slug\">Franco Colapinto<\/a><\/strong> regrese a la pista el lunes 26, los otros argentinos que est\u00e1n rumbeados hacia la <a href=\"https:\/\/www.ole.com.ar\/tema\/formula-1.html\" title=\"F\u00f3rmula 1\" alt=\"F\u00f3rmula 1\" class=\"slug\">F\u00f3rmula 1<\/a> siguen haciendo ruido. <strong><a href=\"https:\/\/www.ole.com.ar\/tema\/nicolas-varrone.html\" title=\"Nicol\u00e1s Varrone\" alt=\"Nicol\u00e1s Varrone\" class=\"slug\">Nicol\u00e1s Varrone<\/a><\/strong>, quien har\u00e1 su primera aparici\u00f3n en la F\u00f3rmula 2, estuvo girando y prepar\u00e1ndose para las 24 Horas de Daytona, mientras que <strong><a href=\"https:\/\/www.ole.com.ar\/tema\/mattia-colnaghi.html\" title=\"Mattia Colnaghi\" alt=\"Mattia Colnaghi\" class=\"slug\">Mattia Colnaghi<\/a><\/strong>, de cara a su primera temporada en la F\u00f3rmula 3, fue marcado por la M\u00e1xima como <strong>uno de los talentos m\u00e1s prometedores<\/strong>.<\/p>\n<\/div>\n<div id=\"element-body-1\" class=\"sc-136cd478-0 ekTCfV\" readability=\"34.853273137698\">\n<p>En el sitio oficial de la categor\u00eda se public\u00f3 una nota con el t\u00edtulo: <strong>&#8220;NEXT GEN: 20 de los talentos emergentes m\u00e1s prometedores en el camino a la F1 en 2026&#8221;<\/strong>. Hay figura como <strong>Colton Herta<\/strong>, proveniente del IndyCar; <strong>Kalle Rovanpera<\/strong>, campe\u00f3n de WRC que se pasar\u00e1 a los monoplazas, y <strong>Alex Dunne<\/strong>, <a href=\"https:\/\/www.ole.com.ar\/autos\/competencia-franco-colapinto-salida-doohan-alpine-contrato-reserva-sorprendio-formula-1_0_e2PpbvUPBx.html\" target=\"_self\" title=\"flamante incorporaci\u00f3n de Alpine que competir\u00e1 en la F2\" alt=\"flamante incorporaci\u00f3n de Alpine que competir\u00e1 en la F2\" rel=\"noopener\">flamante incorporaci\u00f3n de Alpine que competir\u00e1 en la F2<\/a>. Y entre todos esos, el nacido en Italia pero con ra\u00edces argentas hizo su irrupci\u00f3n.<\/p>\n<\/div>\n<div id=\"element-body-2\" class=\"sc-136cd478-0 ekTCfV\" readability=\"41\">\n<p>&#8220;Tras dos a\u00f1os en monoplazas, Mattia Colnaghi se ha labrado un camino hacia la parrilla de la F3. <strong>Campe\u00f3n en su temporada de novato en la F4 Espa\u00f1ola en 2024, repiti\u00f3 la haza\u00f1a en el Eurocup-3<\/strong>. Una racha de siete podios mantuvo a raya a sus rivales, lo que le permiti\u00f3 alzarse con el t\u00edtulo en la pen\u00faltima fecha. <strong>Otro talento que se suma a la plantilla del Red Bull Junior Team<\/strong>, su tercera temporada en el equipo familiar de MP Motorsport facilitar\u00e1 la transici\u00f3n a las carreras en los fines de semana de Gran Premio&#8221;, escribi\u00f3 Hannah Prydderch, columnista de la categor\u00eda.<\/p>\n<\/div>\n<div class=\"sc-e7b891c4-0 ifHnQL image-embed\" id=\"element-body-3\"><img alt=\"Mattia Colnaghi, la nueva perla de la academia de Red Bull, correr\u00e1 en la F3 en 2026.\" loading=\"lazy\" width=\"720\" height=\"100\" decoding=\"async\" data-nimg=\"1\" src=\"http:\/\/cordobadirecto.com\/wp-content\/uploads\/2026\/01\/un-argentino-fue-elegido-entre-los-talentos-mas-prometedores-para-llegar-a-la-formula-1.jpg\"><span class=\"epigraphe\">Mattia Colnaghi, la nueva perla de la academia de Red Bull, correr\u00e1 en la F3 en 2026.<\/span><\/div>\n<p><h2>La figura juvenil de Red Bull competir\u00e1 con la bandera argentina desde 2026<\/h2>\n<\/p>\n<div id=\"element-body-5\" class=\"sc-136cd478-0 ekTCfV\" readability=\"39\">\n<p>Como fue comentado, la aparici\u00f3n furiosa de Matti provoc\u00f3 que <strong>Red Bull pusiera sus fichas en \u00e9l<\/strong>. A partir de la pen\u00faltima fecha del Eurocup-3, el joven de 17 a\u00f1os ya corri\u00f3 con los colores del equipo austr\u00edaco, los mismos que luci\u00f3 en el siempre especial GP de Macao. Y desde el 2026, <strong>lo har\u00e1 con la bandera argentina&#8230;<\/strong><\/p>\n<\/div>\n<div id=\"element-body-6\" class=\"sc-136cd478-0 ekTCfV\" readability=\"39.136363636364\">\n<p>Colnaghi ven\u00eda corriendo con las dos banderas, debido a que naci\u00f3 y se form\u00f3 en Italia pero ten\u00eda mucho apego por nuestro pa\u00eds (su madre es argentina). En enero del 2025, <a href=\"https:\/\/www.ole.com.ar\/autos\/mattia-colnaghi-ole-italiano-corazon-argentino-sigue-pasos-franco-colapinto_0_iGLdO6FG3S.html\" target=\"_self\" title=\"en una entrevista con Ol\u00e9\" alt=\"en una entrevista con Ol\u00e9\" rel=\"noopener\">en una entrevista con<\/a><strong><a href=\"https:\/\/www.ole.com.ar\/autos\/mattia-colnaghi-ole-italiano-corazon-argentino-sigue-pasos-franco-colapinto_0_iGLdO6FG3S.html\" target=\"_self\" title=\"en una entrevista con Ol\u00e9\" alt=\"en una entrevista con Ol\u00e9\" rel=\"noopener\">Ol\u00e9<\/a><\/strong>, dijo que no ten\u00eda resuelto c\u00f3mo har\u00eda en caso de llegar a la M\u00e1xima: <strong>&#8220;Para ser honesto, nunca lo hab\u00eda pensado. Es una buena pregunta\u2026 Lo voy a meditar&#8221;<\/strong>. La respuesta lleg\u00f3 antes de lo pensado, porque a comienzos del 2026 pas\u00f3 por Buenos Aires, hizo los tr\u00e1mites correspondientes y <strong>certific\u00f3 que competir\u00e1 con los colores albicelestes<\/strong>.<\/p>\n<\/div>\n<div class=\"sc-e7b891c4-0 ifHnQL image-embed\" id=\"element-body-7\"><img alt=\"Mattia Colnaghi con los colores de Red Bull en el GP de Macao. (Prensa Grand Prix Macau)\" loading=\"lazy\" width=\"720\" height=\"100\" decoding=\"async\" data-nimg=\"1\" src=\"http:\/\/cordobadirecto.com\/wp-content\/uploads\/2026\/01\/un-argentino-fue-elegido-entre-los-talentos-mas-prometedores-para-llegar-a-la-formula-1-1.jpg\"><span class=\"epigraphe\">Mattia Colnaghi con los colores de Red Bull en el GP de Macao. (Prensa Grand Prix Macau)<\/span><\/div>\n<div id=\"element-body-8\" class=\"sc-a7166897-0 eoLsBE\" readability=\"31.5\">\n<section readability=\"3\"><picture><img alt=\"Luciano Benavides imit\u00f3 a Messi y cont\u00f3 que se le apareci\u00f3 en sus sue\u00f1os: &quot;Tiene que ser una se\u00f1al&quot;\" loading=\"lazy\" width=\"290\" height=\"290\" decoding=\"async\" data-nimg=\"1\" src=\"http:\/\/cordobadirecto.com\/wp-content\/uploads\/2026\/01\/un-argentino-fue-elegido-entre-los-talentos-mas-prometedores-para-llegar-a-la-formula-1-2.jpg\"><\/picture>\n<p><span>Mir\u00e1 tambi\u00e9n<\/span><\/p>\n<hr>\n<h3>Luciano Benavides imit\u00f3 a Messi y cont\u00f3 que se le apareci\u00f3 en sus sue\u00f1os: &#8220;Tiene que ser una se\u00f1al&#8221;<\/h3>\n<\/p>\n<\/section>\n<\/div>\n<div id=\"element-body-9\" class=\"sc-a7166897-0 eoLsBE\" readability=\"31.5\">\n<section readability=\"3\"><picture><img alt=\"El ida y vuelta entre Franco Colapinto y Checo P\u00e9rez de cara al inicio de la temporada\" loading=\"lazy\" width=\"290\" height=\"290\" decoding=\"async\" data-nimg=\"1\" src=\"http:\/\/cordobadirecto.com\/wp-content\/uploads\/2026\/01\/un-argentino-fue-elegido-entre-los-talentos-mas-prometedores-para-llegar-a-la-formula-1-3.jpg\"><\/picture>\n<p><span>Mir\u00e1 tambi\u00e9n<\/span><\/p>\n<hr>\n<h3>El ida y vuelta entre Franco Colapinto y Checo P\u00e9rez de cara al inicio de la temporada<\/h3>\n<\/p>\n<\/section>\n<\/div>\n<div id=\"element-body-10\" class=\"sc-a7166897-0 eoLsBE\" readability=\"31\">\n<section readability=\"2\"><picture><img alt=\"Red Bull present\u00f3 su auto 2026 y Max Verstappen lo aprob\u00f3: \u201cEs mucho mejor\u201d\" loading=\"lazy\" width=\"290\" height=\"290\" decoding=\"async\" data-nimg=\"1\" src=\"http:\/\/cordobadirecto.com\/wp-content\/uploads\/2026\/01\/un-argentino-fue-elegido-entre-los-talentos-mas-prometedores-para-llegar-a-la-formula-1-4.jpg\"><\/picture>\n<p><span>Mir\u00e1 tambi\u00e9n<\/span><\/p>\n<hr>\n<h3>Red Bull present\u00f3 su auto 2026 y Max Verstappen lo aprob\u00f3: \u201cEs mucho mejor\u201d<\/h3>\n<\/p>\n<\/section>\n<\/div>\n<div id=\"element-body-11\" class=\"sc-a7166897-0 eoLsBE\" readability=\"31\">\n<section readability=\"2\"><picture><img alt=\"Video: el primer mensaje de Franco Colapinto tras su vuelta al trabajo con Alpine \" loading=\"lazy\" width=\"290\" height=\"290\" decoding=\"async\" data-nimg=\"1\" src=\"http:\/\/cordobadirecto.com\/wp-content\/uploads\/2026\/01\/un-argentino-fue-elegido-entre-los-talentos-mas-prometedores-para-llegar-a-la-formula-1-5.jpg\"><\/picture>\n<p><span>Mir\u00e1 tambi\u00e9n<\/span><\/p>\n<hr>\n<h3>Video: el primer mensaje de Franco Colapinto tras su vuelta al trabajo con Alpine<br \/>\n<\/h3>\n<\/p>\n<\/section>\n<\/div>\n<\/div>\n","protected":false},"excerpt":{"rendered":"<p>18\/01\/2026 17:42hs. Mientras los hinchas esperan a que Alpine destape el A526, que se conocer\u00e1 el viernes 23, y a que Franco Colapinto regrese a la pista el lunes 26, los otros argentinos que est\u00e1n rumbeados hacia la F\u00f3rmula 1 siguen haciendo ruido. Nicol\u00e1s Varrone, quien har\u00e1 su primera aparici\u00f3n en la F\u00f3rmula 2, estuvo [&hellip;]<\/p>\n","protected":false},"author":1,"featured_media":184750,"comment_status":"closed","ping_status":"closed","sticky":false,"template":"","format":"standard","meta":[],"categories":[21],"tags":[],"_links":{"self":[{"href":"http:\/\/cordobadirecto.com\/index.php\/wp-json\/wp\/v2\/posts\/184749"}],"collection":[{"href":"http:\/\/cordobadirecto.com\/index.php\/wp-json\/wp\/v2\/posts"}],"about":[{"href":"http:\/\/cordobadirecto.com\/index.php\/wp-json\/wp\/v2\/types\/post"}],"author":[{"embeddable":true,"href":"http:\/\/cordobadirecto.com\/index.php\/wp-json\/wp\/v2\/users\/1"}],"replies":[{"embeddable":true,"href":"http:\/\/cordobadirecto.com\/index.php\/wp-json\/wp\/v2\/comments?post=184749"}],"version-history":[{"count":0,"href":"http:\/\/cordobadirecto.com\/index.php\/wp-json\/wp\/v2\/posts\/184749\/revisions"}],"wp:featuredmedia":[{"embeddable":true,"href":"http:\/\/cordobadirecto.com\/index.php\/wp-json\/wp\/v2\/media\/184750"}],"wp:attachment":[{"href":"http:\/\/cordobadirecto.com\/index.php\/wp-json\/wp\/v2\/media?parent=184749"}],"wp:term":[{"taxonomy":"category","embeddable":true,"href":"http:\/\/cordobadirecto.com\/index.php\/wp-json\/wp\/v2\/categories?post=184749"},{"taxonomy":"post_tag","embeddable":true,"href":"http:\/\/cordobadirecto.com\/index.php\/wp-json\/wp\/v2\/tags?post=184749"}],"curies":[{"name":"wp","href":"https:\/\/api.w.org\/{rel}","templated":true}]}}