{"id":184751,"date":"2026-01-18T19:56:55","date_gmt":"2026-01-18T19:56:55","guid":{"rendered":"https:\/\/www.ole.com.ar\/autos\/luciano-benavides-imito-lionel-messi-suenos-senal-rally-dakar_0_Ujee5eGaI6.html"},"modified":"2026-01-18T19:56:55","modified_gmt":"2026-01-18T19:56:55","slug":"luciano-benavides-imito-a-messi-y-conto-que-se-le-aparecio-en-sus-suenos-tiene-que-ser-una-senal","status":"publish","type":"post","link":"http:\/\/cordobadirecto.com\/index.php\/2026\/01\/18\/luciano-benavides-imito-a-messi-y-conto-que-se-le-aparecio-en-sus-suenos-tiene-que-ser-una-senal\/","title":{"rendered":"Luciano Benavides imit\u00f3 a Messi y cont\u00f3 que se le apareci\u00f3 en sus sue\u00f1os: &#8220;Tiene que ser una se\u00f1al&#8221;"},"content":{"rendered":"<p><time class=\"createDate\" datetime=\"2026-01-18T16:56:55-03:00\">18\/01\/2026 16:56hs.<\/time><\/p>\n<div id=\"storyBody\">\n<div id=\"element-body-0\" class=\"sc-136cd478-0 ekTCfV\" readability=\"36.762295081967\">\n<p><strong>No hay descanso como el que sucede a un objetivo cumplido<\/strong>. Lo puede asegurar Lionel Messi, quien durmi\u00f3 con la Copa del Mundo y se levant\u00f3 con una sonrisa y un mate tras ganarle a Francia, y desde este domingo lo puede ratificar <strong><a href=\"https:\/\/www.ole.com.ar\/tema\/luciano-benavides.html\" title=\"Luciano Benavides\" alt=\"Luciano Benavides\" class=\"slug\">Luciano Benavides<\/a><\/strong>. Ganador de su primer <strong><a href=\"https:\/\/www.ole.com.ar\/tema\/rally-dakar.html\" title=\"Rally Dakar\" alt=\"Rally Dakar\" class=\"slug\">Rally Dakar<\/a><\/strong>, lo que le faltaba para ser leyenda -ya hab\u00eda sido campe\u00f3n mundial-, <strong>amaneci\u00f3 con el Touareg al mejor estilo Leo<\/strong> y revel\u00f3 que el #10 se apareci\u00f3 en sus sue\u00f1os y le dio fuerzas para ir por el t\u00edtulo.<\/p>\n<\/div>\n<div id=\"element-body-1\" class=\"sc-136cd478-0 ekTCfV\" readability=\"49\">\n<p>Faster no la ten\u00eda f\u00e1cil, porque Daniel Sanders y Ricky Brabec estaban finos, pero no se rend\u00eda en la b\u00fasqueda de su primer Dakar. Entonces, a pocos d\u00edas de su finalizaci\u00f3n, una imagen lleg\u00f3 a su cabeza. &#8221; <strong>Hace un par de d\u00edas so\u00f1\u00e9 que Messi me daba la copa y me saludaba.<\/strong> Lo tom\u00e9 como una se\u00f1al. Cuando me levant\u00e9, se lo coment\u00e9 a Jordi Villadosm (director deportivo de KMT) y a mi amigo Edgar Canet. <strong>Me dije: &#8216;Tiene que ser una se\u00f1al, por algo es&#8217;.<\/strong> Y he tenido siempre muchas se\u00f1ales en toda la carrera, con n\u00fameros, con cosas, con momentos, con recuerdos. Pensaba que estaba todo alineado para que sea. Y el domingo, inclusive, cuando todo parec\u00eda que no, <strong>no par\u00e9 de creerlo y es casi imposible de creer c\u00f3mo se dio<\/strong>&#8220;, le cont\u00f3 a Clar\u00edn tras su consagraci\u00f3n.<\/p>\n<\/div>\n<div class=\"sc-e7b891c4-0 ifHnQL image-embed\" id=\"element-body-2\"><img alt=\"As\u00ed fue el amanecer de Messi con la Copa del Mundo tras la victoria en Qatar. (foto IG Lionel Messi)\" loading=\"lazy\" width=\"720\" height=\"100\" decoding=\"async\" data-nimg=\"1\" src=\"http:\/\/cordobadirecto.com\/wp-content\/uploads\/2026\/01\/luciano-benavides-imito-a-messi-y-conto-que-se-le-aparecio-en-sus-suenos-tiene-que-ser-una-senal.jpg\"><span class=\"epigraphe\">As\u00ed fue el amanecer de Messi con la Copa del Mundo tras la victoria en Qatar. (foto IG Lionel Messi)<\/span><\/div>\n<p><h3>Luciano Benavides consigui\u00f3 el 12\u00b0 Dakar para Argentina y est\u00e1 pronto a volver al pa\u00eds<\/h3>\n<\/p>\n<div id=\"element-body-4\" class=\"sc-136cd478-0 ekTCfV\" readability=\"44\">\n<p>Al margen de la foto y la se\u00f1al, hubo una similitud en las gestas de Leo y Luciano. Por caso, <strong>el capit\u00e1n tuvo que sufrir hasta el final<\/strong>, en los penales, para poder ganar su logro m\u00e1s grande. En cuanto al salte\u00f1o, debi\u00f3 acelerar hasta la l\u00ednea de meta para ganar por tan solo dos segundos. <strong>&#8220;Cuando las victorias son f\u00e1ciles es como que pierde m\u00e9rito<\/strong>, pero juro que este Dakar lo sufr\u00ed hasta el \u00faltimo kil\u00f3metro. Es la mejor manera de ganar, no hay dudas&#8221;, asegur\u00f3 el motociclista de 30 a\u00f1os, quien goz\u00f3 del &#8220;d\u00eda m\u00e1s feliz de mi vida&#8221;.<\/p>\n<\/div>\n<div id=\"element-body-5\" class=\"sc-136cd478-0 ekTCfV\" readability=\"40\">\n<p>Lo que sigue, como mostr\u00f3 su hermano, el bicampe\u00f3n Kevin, <strong>es regresar al pa\u00eds para celebrar con su pueblo<\/strong>. Entre el lunes y el martes, el menor de los Benavides estar\u00e1 de vuelta y habr\u00e1 un Touareg m\u00e1s, el 12\u00b0 de la historia, en suelo argentino.<\/p>\n<\/div>\n<div class=\"sc-e7b891c4-0 ifHnQL image-embed\" id=\"element-body-6\"><img alt=\"Luciano Benavides alz\u00f3 el Touareg. (REUTERS\/Stephane Mahe)\" loading=\"lazy\" width=\"720\" height=\"100\" decoding=\"async\" data-nimg=\"1\" src=\"http:\/\/cordobadirecto.com\/wp-content\/uploads\/2026\/01\/luciano-benavides-imito-a-messi-y-conto-que-se-le-aparecio-en-sus-suenos-tiene-que-ser-una-senal-1.jpg\"><span class=\"epigraphe\">Luciano Benavides alz\u00f3 el Touareg. (REUTERS\/Stephane Mahe)<\/span><\/div>\n<div id=\"element-body-7\" class=\"sc-a7166897-0 eoLsBE\" readability=\"31.5\">\n<section readability=\"3\"><picture><img alt=\"La historia de Luciano Benavides, el argentino campe\u00f3n en este Dakar 2026\" loading=\"lazy\" width=\"290\" height=\"290\" decoding=\"async\" data-nimg=\"1\" src=\"http:\/\/cordobadirecto.com\/wp-content\/uploads\/2026\/01\/luciano-benavides-imito-a-messi-y-conto-que-se-le-aparecio-en-sus-suenos-tiene-que-ser-una-senal-2.jpg\"><\/picture>\n<p><span>Mir\u00e1 tambi\u00e9n<\/span><\/p>\n<hr>\n<h3>La historia de Luciano Benavides, el argentino campe\u00f3n en este Dakar 2026<\/h3>\n<\/p>\n<\/section>\n<\/div>\n<div id=\"element-body-8\" class=\"sc-a7166897-0 eoLsBE\" readability=\"31\">\n<section readability=\"2\"><picture><img alt=\"C\u00f3mo les fue a los 20 argentinos que largaron el Rally Dakar 2026\" loading=\"lazy\" width=\"290\" height=\"290\" decoding=\"async\" data-nimg=\"1\" src=\"http:\/\/cordobadirecto.com\/wp-content\/uploads\/2026\/01\/luciano-benavides-imito-a-messi-y-conto-que-se-le-aparecio-en-sus-suenos-tiene-que-ser-una-senal-3.jpg\"><\/picture>\n<p><span>Mir\u00e1 tambi\u00e9n<\/span><\/p>\n<hr>\n<h3>C\u00f3mo les fue a los 20 argentinos que largaron el Rally Dakar 2026<\/h3>\n<\/p>\n<\/section>\n<\/div>\n<div id=\"element-body-9\" class=\"sc-a7166897-0 eoLsBE\" readability=\"31.5\">\n<section readability=\"3\"><picture><img alt=\"Qu\u00e9 le dijo Brabec a Benavides cuando vio que perdi\u00f3 por dos segundos y el festejo del argentino\" loading=\"lazy\" width=\"290\" height=\"290\" decoding=\"async\" data-nimg=\"1\" src=\"http:\/\/cordobadirecto.com\/wp-content\/uploads\/2026\/01\/luciano-benavides-imito-a-messi-y-conto-que-se-le-aparecio-en-sus-suenos-tiene-que-ser-una-senal-4.jpg\"><\/picture>\n<p><span>Mir\u00e1 tambi\u00e9n<\/span><\/p>\n<hr>\n<h3>Qu\u00e9 le dijo Brabec a Benavides cuando vio que perdi\u00f3 por dos segundos y el festejo del argentino<\/h3>\n<\/p>\n<\/section>\n<\/div>\n<div id=\"element-body-10\" class=\"sc-a7166897-0 eoLsBE\" readability=\"31\">\n<section readability=\"2\"><picture><img alt=\"Luciano Benavides le gan\u00f3 a lo imposible\" loading=\"lazy\" width=\"290\" height=\"290\" decoding=\"async\" data-nimg=\"1\" src=\"http:\/\/cordobadirecto.com\/wp-content\/uploads\/2026\/01\/luciano-benavides-imito-a-messi-y-conto-que-se-le-aparecio-en-sus-suenos-tiene-que-ser-una-senal-5.jpg\"><\/picture>\n<p><span>Mir\u00e1 tambi\u00e9n<\/span><\/p>\n<hr>\n<h3>Luciano Benavides le gan\u00f3 a lo imposible<\/h3>\n<\/p>\n<\/section>\n<\/div>\n<\/div>\n","protected":false},"excerpt":{"rendered":"<p>18\/01\/2026 16:56hs. No hay descanso como el que sucede a un objetivo cumplido. Lo puede asegurar Lionel Messi, quien durmi\u00f3 con la Copa del Mundo y se levant\u00f3 con una sonrisa y un mate tras ganarle a Francia, y desde este domingo lo puede ratificar Luciano Benavides. Ganador de su primer Rally Dakar, lo que [&hellip;]<\/p>\n","protected":false},"author":1,"featured_media":184752,"comment_status":"closed","ping_status":"closed","sticky":false,"template":"","format":"standard","meta":[],"categories":[21],"tags":[],"_links":{"self":[{"href":"http:\/\/cordobadirecto.com\/index.php\/wp-json\/wp\/v2\/posts\/184751"}],"collection":[{"href":"http:\/\/cordobadirecto.com\/index.php\/wp-json\/wp\/v2\/posts"}],"about":[{"href":"http:\/\/cordobadirecto.com\/index.php\/wp-json\/wp\/v2\/types\/post"}],"author":[{"embeddable":true,"href":"http:\/\/cordobadirecto.com\/index.php\/wp-json\/wp\/v2\/users\/1"}],"replies":[{"embeddable":true,"href":"http:\/\/cordobadirecto.com\/index.php\/wp-json\/wp\/v2\/comments?post=184751"}],"version-history":[{"count":0,"href":"http:\/\/cordobadirecto.com\/index.php\/wp-json\/wp\/v2\/posts\/184751\/revisions"}],"wp:featuredmedia":[{"embeddable":true,"href":"http:\/\/cordobadirecto.com\/index.php\/wp-json\/wp\/v2\/media\/184752"}],"wp:attachment":[{"href":"http:\/\/cordobadirecto.com\/index.php\/wp-json\/wp\/v2\/media?parent=184751"}],"wp:term":[{"taxonomy":"category","embeddable":true,"href":"http:\/\/cordobadirecto.com\/index.php\/wp-json\/wp\/v2\/categories?post=184751"},{"taxonomy":"post_tag","embeddable":true,"href":"http:\/\/cordobadirecto.com\/index.php\/wp-json\/wp\/v2\/tags?post=184751"}],"curies":[{"name":"wp","href":"https:\/\/api.w.org\/{rel}","templated":true}]}}