{"id":184753,"date":"2026-01-18T21:22:57","date_gmt":"2026-01-18T21:22:57","guid":{"rendered":"https:\/\/www.ole.com.ar\/futbol-ascenso\/primera-nacional-primerab-primera-c-afa-torneo-fecha-inicio_0_ch6NyJ9IC2.html"},"modified":"2026-01-18T21:22:57","modified_gmt":"2026-01-18T21:22:57","slug":"la-decision-de-afa-con-respecto-al-calendario-de-las-categorias-del-ascenso","status":"publish","type":"post","link":"http:\/\/cordobadirecto.com\/index.php\/2026\/01\/18\/la-decision-de-afa-con-respecto-al-calendario-de-las-categorias-del-ascenso\/","title":{"rendered":"La decisi\u00f3n de AFA con respecto al calendario de las categor\u00edas del Ascenso"},"content":{"rendered":"<p><time class=\"createDate\" datetime=\"2026-01-16T18:53:28-03:00\">16\/01\/2026 18:53hs.<\/time><\/p>\n<div id=\"storyBody\">\n<div id=\"element-body-0\" class=\"sc-136cd478-0 ekTCfV\" readability=\"28.067796610169\">\n<p>El f\u00fatbol del <a href=\"https:\/\/www.ole.com.ar\/tema\/ascenso.html\" title=\"Ascenso\" alt=\"Ascenso\" class=\"slug\">Ascenso<\/a> tendr\u00e1 que esperar una semana m\u00e1s para que vuelva a rodar la pelota. Este viernes, la <a href=\"https:\/\/www.ole.com.ar\/tema\/asociacion-del-futbol-argentino.html\" title=\"Asociaci\u00f3n del F\u00fatbol Argentino\" alt=\"Asociaci\u00f3n del F\u00fatbol Argentino\" class=\"slug\">Asociaci\u00f3n del F\u00fatbol Argentino<\/a> confirm\u00f3 de manera oficial la <strong>reprogramaci\u00f3n del inicio de la temporada 2026 de la <a href=\"https:\/\/www.ole.com.ar\/tema\/primera-nacional.html\" title=\"Primera Nacional\" alt=\"Primera Nacional\" class=\"slug\">Primera Nacional<\/a> y la <a href=\"https:\/\/www.ole.com.ar\/tema\/b-metro.html\" title=\"B Metro\" alt=\"B Metro\" class=\"slug\"> Primera B<\/a><\/strong>, las dos principales categor\u00edas. <\/p>\n<\/div>\n<div id=\"element-body-1\" class=\"sc-136cd478-0 ekTCfV\" readability=\"41\">\n<p>Sin brindar mayores precisiones sobre los motivos, aunque seg\u00fan revel\u00f3 la periodista Mariana Lamas, especialista en Ascenso, <strong>podr\u00eda ser por las negociaciones abiertas entre AFA y los distintos medios interesados en adquirir los derechos televisivos para transmitir los encuentros<\/strong>, la entidad madre del f\u00fatbol argentino decidi\u00f3 retrasar el comienzo de ambos torneos, que finalmente se pondr\u00e1n en marcha el <strong>14 de febrero y no el 7 del mismo mes, como estaba estipulado. <\/strong><\/p>\n<\/div>\n<p><h2><strong>Primera Nacional y Primera B, con cambios<\/strong><\/h2>\n<\/p>\n<div id=\"element-body-3\" class=\"sc-136cd478-0 ekTCfV\" readability=\"38.123167155425\">\n<p>La medida impacta de lleno en la planificaci\u00f3n de los clubes, que ya transitan la recta final de la pretemporada. <strong>En el caso de la <a href=\"https:\/\/www.ole.com.ar\/tema\/primera-nacional.html\" title=\"Primera Nacional\" alt=\"Primera Nacional\" class=\"slug\">Primera Nacional<\/a>, el certamen ten\u00eda previsto su inicio para el s\u00e1bado 7 de febrero, ahora, deber\u00e1n esperar siete d\u00edas m\u00e1s para su estreno oficial.<\/strong> Con el nuevo esquema, el calendario deber\u00e1 ser rearmado. <\/p>\n<\/div>\n<div class=\"sc-e7b891c4-0 ifHnQL image-embed\" id=\"element-body-4\"><img alt=\"Se retrasa el inicio de la Primera Nacional 2026\" loading=\"lazy\" width=\"720\" height=\"100\" decoding=\"async\" data-nimg=\"1\" src=\"http:\/\/cordobadirecto.com\/wp-content\/uploads\/2026\/01\/la-decision-de-afa-con-respecto-al-calendario-de-las-categorias-del-ascenso.jpg\"><span class=\"epigraphe\">Se retrasa el inicio de la Primera Nacional 2026<\/span><\/div>\n<div id=\"element-body-5\" class=\"sc-136cd478-0 ekTCfV\" readability=\"40\">\n<p>Como medida alternativa, para no alterar tanto la organizaci\u00f3n y log\u00edstica que se llev\u00f3 a cabo con la diagramaci\u00f3n anterior, <strong>surgieron rumores que hablan de invertir las primeras dos fechas.<\/strong> As\u00ed, se podr\u00eda comenzar con la segunda jornada, programada anteriormente para el fin de semana del 14 de febrero, mientras que la primera se jugar\u00eda m\u00e1s adelante. <\/p>\n<\/div>\n<div id=\"element-body-6\" class=\"sc-136cd478-0 ekTCfV\" readability=\"37\">\n<p>La <strong>Primera B<\/strong> tambi\u00e9n fue alcanzada por la medida de AFA y comenzar\u00e1 en la misma fecha que la <strong>Primera Nacional<\/strong>. De esta manera, la categor\u00eda dar\u00e1 el puntapi\u00e9 inicial durante el fin de semana largo de Carnaval, un contexto particular que podr\u00eda influir tanto en la organizaci\u00f3n de los partidos como en la asistencia del p\u00fablico.<\/p>\n<\/div>\n<div class=\"sc-e7b891c4-0 ifHnQL image-embed\" id=\"element-body-7\"><img alt=\"La Primera B arranca el 14 de febrero.\" loading=\"lazy\" width=\"720\" height=\"100\" decoding=\"async\" data-nimg=\"1\" src=\"http:\/\/cordobadirecto.com\/wp-content\/uploads\/2026\/01\/la-decision-de-afa-con-respecto-al-calendario-de-las-categorias-del-ascenso-1.jpg\"><span class=\"epigraphe\">La Primera B arranca el 14 de febrero.<\/span><\/div>\n<p><h2><strong>La excepci\u00f3n del Ascenso<\/strong><\/h2>\n<\/p>\n<div id=\"element-body-9\" class=\"sc-136cd478-0 ekTCfV\" readability=\"36\">\n<p>A diferencia de las otras divisiones, la <strong> Primera C<\/strong> ser\u00e1 la \u00fanica categor\u00eda del Ascenso que no sufrir\u00e1 modificaciones. El torneo <strong>mantendr\u00e1 su fecha original y arrancar\u00e1 el 21 de febrero<\/strong>, tal como estaba estipulado desde un primer momento en el calendario oficial.<\/p>\n<\/div>\n<div class=\"sc-e7b891c4-0 ifHnQL image-embed\" id=\"element-body-10\"><img alt=\"La Primera C mantiene su fecha de inicio.\" loading=\"lazy\" width=\"720\" height=\"100\" decoding=\"async\" data-nimg=\"1\" src=\"http:\/\/cordobadirecto.com\/wp-content\/uploads\/2026\/01\/la-decision-de-afa-con-respecto-al-calendario-de-las-categorias-del-ascenso-2.jpg\"><span class=\"epigraphe\">La Primera C mantiene su fecha de inicio.<\/span><\/div>\n<p><h2><strong>El comunicado de AFA<\/strong><\/h2>\n<\/p>\n<div id=\"element-body-12\" class=\"sc-136cd478-0 ekTCfV\" readability=\"39\">\n<p>&#8220;Se reprograma la fecha de inicio para los Campeonatos de Primera Nacional y Primera Divisi\u00f3n \u201cB\u201d, quedando fijada para el 14 de febrero de 2026, manteni\u00e9ndose por otra parte, el 21 de febrero de 2026 para el inicio del Campeonato de Primera Divisi\u00f3n C&#8221;, expres\u00f3 la AFA mediante su p\u00e1gina web. <\/p>\n<\/div>\n<div class=\"sc-e7b891c4-0 ifHnQL image-embed\" id=\"element-body-13\"><img alt=\"El comunicado de AFA\" loading=\"lazy\" width=\"720\" height=\"100\" decoding=\"async\" data-nimg=\"1\" src=\"http:\/\/cordobadirecto.com\/wp-content\/uploads\/2026\/01\/la-decision-de-afa-con-respecto-al-calendario-de-las-categorias-del-ascenso-3.jpg\"><span class=\"epigraphe\">El comunicado de AFA<\/span><\/div>\n<div id=\"element-body-14\" class=\"sc-a7166897-0 eoLsBE\" readability=\"31\">\n<section readability=\"2\"><picture><img alt=\"Los equipos del Ascenso que jugar\u00e1n en Primera Divisi\u00f3n en el torneo de la Reserva \" loading=\"lazy\" width=\"290\" height=\"290\" decoding=\"async\" data-nimg=\"1\" src=\"http:\/\/cordobadirecto.com\/wp-content\/uploads\/2026\/01\/la-decision-de-afa-con-respecto-al-calendario-de-las-categorias-del-ascenso-4.jpg\"><\/picture>\n<p><span>Mir\u00e1 tambi\u00e9n<\/span><\/p>\n<hr>\n<h3>Los equipos del Ascenso que jugar\u00e1n en Primera Divisi\u00f3n en el torneo de la Reserva <\/h3>\n<\/p>\n<\/section>\n<\/div>\n<div id=\"element-body-15\" class=\"sc-a7166897-0 eoLsBE\" readability=\"32\">\n<section readability=\"4\"><picture><img alt=\"Pol\u00e9mica en el Ascenso: clasificaron a la final, posaron con armas y pidieron perd\u00f3n\" loading=\"lazy\" width=\"290\" height=\"290\" decoding=\"async\" data-nimg=\"1\" src=\"http:\/\/cordobadirecto.com\/wp-content\/uploads\/2026\/01\/la-decision-de-afa-con-respecto-al-calendario-de-las-categorias-del-ascenso-5.jpg\"><\/picture>\n<p><span>Mir\u00e1 tambi\u00e9n<\/span><\/p>\n<hr>\n<h3>Pol\u00e9mica en el Ascenso: clasificaron a la final, posaron con armas y pidieron perd\u00f3n<\/h3>\n<\/p>\n<\/section>\n<\/div>\n<div id=\"element-body-16\" class=\"sc-a7166897-0 eoLsBE\" readability=\"31.5\">\n<section readability=\"3\"><picture><img alt=\"Bomba en el Ascenso: el jugador que qued\u00f3 libre de San Lorenzo y jugar\u00e1 en la Primera C\" loading=\"lazy\" width=\"290\" height=\"290\" decoding=\"async\" data-nimg=\"1\" src=\"http:\/\/cordobadirecto.com\/wp-content\/uploads\/2026\/01\/la-decision-de-afa-con-respecto-al-calendario-de-las-categorias-del-ascenso-6.jpg\"><\/picture>\n<p><span>Mir\u00e1 tambi\u00e9n<\/span><\/p>\n<hr>\n<h3>Bomba en el Ascenso: el jugador que qued\u00f3 libre de San Lorenzo y jugar\u00e1 en la Primera C<\/h3>\n<\/p>\n<\/section>\n<\/div>\n<\/div>\n","protected":false},"excerpt":{"rendered":"<p>16\/01\/2026 18:53hs. El f\u00fatbol del Ascenso tendr\u00e1 que esperar una semana m\u00e1s para que vuelva a rodar la pelota. Este viernes, la Asociaci\u00f3n del F\u00fatbol Argentino confirm\u00f3 de manera oficial la reprogramaci\u00f3n del inicio de la temporada 2026 de la Primera Nacional y la Primera B, las dos principales categor\u00edas. Sin brindar mayores precisiones sobre [&hellip;]<\/p>\n","protected":false},"author":1,"featured_media":184754,"comment_status":"closed","ping_status":"closed","sticky":false,"template":"","format":"standard","meta":[],"categories":[21],"tags":[],"_links":{"self":[{"href":"http:\/\/cordobadirecto.com\/index.php\/wp-json\/wp\/v2\/posts\/184753"}],"collection":[{"href":"http:\/\/cordobadirecto.com\/index.php\/wp-json\/wp\/v2\/posts"}],"about":[{"href":"http:\/\/cordobadirecto.com\/index.php\/wp-json\/wp\/v2\/types\/post"}],"author":[{"embeddable":true,"href":"http:\/\/cordobadirecto.com\/index.php\/wp-json\/wp\/v2\/users\/1"}],"replies":[{"embeddable":true,"href":"http:\/\/cordobadirecto.com\/index.php\/wp-json\/wp\/v2\/comments?post=184753"}],"version-history":[{"count":0,"href":"http:\/\/cordobadirecto.com\/index.php\/wp-json\/wp\/v2\/posts\/184753\/revisions"}],"wp:featuredmedia":[{"embeddable":true,"href":"http:\/\/cordobadirecto.com\/index.php\/wp-json\/wp\/v2\/media\/184754"}],"wp:attachment":[{"href":"http:\/\/cordobadirecto.com\/index.php\/wp-json\/wp\/v2\/media?parent=184753"}],"wp:term":[{"taxonomy":"category","embeddable":true,"href":"http:\/\/cordobadirecto.com\/index.php\/wp-json\/wp\/v2\/categories?post=184753"},{"taxonomy":"post_tag","embeddable":true,"href":"http:\/\/cordobadirecto.com\/index.php\/wp-json\/wp\/v2\/tags?post=184753"}],"curies":[{"name":"wp","href":"https:\/\/api.w.org\/{rel}","templated":true}]}}