{"id":184767,"date":"2026-01-18T23:57:50","date_gmt":"2026-01-18T23:57:50","guid":{"rendered":"http:\/\/cordobadirecto.com\/index.php\/2026\/01\/18\/davos-2025-que-dijo-javier-milei-hace-un-ano-y-por-que-su-discurso-sigue-generando-controversia\/"},"modified":"2026-01-18T23:57:50","modified_gmt":"2026-01-18T23:57:50","slug":"davos-2025-que-dijo-javier-milei-hace-un-ano-y-por-que-su-discurso-sigue-generando-controversia","status":"publish","type":"post","link":"http:\/\/cordobadirecto.com\/index.php\/2026\/01\/18\/davos-2025-que-dijo-javier-milei-hace-un-ano-y-por-que-su-discurso-sigue-generando-controversia\/","title":{"rendered":"Davos 2025: qu\u00e9 dijo Javier Milei hace un a\u00f1o y por qu\u00e9 su discurso sigue generando controversia"},"content":{"rendered":"<p>El presidente Javier Milei se prepara para participar de una <b>nueva<\/b> edici\u00f3n del Foro Econ\u00f3mico Mundial de Davos, donde volver\u00e1 a exponer ante l\u00edderes&nbsp;&#8230; <\/p>\n","protected":false},"excerpt":{"rendered":"<p>El presidente Javier Milei se prepara para participar de una nueva edici\u00f3n del Foro Econ\u00f3mico Mundial de Davos, donde volver\u00e1 a exponer ante l\u00edderes&nbsp;&#8230;<\/p>\n","protected":false},"author":1,"featured_media":0,"comment_status":"closed","ping_status":"closed","sticky":false,"template":"","format":"standard","meta":[],"categories":[40],"tags":[],"_links":{"self":[{"href":"http:\/\/cordobadirecto.com\/index.php\/wp-json\/wp\/v2\/posts\/184767"}],"collection":[{"href":"http:\/\/cordobadirecto.com\/index.php\/wp-json\/wp\/v2\/posts"}],"about":[{"href":"http:\/\/cordobadirecto.com\/index.php\/wp-json\/wp\/v2\/types\/post"}],"author":[{"embeddable":true,"href":"http:\/\/cordobadirecto.com\/index.php\/wp-json\/wp\/v2\/users\/1"}],"replies":[{"embeddable":true,"href":"http:\/\/cordobadirecto.com\/index.php\/wp-json\/wp\/v2\/comments?post=184767"}],"version-history":[{"count":0,"href":"http:\/\/cordobadirecto.com\/index.php\/wp-json\/wp\/v2\/posts\/184767\/revisions"}],"wp:attachment":[{"href":"http:\/\/cordobadirecto.com\/index.php\/wp-json\/wp\/v2\/media?parent=184767"}],"wp:term":[{"taxonomy":"category","embeddable":true,"href":"http:\/\/cordobadirecto.com\/index.php\/wp-json\/wp\/v2\/categories?post=184767"},{"taxonomy":"post_tag","embeddable":true,"href":"http:\/\/cordobadirecto.com\/index.php\/wp-json\/wp\/v2\/tags?post=184767"}],"curies":[{"name":"wp","href":"https:\/\/api.w.org\/{rel}","templated":true}]}}