{"id":184770,"date":"2026-01-19T18:53:55","date_gmt":"2026-01-19T18:53:55","guid":{"rendered":"https:\/\/estaciontrip.com.ar\/?p=11234"},"modified":"2026-01-19T18:53:55","modified_gmt":"2026-01-19T18:53:55","slug":"cordoba-tierra-de-festivales-con-publico-record-hasta-la-primera-quincena-de-enero","status":"publish","type":"post","link":"http:\/\/cordobadirecto.com\/index.php\/2026\/01\/19\/cordoba-tierra-de-festivales-con-publico-record-hasta-la-primera-quincena-de-enero\/","title":{"rendered":"C\u00f3rdoba, tierra de festivales, con p\u00fablico r\u00e9cord hasta la primera quincena de enero"},"content":{"rendered":"<p>La provincia de C\u00f3rdoba atraviesa un verano marcado por una intensa agenda cultural que reafirma su identidad como tierra de festivales, con m\u00e1s de 400 encuentros populares que se desarrollan en todo el territorio combinando tradici\u00f3n, diversidad art\u00edstica y desarrollo regional.<\/p>\n<p>Y el p\u00fablico respondi\u00f3 con asistencia r\u00e9cord hasta la primera quincena de enero cuando a\u00fan no cerr\u00f3 el Festival de Doma y el Folclore de Jes\u00fas Mar\u00eda: seg\u00fan los datos registrados, ya disfrutaron de los primeros festivales de verano 250.000 personas.<\/p>\n<p>El presidente de la Agencia C\u00f3rdoba Cultura explic\u00f3 la importancia de los datos: <em>\u201cLos festivales que se celebran durante el verano en todo el territorio provincial son un motor fundamental de la econom\u00eda naranja y una expresi\u00f3n profunda de nuestra identidad cultural<\/em>\u201d.<\/p>\n<p>Entre los festivales que se desarrollaron hasta ahora se destacan el Festival Nacional de Doma y Folklore de Jes\u00fas Maria, uno de los de mayor envergadura y trascendencia nacional y regional; el Festival de la Avicultura en Santa Mar\u00eda de Punilla, el Festival de Folclore en el Agua de Villa del Rosario y Mionca en Alta Gracia, reafirmando a la provincia como escenario de grandes encuentros populares.<\/p>\n<p>Tambi\u00e9n, 45.000 personas disfrutaron de propuestas de espect\u00e1culos en ciudades como Villa Carlos Paz, entre muchas otras, con una agenda diversa y de calidad.&nbsp;<\/p>\n<p>En tanto, en C\u00f3rdoba capital, 18.500 personas recorrieron los museos y espacios de arte y cultura.<\/p>\n<p>Durante su visita a la 58\u00aa edici\u00f3n del Festival de Folklore en el Agua, en Villa del Rosario, Marcelo Rodio subray\u00f3 el esfuerzo de las comunidades organizadoras que han logrado sostener estos eventos a lo largo de m\u00e1s de medio siglo, incluso en contextos adversos. <em>\u201cLos cordobeses debemos sentirnos orgullosos de contar con festivales que ya superaron el medio siglo de historia y que se han convertido en un s\u00edmbolo de las localidades que los organizan a\u00f1o tras a\u00f1o<\/em>\u201d, expres\u00f3.<\/p>\n<p><strong>Calendario de eventos:&nbsp;<\/strong>&nbsp;<a href=\"https:\/\/cordobaturismo.gov.ar\/cronograma-de-eventos\/\" target=\"_blank\" rel=\"noreferrer noopener\">https:\/\/cordobaturismo.gov.ar\/cronograma-de-eventos\/<\/a><\/p>\n<p><strong>Link promos Bancor<\/strong>&nbsp;<a href=\"https:\/\/www.bancor.com.ar\/\" target=\"_blank\" rel=\"noreferrer noopener\">www.bancor.com.ar<\/a><\/p>\n<figure class=\"wp-block-image size-full is-resized\"><a href=\"http:\/\/cordobadirecto.com\/wp-content\/uploads\/2026\/01\/cordoba-tierra-de-festivales-con-publico-record-hasta-la-primera-quincena-de-enero.jpg\"><img loading=\"lazy\" decoding=\"async\" width=\"624\" height=\"414\" src=\"http:\/\/cordobadirecto.com\/wp-content\/uploads\/2026\/01\/cordoba-tierra-de-festivales-con-publico-record-hasta-la-primera-quincena-de-enero.jpg\" alt class=\"wp-image-11236\" srcset=\"http:\/\/cordobadirecto.com\/wp-content\/uploads\/2026\/01\/cordoba-tierra-de-festivales-con-publico-record-hasta-la-primera-quincena-de-enero.jpg 624w, http:\/\/cordobadirecto.com\/wp-content\/uploads\/2026\/01\/cordoba-tierra-de-festivales-con-publico-record-hasta-la-primera-quincena-de-enero-1.jpg 300w\" sizes=\"(max-width: 624px) 100vw, 624px\"><\/a><\/figure>\n","protected":false},"excerpt":{"rendered":"<p>La provincia de C\u00f3rdoba atraviesa un verano marcado por una intensa agenda cultural que reafirma su identidad como tierra de festivales, con m\u00e1s de 400 encuentros populares que se desarrollan en todo el territorio combinando tradici\u00f3n, diversidad art\u00edstica y desarrollo regional. Y el p\u00fablico respondi\u00f3 con asistencia r\u00e9cord hasta la primera quincena de enero cuando [&hellip;]<\/p>\n","protected":false},"author":1,"featured_media":184771,"comment_status":"closed","ping_status":"closed","sticky":false,"template":"","format":"standard","meta":[],"categories":[22],"tags":[],"_links":{"self":[{"href":"http:\/\/cordobadirecto.com\/index.php\/wp-json\/wp\/v2\/posts\/184770"}],"collection":[{"href":"http:\/\/cordobadirecto.com\/index.php\/wp-json\/wp\/v2\/posts"}],"about":[{"href":"http:\/\/cordobadirecto.com\/index.php\/wp-json\/wp\/v2\/types\/post"}],"author":[{"embeddable":true,"href":"http:\/\/cordobadirecto.com\/index.php\/wp-json\/wp\/v2\/users\/1"}],"replies":[{"embeddable":true,"href":"http:\/\/cordobadirecto.com\/index.php\/wp-json\/wp\/v2\/comments?post=184770"}],"version-history":[{"count":0,"href":"http:\/\/cordobadirecto.com\/index.php\/wp-json\/wp\/v2\/posts\/184770\/revisions"}],"wp:featuredmedia":[{"embeddable":true,"href":"http:\/\/cordobadirecto.com\/index.php\/wp-json\/wp\/v2\/media\/184771"}],"wp:attachment":[{"href":"http:\/\/cordobadirecto.com\/index.php\/wp-json\/wp\/v2\/media?parent=184770"}],"wp:term":[{"taxonomy":"category","embeddable":true,"href":"http:\/\/cordobadirecto.com\/index.php\/wp-json\/wp\/v2\/categories?post=184770"},{"taxonomy":"post_tag","embeddable":true,"href":"http:\/\/cordobadirecto.com\/index.php\/wp-json\/wp\/v2\/tags?post=184770"}],"curies":[{"name":"wp","href":"https:\/\/api.w.org\/{rel}","templated":true}]}}