{"id":184856,"date":"2026-01-20T18:19:51","date_gmt":"2026-01-20T18:19:51","guid":{"rendered":"http:\/\/cordobadirecto.com\/index.php\/2026\/01\/20\/en-la-fiesta-del-olivo-prunotto-destaco-el-acompanamiento-de-la-provincia-al-norte-cordobes\/"},"modified":"2026-01-20T18:19:51","modified_gmt":"2026-01-20T18:19:51","slug":"en-la-fiesta-del-olivo-prunotto-destaco-el-acompanamiento-de-la-provincia-al-norte-cordobes","status":"publish","type":"post","link":"http:\/\/cordobadirecto.com\/index.php\/2026\/01\/20\/en-la-fiesta-del-olivo-prunotto-destaco-el-acompanamiento-de-la-provincia-al-norte-cordobes\/","title":{"rendered":"En la Fiesta del Olivo, Prunotto destac\u00f3 el acompa\u00f1amiento de la Provincia al norte cordob\u00e9s"},"content":{"rendered":"<p>Por su parte, Raschetti se\u00f1al\u00f3: \u201cEstos espect\u00e1culos son una decisi\u00f3n pol\u00edtica que impulsa la cultura, el turismo y el desarrollo econ\u00f3mico local, y&nbsp;&#8230; <\/p>\n","protected":false},"excerpt":{"rendered":"<p>Por su parte, Raschetti se\u00f1al\u00f3: \u201cEstos espect\u00e1culos son una decisi\u00f3n pol\u00edtica que impulsa la cultura, el turismo y el desarrollo econ\u00f3mico local, y&nbsp;&#8230;<\/p>\n","protected":false},"author":1,"featured_media":0,"comment_status":"closed","ping_status":"closed","sticky":false,"template":"","format":"standard","meta":[],"categories":[40],"tags":[],"_links":{"self":[{"href":"http:\/\/cordobadirecto.com\/index.php\/wp-json\/wp\/v2\/posts\/184856"}],"collection":[{"href":"http:\/\/cordobadirecto.com\/index.php\/wp-json\/wp\/v2\/posts"}],"about":[{"href":"http:\/\/cordobadirecto.com\/index.php\/wp-json\/wp\/v2\/types\/post"}],"author":[{"embeddable":true,"href":"http:\/\/cordobadirecto.com\/index.php\/wp-json\/wp\/v2\/users\/1"}],"replies":[{"embeddable":true,"href":"http:\/\/cordobadirecto.com\/index.php\/wp-json\/wp\/v2\/comments?post=184856"}],"version-history":[{"count":0,"href":"http:\/\/cordobadirecto.com\/index.php\/wp-json\/wp\/v2\/posts\/184856\/revisions"}],"wp:attachment":[{"href":"http:\/\/cordobadirecto.com\/index.php\/wp-json\/wp\/v2\/media?parent=184856"}],"wp:term":[{"taxonomy":"category","embeddable":true,"href":"http:\/\/cordobadirecto.com\/index.php\/wp-json\/wp\/v2\/categories?post=184856"},{"taxonomy":"post_tag","embeddable":true,"href":"http:\/\/cordobadirecto.com\/index.php\/wp-json\/wp\/v2\/tags?post=184856"}],"curies":[{"name":"wp","href":"https:\/\/api.w.org\/{rel}","templated":true}]}}