{"id":18488,"date":"2021-09-14T19:01:46","date_gmt":"2021-09-14T19:01:46","guid":{"rendered":"https:\/\/www.bbc.com\/mundo\/noticias-america-latina-58553633"},"modified":"2021-09-14T19:01:46","modified_gmt":"2021-09-14T19:01:46","slug":"abimael-guzman-el-debate-en-peru-sobre-que-hacer-con-el-cadaver-del-lider-de-sendero-luminoso","status":"publish","type":"post","link":"http:\/\/cordobadirecto.com\/index.php\/2021\/09\/14\/abimael-guzman-el-debate-en-peru-sobre-que-hacer-con-el-cadaver-del-lider-de-sendero-luminoso\/","title":{"rendered":"Abimael Guzm\u00e1n: el debate en Per\u00fa sobre qu\u00e9 hacer con el cad\u00e1ver del l\u00edder de Sendero Luminoso"},"content":{"rendered":"<div dir=\"ltr\" class=\"e1j2237y5 bbc-q4ibpr e57qer20\">\n<div class=\"bbc-1atl7vu e1c9i7u14\">\n<ul role=\"list\" class=\"bbc-cdrraw e1c9i7u12\">\n<li role=\"listitem\" class=\"bbc-1a3w4ok e1c9i7u11\">Guillermo D. Olmo @BBCgolmo<\/li>\n<li role=\"listitem\" class=\"bbc-1p92jtu e1c9i7u10\">BBC News Mundo<\/li>\n<\/ul>\n<\/div>\n<\/div>\n<div dir=\"ltr\" class=\"e1j2237y6 bbc-q4ibpr e57qer20\"><time datetime=\"2021-09-14\" class=\"bbc-14xtggo e4zesg50\">14 septiembre 2021<\/time><\/p>\n<p><time datetime=\"2021-09-14\" class=\"bbc-14xtggo e4zesg50\">Actualizado 5 horas<\/time><\/p>\n<\/div>\n<div dir=\"ltr\" class=\"bbc-1ka88fa e57qer20\">\n<figure class=\"bbc-1qdcvv9 e6bmn90\">\n<div dir=\"ltr\" class=\"bbc-172p16q e57qer20\">\n<div dir=\"ltr\" class=\"bbc-189y18v e57qer20\" readability=\"6.5\">\n<div data-e2e=\"image-placeholder\" class=\"bbc-997y1y e1whu0\" readability=\"8\"><img loading=\"lazy\" srcset=\"http:\/\/cordobadirecto.com\/wp-content\/uploads\/2021\/09\/abimael-guzman-el-debate-en-peru-sobre-que-hacer-con-el-cadaver-del-lider-de-sendero-luminoso-6.jpg 240w, http:\/\/cordobadirecto.com\/wp-content\/uploads\/2021\/09\/abimael-guzman-el-debate-en-peru-sobre-que-hacer-con-el-cadaver-del-lider-de-sendero-luminoso-7.jpg 320w, http:\/\/cordobadirecto.com\/wp-content\/uploads\/2021\/09\/abimael-guzman-el-debate-en-peru-sobre-que-hacer-con-el-cadaver-del-lider-de-sendero-luminoso-8.jpg 480w, http:\/\/cordobadirecto.com\/wp-content\/uploads\/2021\/09\/abimael-guzman-el-debate-en-peru-sobre-que-hacer-con-el-cadaver-del-lider-de-sendero-luminoso-9.jpg 624w, http:\/\/cordobadirecto.com\/wp-content\/uploads\/2021\/09\/abimael-guzman-el-debate-en-peru-sobre-que-hacer-con-el-cadaver-del-lider-de-sendero-luminoso-10.jpg 800w\" alt=\"Abimael Guzm\u00e1n.\" src=\"http:\/\/cordobadirecto.com\/wp-content\/uploads\/2021\/09\/abimael-guzman-el-debate-en-peru-sobre-que-hacer-con-el-cadaver-del-lider-de-sendero-luminoso.jpg\" width=\"976\" height=\"549\" class=\"eehpdyc0 bbc-oabvne e1enwo3v0\"><\/p>\n<p role=\"text\" class=\"bbc-1s1cxbv etq3yw90\"><span class=\"bbc-1gnhmg2 e1yt7oin0\">Fuente de la imagen, <\/span><span lang=\"en-GB\">ERNESTO BENAVIDES \/ Getty<\/span><\/p>\n<\/div>\n<\/div>\n<div dir=\"ltr\" class=\"bbc-3edg7g e57qer20\" readability=\"6\"><figcaption dir=\"ltr\" class=\"bbc-1t9zlwf eede9f50\" readability=\"2\"><span class=\"bbc-1gnhmg2 e1yt7oin0\">Pie de foto, <\/span><\/p>\n<p>Abimael Guzm\u00e1n falleci\u00f3 a los 86 a\u00f1os de edad.<\/p>\n<\/figcaption><\/div>\n<\/div>\n<\/figure>\n<\/div>\n<div dir=\"ltr\" class=\"bbc-19j92fr e57qer20\" readability=\"7\">\n<p dir=\"ltr\" class=\"bbc-bm53ic e1cc2ql70\"><b>Per\u00fa debate qu\u00e9 hacer con su muerto m\u00e1s inc\u00f3modo.<\/b><\/p>\n<\/div>\n<div dir=\"ltr\" class=\"bbc-19j92fr e57qer20\" readability=\"14\">\n<p dir=\"ltr\" class=\"bbc-bm53ic e1cc2ql70\">Abimael Guzm\u00e1n, l\u00edder de la guerrilla mao\u00edsta Sendero Luminoso, causante de decenas de miles de muertes en el pa\u00eds entre 1980 y 1992, falleci\u00f3 el pasado s\u00e1bado a los 86 a\u00f1os de edad en el penal de la Base Naval de El Callao, la prisi\u00f3n de m\u00e1xima seguridad en la que cumpl\u00eda condena por delitos de terrorismo. <\/p>\n<\/div>\n<div dir=\"ltr\" class=\"bbc-19j92fr e57qer20\" readability=\"12\">\n<p dir=\"ltr\" class=\"bbc-bm53ic e1cc2ql70\">Seg\u00fan la autopsia, Guzm\u00e1n muri\u00f3 a causa de una <b>neumon\u00eda bilateral<\/b> provocada por la acci\u00f3n de un agente pat\u00f3geno. El Instituto Nacional Penitenciario de Per\u00fa (INPE) inform\u00f3 de que Guzm\u00e1n se neg\u00f3 a recibir alimentos y ser trasladado a un centro m\u00e9dico, pese a que en las \u00faltimas semanas ya hab\u00eda tenido problemas de salud. <\/p>\n<\/div>\n<div dir=\"ltr\" class=\"bbc-19j92fr e57qer20\" readability=\"13\">\n<p dir=\"ltr\" class=\"bbc-bm53ic e1cc2ql70\">Guzm\u00e1n no era un preso m\u00e1s. Fue el<b> fundador y l\u00edder absoluto de Sendero Luminoso,<\/b> el grupo armado que se alz\u00f3 en 1980 contra el Estado en su intento por convertir a Per\u00fa en una rep\u00fablica comunista, desencadenando un conflicto cuyas v\u00edctimas mortales se estiman en 69.000. Las acciones de Sendero todav\u00eda conmueven a la sociedad peruana, que recuerda con horror una guerra en la que las fuerzas estatales tambi\u00e9n perpetraron violaciones de los derechos humanos. <\/p>\n<\/div>\n<div dir=\"ltr\" class=\"bbc-19j92fr e57qer20\" readability=\"10\">\n<p dir=\"ltr\" class=\"bbc-bm53ic e1cc2ql70\">Su viuda, Elena Iparraguirre, solicit\u00f3 desde la c\u00e1rcel en la que cumple condena por su pertenencia a Sendero Luminoso que el cad\u00e1ver de Guzm\u00e1n <b>le sea entregado. <\/b><\/p>\n<\/div>\n<div dir=\"ltr\" class=\"bbc-19j92fr e57qer20\" readability=\"10\">\n<p dir=\"ltr\" class=\"bbc-bm53ic e1cc2ql70\">Pero los tribunales han desestimado hasta ahora su petici\u00f3n, mientras que los polic\u00edas que lo capturaron piden que sea incinerado y sus restos arrojados al mar para evitar que pueda recibir el homenaje de sus seguidores. <\/p>\n<\/div>\n<div dir=\"ltr\" class=\"bbc-19j92fr e57qer20\" readability=\"9\">\n<p dir=\"ltr\" class=\"bbc-bm53ic e1cc2ql70\">El gobierno dice que el destino final del cad\u00e1ver <b>lo decidir\u00e1 la Fiscal\u00eda<\/b>, pero tambi\u00e9n se han alzado voces que aseguran que el Ejecutivo no puede eludir su responsabilidad en este asunto.<\/p>\n<\/div>\n<div dir=\"ltr\" class=\"bbc-19j92fr e57qer20\" readability=\"14\">\n<p dir=\"ltr\" class=\"bbc-bm53ic e1cc2ql70\">El ministro de Justicia, An\u00edbal Torres, solicit\u00f3 el lunes a la Fiscal\u00eda que disponga la cremaci\u00f3n de los restos de Guzm\u00e1n. Aunque la Fiscal\u00eda hab\u00eda informado en una comunicaci\u00f3n previa que, de acuerdo con la Ley General de Salud y el C\u00f3digo Procesal, &#8220;los restos deber\u00e1n ser entregados a los familiares directos debidamente acreditados&#8221;. <\/p>\n<\/div>\n<div dir=\"ltr\" class=\"bbc-19j92fr e57qer20\" readability=\"8\">\n<p dir=\"ltr\" class=\"bbc-bm53ic e1cc2ql70\">El destino final de los restos de una de las figuras m\u00e1s denostadas del siglo XX peruano se ha convertido en cuesti\u00f3n de Estado.<\/p>\n<\/div>\n<p><h2 id=\"El-embrollo-legal\" tabindex=\"-1\" class=\"bbc-l3e97o e14hemmw0\">El embrollo legal<\/h2>\n<\/p>\n<div dir=\"ltr\" class=\"bbc-19j92fr e57qer20\">\n<figure class=\"bbc-1qdcvv9 e6bmn90\">\n<div dir=\"ltr\" class=\"bbc-37mmq3 e57qer20\">\n<div dir=\"ltr\" class=\"bbc-189y18v e57qer20\" readability=\"6.5\">\n<div data-e2e=\"image-placeholder\" class=\"bbc-997y1y e1whu0\" readability=\"8\"><noscript><img loading=\"lazy\" srcset=\"http:\/\/cordobadirecto.com\/wp-content\/uploads\/2021\/09\/abimael-guzman-el-debate-en-peru-sobre-que-hacer-con-el-cadaver-del-lider-de-sendero-luminoso-11.jpg 240w, http:\/\/cordobadirecto.com\/wp-content\/uploads\/2021\/09\/abimael-guzman-el-debate-en-peru-sobre-que-hacer-con-el-cadaver-del-lider-de-sendero-luminoso-12.jpg 320w, http:\/\/cordobadirecto.com\/wp-content\/uploads\/2021\/09\/abimael-guzman-el-debate-en-peru-sobre-que-hacer-con-el-cadaver-del-lider-de-sendero-luminoso-13.jpg 480w, http:\/\/cordobadirecto.com\/wp-content\/uploads\/2021\/09\/abimael-guzman-el-debate-en-peru-sobre-que-hacer-con-el-cadaver-del-lider-de-sendero-luminoso-14.jpg 549w\" alt=\"Guzm\u00e1n\" src=\"http:\/\/cordobadirecto.com\/wp-content\/uploads\/2021\/09\/abimael-guzman-el-debate-en-peru-sobre-que-hacer-con-el-cadaver-del-lider-de-sendero-luminoso-1.jpg\" width=\"549\" height=\"549\" class=\"eehpdyc0 bbc-oabvne e1enwo3v0\"><\/noscript><\/p>\n<p role=\"text\" class=\"bbc-1s1cxbv etq3yw90\"><span class=\"bbc-1gnhmg2 e1yt7oin0\">Fuente de la imagen, <\/span><span lang=\"en-GB\">Reuters<\/span><\/p>\n<\/div>\n<\/div>\n<div dir=\"ltr\" class=\"bbc-3edg7g e57qer20\"><figcaption dir=\"ltr\" class=\"bbc-1t9zlwf eede9f50\"><span class=\"bbc-1gnhmg2 e1yt7oin0\">Pie de foto, <\/span><\/p>\n<p>Guzm\u00e1n en 2004.<\/p>\n<\/figcaption><\/div>\n<\/div>\n<\/figure>\n<\/div>\n<div dir=\"ltr\" class=\"bbc-19j92fr e57qer20\" readability=\"9\">\n<p dir=\"ltr\" class=\"bbc-bm53ic e1cc2ql70\">Qu\u00e9 hacer con los restos de Guzm\u00e1n tiene delicadas implicaciones pol\u00edticas, pero tambi\u00e9n legales. <\/p>\n<\/div>\n<div dir=\"ltr\" class=\"bbc-19j92fr e57qer20\" readability=\"9\">\n<p dir=\"ltr\" class=\"bbc-bm53ic e1cc2ql70\">De momento est\u00e1n en la morgue de El Callao, a donde el lunes acudi\u00f3 una comisi\u00f3n de congresistas para verificar que el cad\u00e1ver era efectivamente el del l\u00edder senderista. <\/p>\n<\/div>\n<div dir=\"ltr\" class=\"bbc-19j92fr e57qer20\" readability=\"7\">\n<p dir=\"ltr\" class=\"bbc-bm53ic e1cc2ql70\">Los intentos de su esposa por hacerse con el cuerpo han sido hasta ahora desestimados. <\/p>\n<\/div>\n<div dir=\"ltr\" class=\"bbc-19j92fr e57qer20\" readability=\"13\">\n<p dir=\"ltr\" class=\"bbc-bm53ic e1cc2ql70\">La primera petici\u00f3n se hizo a trav\u00e9s de Iris Yolanda Qui\u00f1ones Colchado, tambi\u00e9n condenada por su militancia en Sendero Luminoso, quien present\u00f3 ante la Fiscal\u00eda <b>un poder otorgado por Iparraguirre para hacerse cargo del cuerpo<\/b>. Pero el poder no hab\u00eda sido otorgado ante notario, por lo que no fue considerado v\u00e1lido. <\/p>\n<\/div>\n<div dir=\"ltr\" class=\"bbc-19j92fr e57qer20\" readability=\"11\">\n<p dir=\"ltr\" class=\"bbc-bm53ic e1cc2ql70\">Al estar encarcelada e incomunicada, Iparraguirre no pudo acudir personalmente a reclamar los restos de su difunto marido, ni tampoco acceder a un notario que certifique su voluntad de que otra persona lo haga en su nombre. <\/p>\n<\/div>\n<div dir=\"ltr\" class=\"bbc-19j92fr e57qer20\" readability=\"8\">\n<p dir=\"ltr\" class=\"bbc-bm53ic e1cc2ql70\">La viuda present\u00f3 un primer recurso de habeas corpus que fue tambi\u00e9n rechazado por el Primer Juzgado de Investigaci\u00f3n Preparatoria Permanente del Callao.<\/p>\n<\/div>\n<div dir=\"ltr\" class=\"bbc-19j92fr e57qer20\" readability=\"10\">\n<p dir=\"ltr\" class=\"bbc-bm53ic e1cc2ql70\">En el oficio en el que solicitaba a la Fiscal\u00eda que se incinere el cuerpo, el ministro Torres afirmaba que darle sepultura a Guzm\u00e1n &#8220;podr\u00eda conllevar afectaciones al orden p\u00fablico y la seguridad&#8221; por el riesgo de que los seguidores de Guzm\u00e1n quisieran &#8220;enaltecerlo y homenajearlo&#8221;. <\/p>\n<\/div>\n<div dir=\"ltr\" class=\"bbc-19j92fr e57qer20\" readability=\"13\">\n<p dir=\"ltr\" class=\"bbc-bm53ic e1cc2ql70\">Torres invoc\u00f3 la Ley General de Salud y la Ley General de Cementerios, y afirm\u00f3 que si los cad\u00e1veres no son reclamados por la familia en el plazo legal, el Ministerio P\u00fablico debe hacerse cargo de ellos, que tendr\u00eda entonces la potestad de donarlos para investigaci\u00f3n cient\u00edfica o solicitar su cremaci\u00f3n. <\/p>\n<\/div>\n<div dir=\"ltr\" class=\"bbc-19j92fr e57qer20\" readability=\"14\">\n<p dir=\"ltr\" class=\"bbc-bm53ic e1cc2ql70\">Pero la viuda, en comentarios citados por la p\u00e1gina web del Movimiento por la Amnist\u00eda y los Derechos Fundamentales (Movadef), que promueve la amnist\u00eda de los senderistas privados de libertad, a los que considera &#8220;presos pol\u00edticos&#8221;, responsabiliz\u00f3 al Estado peruano del &#8220;asesinato&#8221; de su esposo y <b>&#8220;la desaparici\u00f3n de su cuerpo&#8221;. <\/b><\/p>\n<\/div>\n<div dir=\"ltr\" class=\"bbc-19j92fr e57qer20\" readability=\"8\">\n<p dir=\"ltr\" class=\"bbc-bm53ic e1cc2ql70\">Las autoridades informaron de que Iparraguirre ser\u00eda trasladada a un penal de m\u00e1xima seguridad por haberse comunicado con el exterior salt\u00e1ndose el r\u00e9gimen penitenciario al que est\u00e1 sometido. <\/p>\n<\/div>\n<div dir=\"ltr\" class=\"bbc-19j92fr e57qer20\" readability=\"9\">\n<p dir=\"ltr\" class=\"bbc-bm53ic e1cc2ql70\">Expertos jur\u00eddicos citados por la prensa peruana afirmaron que el problema estriba en la falta de una previsi\u00f3n sobre qu\u00e9 hacer con los condenados por terrorismo muertos en prisi\u00f3n en las leyes peruanas. <\/p>\n<\/div>\n<div dir=\"ltr\" class=\"bbc-19j92fr e57qer20\" readability=\"10\">\n<p dir=\"ltr\" class=\"bbc-bm53ic e1cc2ql70\">La fiscal de la Naci\u00f3n, Zoraida \u00c1valos, admiti\u00f3 que el caso de Guzm\u00e1n enfrenta a las autoridades a &#8220;un vac\u00edo normativo&#8221;. <\/p>\n<\/div>\n<div dir=\"ltr\" class=\"bbc-19j92fr e57qer20\" readability=\"9\">\n<p dir=\"ltr\" class=\"bbc-bm53ic e1cc2ql70\">Por ello \u00c1valos present\u00f3 al Congreso este lunbes un proyecto de ley para que jueces o fiscales puedan disponer el destino final de cad\u00e1veres &#8220;en caso de posible afectaci\u00f3n a la seguridad y orden p\u00fablico&#8221;. <\/p>\n<\/div>\n<p><h2 id=\"Por-qu\u00e9-es-un-problema-para-Pedro-Castillo-y-su-gobierno\" tabindex=\"-1\" class=\"bbc-l3e97o e14hemmw0\">Por qu\u00e9 es un problema para Pedro Castillo y su gobierno<\/h2>\n<\/p>\n<div dir=\"ltr\" class=\"bbc-19j92fr e57qer20\" readability=\"12\">\n<p dir=\"ltr\" class=\"bbc-bm53ic e1cc2ql70\">En la campa\u00f1a electoral, el presidente de Per\u00fa, Pedro Castillo, recibi\u00f3 acusaciones de v\u00ednculos con Sendero Luminoso, algo que siempre ha rechazado.<\/p>\n<\/div>\n<div dir=\"ltr\" class=\"bbc-19j92fr e57qer20\" readability=\"8\">\n<p dir=\"ltr\" class=\"bbc-bm53ic e1cc2ql70\">Las supuestas conexiones de algunos miembros de su gobierno con la organizaci\u00f3n que fund\u00f3 Guzm\u00e1n se han convertido en fuente de cr\u00edticas y han enrarecido el clima pol\u00edtico. <\/p>\n<\/div>\n<div dir=\"ltr\" class=\"bbc-1ka88fa e57qer20\">\n<figure class=\"bbc-1qdcvv9 e6bmn90\">\n<div dir=\"ltr\" class=\"bbc-172p16q e57qer20\">\n<div dir=\"ltr\" class=\"bbc-189y18v e57qer20\" readability=\"6.5\">\n<div data-e2e=\"image-placeholder\" class=\"bbc-997y1y e1whu0\" readability=\"8\"><noscript><img loading=\"lazy\" srcset=\"http:\/\/cordobadirecto.com\/wp-content\/uploads\/2021\/09\/abimael-guzman-el-debate-en-peru-sobre-que-hacer-con-el-cadaver-del-lider-de-sendero-luminoso-15.jpg 240w, http:\/\/cordobadirecto.com\/wp-content\/uploads\/2021\/09\/abimael-guzman-el-debate-en-peru-sobre-que-hacer-con-el-cadaver-del-lider-de-sendero-luminoso-16.jpg 320w, http:\/\/cordobadirecto.com\/wp-content\/uploads\/2021\/09\/abimael-guzman-el-debate-en-peru-sobre-que-hacer-con-el-cadaver-del-lider-de-sendero-luminoso-17.jpg 480w, http:\/\/cordobadirecto.com\/wp-content\/uploads\/2021\/09\/abimael-guzman-el-debate-en-peru-sobre-que-hacer-con-el-cadaver-del-lider-de-sendero-luminoso-18.jpg 624w, http:\/\/cordobadirecto.com\/wp-content\/uploads\/2021\/09\/abimael-guzman-el-debate-en-peru-sobre-que-hacer-con-el-cadaver-del-lider-de-sendero-luminoso-19.jpg 800w\" alt=\"Pedro Castillo, en un acto, flanqueado por un militar.\" src=\"http:\/\/cordobadirecto.com\/wp-content\/uploads\/2021\/09\/abimael-guzman-el-debate-en-peru-sobre-que-hacer-con-el-cadaver-del-lider-de-sendero-luminoso-2.jpg\" width=\"976\" height=\"549\" class=\"eehpdyc0 bbc-oabvne e1enwo3v0\"><\/noscript><\/p>\n<p role=\"text\" class=\"bbc-1s1cxbv etq3yw90\"><span class=\"bbc-1gnhmg2 e1yt7oin0\">Fuente de la imagen, <\/span><span lang=\"en-GB\">Getty Images<\/span><\/p>\n<\/div>\n<\/div>\n<div dir=\"ltr\" class=\"bbc-3edg7g e57qer20\" readability=\"6.5\"><figcaption dir=\"ltr\" class=\"bbc-1t9zlwf eede9f50\" readability=\"3\"><span class=\"bbc-1gnhmg2 e1yt7oin0\">Pie de foto, <\/span><\/p>\n<p>El gobierno de Pedro Castillo ha dicho que la decisi\u00f3n sobre el cad\u00e1ver de Guzm\u00e1n ser\u00e1 de la Fiscal\u00eda.<\/p>\n<\/figcaption><\/div>\n<\/div>\n<\/figure>\n<\/div>\n<div dir=\"ltr\" class=\"bbc-19j92fr e57qer20\" readability=\"13\">\n<p dir=\"ltr\" class=\"bbc-bm53ic e1cc2ql70\">El primer ministro, Guido Bellido, est\u00e1 bajo investigaci\u00f3n por apolog\u00eda del terrorismo, por sus mensajes ensalzando a la hist\u00f3rica senderista Edith Lagos y por su presunta vinculaci\u00f3n con algunos cabecillas senderistas en la zona del VRAEM (Valle de los R\u00edos Apur\u00edmac, Ene y Mantaro). <\/p>\n<\/div>\n<div dir=\"ltr\" class=\"bbc-19j92fr e57qer20\" readability=\"10\">\n<p dir=\"ltr\" class=\"bbc-bm53ic e1cc2ql70\">Y el ministro de Trabajo, Iber Marav\u00ed, est\u00e1 acusado de comandar a guerrilleros senderistas en Huamanga entre 1980 y 1981. \u00c9l lo niega. <\/p>\n<\/div>\n<div dir=\"ltr\" class=\"bbc-19j92fr e57qer20\" readability=\"11\">\n<p dir=\"ltr\" class=\"bbc-bm53ic e1cc2ql70\">Conscientes de la controversia, desde Presidencia trataron de marcar distancias cuando se conoci\u00f3 la noticia de la muerte de Guzm\u00e1n, mientras Castillo reiter\u00f3 desde su cuenta de Twitter su condena<b> &#8220;firme e indeclinable&#8221;<\/b> al terrorismo.<\/p>\n<\/div>\n<div dir=\"ltr\" class=\"bbc-19j92fr e57qer20\" readability=\"17\">\n<p dir=\"ltr\" class=\"bbc-bm53ic e1cc2ql70\">&#8220;No podemos seguir en dimes y diretes, que tenemos ideolog\u00eda senderista. <b>Falso, totalmente falso<\/b>. Somos hombres de pueblo, campesinos, maestros, y ronderos, y lo dir\u00e9 en cualquier rinc\u00f3n del pa\u00eds&#8221;, reiter\u00f3 el presidente este lunes en un discurso en Tacabamba, seg\u00fan recoge la prensa peruana. <\/p>\n<\/div>\n<div dir=\"ltr\" class=\"bbc-19j92fr e57qer20\" readability=\"12\">\n<p dir=\"ltr\" class=\"bbc-bm53ic e1cc2ql70\">Santiago Roncagliolo, autor de varios libros sobre Sendero Luminoso, advirti\u00f3 en entrevista con BBC Mundo que &#8220;si el gobierno toma cualquier decisi\u00f3n que pueda ser interpretada como de cercan\u00eda a Sendero, va a provocar <b>una reacci\u00f3n muy visceral <\/b>en contra de la mitad de los peruanos&#8221;.<\/p>\n<\/div>\n<div dir=\"ltr\" class=\"bbc-19j92fr e57qer20\" readability=\"13\">\n<p dir=\"ltr\" class=\"bbc-bm53ic e1cc2ql70\">El ministro Torres, que ha tomado la iniciativa para que se incinere a Guzm\u00e1n, protagoniza estos d\u00edas un enfrentamiento p\u00fablico con Vladimir Cerr\u00f3n y otros dirigentes del sector m\u00e1s radical de Per\u00fa Libre, cuyas figuras m\u00e1s destacadas han sido acusadas por los partidos a la derecha del arco pol\u00edtico de connivencia con &#8220;el terrorismo&#8221;. Sus diferencias ponen de manifiesto una vez m\u00e1s las divisiones internas en el gobierno. <\/p>\n<\/div>\n<p><h2 id=\"Una-amenaza-en-s\u00ed-mismo\" tabindex=\"-1\" class=\"bbc-l3e97o e14hemmw0\">&#8220;Una amenaza en s\u00ed mismo&#8221;<\/h2>\n<\/p>\n<div dir=\"ltr\" class=\"bbc-19j92fr e57qer20\" readability=\"10\">\n<p dir=\"ltr\" class=\"bbc-bm53ic e1cc2ql70\">Hasta su detenci\u00f3n, de la que justo ahora se cumplen 30 a\u00f1os, Guzm\u00e1n y su organizaci\u00f3n criminal tuvieron en jaque al Estado peruano. <\/p>\n<\/div>\n<div dir=\"ltr\" class=\"bbc-19j92fr e57qer20\" readability=\"15\">\n<p dir=\"ltr\" class=\"bbc-bm53ic e1cc2ql70\">Convencido de que Per\u00fa deb\u00eda culminar una revoluci\u00f3n y convertirse en la nueva vanguardia del comunismo mundial, este profesor de Filosof\u00eda y Leyes empuj\u00f3 a la organizaci\u00f3n a una campa\u00f1a insurgente que afect\u00f3 especialmente a las poblaciones campesinas peruanas, en gran medida en el Departamento de Ayacucho, aunque tambi\u00e9n en la capital, Lima, donde hubo sangrientos atentados y ataques contra la red el\u00e9ctrica.<\/p>\n<\/div>\n<div dir=\"ltr\" class=\"bbc-19j92fr e57qer20\" readability=\"15\">\n<p dir=\"ltr\" class=\"bbc-bm53ic e1cc2ql70\">Gustavo Gorriti, periodista y autor de varios libros sobre Sendero Luminoso, le dijo a BBC Mundo que &#8220;la respuesta del Estado y de buena parte de la sociedad a una insurrecci\u00f3n mao\u00edsta totalmente diferente a otras que hab\u00eda habido en Am\u00e9rica Latina estuvo marcada por el desconocimiento&#8221;. Eso explica que, seg\u00fan Gorriti, &#8220;no se hizo un an\u00e1lisis de la figura de Guzm\u00e1n, sino un <b>exorcismo; pareciera que su cad\u00e1ver es una amenaza en s\u00ed mismo<\/b>&#8220;. <\/p>\n<\/div>\n<div dir=\"ltr\" class=\"bbc-1ka88fa e57qer20\">\n<figure class=\"bbc-1qdcvv9 e6bmn90\">\n<div dir=\"ltr\" class=\"bbc-172p16q e57qer20\">\n<div dir=\"ltr\" class=\"bbc-189y18v e57qer20\" readability=\"6.5\">\n<div data-e2e=\"image-placeholder\" class=\"bbc-997y1y e1whu0\" readability=\"8\"><noscript><img loading=\"lazy\" srcset=\"http:\/\/cordobadirecto.com\/wp-content\/uploads\/2021\/09\/abimael-guzman-el-debate-en-peru-sobre-que-hacer-con-el-cadaver-del-lider-de-sendero-luminoso-20.jpg 240w, http:\/\/cordobadirecto.com\/wp-content\/uploads\/2021\/09\/abimael-guzman-el-debate-en-peru-sobre-que-hacer-con-el-cadaver-del-lider-de-sendero-luminoso-21.jpg 320w, http:\/\/cordobadirecto.com\/wp-content\/uploads\/2021\/09\/abimael-guzman-el-debate-en-peru-sobre-que-hacer-con-el-cadaver-del-lider-de-sendero-luminoso-22.jpg 480w, http:\/\/cordobadirecto.com\/wp-content\/uploads\/2021\/09\/abimael-guzman-el-debate-en-peru-sobre-que-hacer-con-el-cadaver-del-lider-de-sendero-luminoso-23.jpg 624w, http:\/\/cordobadirecto.com\/wp-content\/uploads\/2021\/09\/abimael-guzman-el-debate-en-peru-sobre-que-hacer-con-el-cadaver-del-lider-de-sendero-luminoso-24.jpg 800w\" alt=\"Mujeres lloran junto al ata\u00fad de un polic\u00eda v\u00edctima de Sendero.\" src=\"http:\/\/cordobadirecto.com\/wp-content\/uploads\/2021\/09\/abimael-guzman-el-debate-en-peru-sobre-que-hacer-con-el-cadaver-del-lider-de-sendero-luminoso-3.jpg\" width=\"976\" height=\"549\" class=\"eehpdyc0 bbc-oabvne e1enwo3v0\"><\/noscript><\/p>\n<p role=\"text\" class=\"bbc-1s1cxbv etq3yw90\"><span class=\"bbc-1gnhmg2 e1yt7oin0\">Fuente de la imagen, <\/span><span lang=\"en-GB\">JAIME RAZURI \/ Getty<\/span><\/p>\n<\/div>\n<\/div>\n<div dir=\"ltr\" class=\"bbc-3edg7g e57qer20\" readability=\"6\"><figcaption dir=\"ltr\" class=\"bbc-1t9zlwf eede9f50\" readability=\"2\"><span class=\"bbc-1gnhmg2 e1yt7oin0\">Pie de foto, <\/span><\/p>\n<p>La acci\u00f3n de Sendero Luminoso dej\u00f3 miles de muertos en Per\u00fa.<\/p>\n<\/figcaption><\/div>\n<\/div>\n<\/figure>\n<\/div>\n<div dir=\"ltr\" class=\"bbc-19j92fr e57qer20\" readability=\"8\">\n<p dir=\"ltr\" class=\"bbc-bm53ic e1cc2ql70\">La capacidad y la amenaza de Sendero Luminoso se vieron casi eliminadas con la captura de Guzm\u00e1n y el resto de miembros de su c\u00fapula. <\/p>\n<\/div>\n<div dir=\"ltr\" class=\"bbc-19j92fr e57qer20\" readability=\"10\">\n<p dir=\"ltr\" class=\"bbc-bm53ic e1cc2ql70\">Gorriti cree que, &#8220;cuando Guzm\u00e1n es arrestado, todo el miedo que hab\u00eda generado se convierte en una indignaci\u00f3n ciega y permanente&#8221;.<\/p>\n<\/div>\n<div dir=\"ltr\" class=\"bbc-19j92fr e57qer20\" readability=\"9\">\n<p dir=\"ltr\" class=\"bbc-bm53ic e1cc2ql70\">El espinoso tema de Sendero Luminoso sigue causando una <b>gran divisi\u00f3n en todo el espectro pol\u00edtico peruano<\/b>, ahora muy polarizado.<\/p>\n<\/div>\n<div dir=\"ltr\" class=\"bbc-19j92fr e57qer20\" readability=\"16\">\n<p dir=\"ltr\" class=\"bbc-bm53ic e1cc2ql70\">En un art\u00edculo publicado en el diario La Rep\u00fablica, Salom\u00f3n Lerner Febres, expresidente de la Comisi\u00f3n de la Verdad y la Reconciliaci\u00f3n de Per\u00fa, lament\u00f3 que &#8220;desde la derecha del espectro pol\u00edtico se practica la acusaci\u00f3n de &#8216;terrorista&#8217; de una manera indiscriminada y, por supuesto, c\u00ednica y embustera, contra todo aquel que cuestione el statu quo&#8221;. <\/p>\n<\/div>\n<div dir=\"ltr\" class=\"bbc-19j92fr e57qer20\" readability=\"11\">\n<p dir=\"ltr\" class=\"bbc-bm53ic e1cc2ql70\">&#8220;Desde cierta izquierda, incluyendo a personajes del actual gobierno, se banalizan los cr\u00edmenes de Sendero Luminoso&#8221;, escribi\u00f3.<\/p>\n<\/div>\n<p><h2 id=\"Qu\u00e9-pasar\u00e1-entonces-con-Abimael-Guzm\u00e1n\" tabindex=\"-1\" class=\"bbc-l3e97o e14hemmw0\">Qu\u00e9 pasar\u00e1 entonces con Abimael Guzm\u00e1n<\/h2>\n<\/p>\n<div dir=\"ltr\" class=\"bbc-19j92fr e57qer20\" readability=\"9\">\n<p dir=\"ltr\" class=\"bbc-bm53ic e1cc2ql70\">A medida que pasan las horas, parece m\u00e1s claro que las autoridades har\u00e1n todo lo posible por evitar que el cad\u00e1ver se entregue a la familia y reciba alg\u00fan homenaje. <\/p>\n<\/div>\n<div dir=\"ltr\" class=\"bbc-19j92fr e57qer20\" readability=\"13\">\n<p dir=\"ltr\" class=\"bbc-bm53ic e1cc2ql70\">Los portavoces de todos los grupos del Congreso suscribieron un comunicado conjunto este lunes en el que afirmaron que &#8220;el cuerpo del genocida Abimael Guzm\u00e1n debe ser incinerado para evitar &#8220;generar espacios para que los rezagos senderistas y sus fachadas vigentes, como el Movadef, realicen actos de reivindicaci\u00f3n del cabecilla terrorista&#8221;, lo que hace pensar que la propuesta de la Fiscal\u00eda de facultar a jueces y fiscales para ordenar la incineraci\u00f3n ser\u00e1 aprobada. <\/p>\n<\/div>\n<div dir=\"ltr\" class=\"bbc-19j92fr e57qer20\" readability=\"12\">\n<p dir=\"ltr\" class=\"bbc-bm53ic e1cc2ql70\">Roncagliolo afirma que &#8220;el problema es que no se trata de entregarle el cuerpo a una esposa inocente, sino que hablamos de la n\u00famero dos de Sendero, que lo que quiere es construir un santuario para su marido, y eso ser\u00eda muy doloroso para los peruanos&#8221;. <\/p>\n<\/div>\n<div dir=\"ltr\" class=\"bbc-1ka88fa e57qer20\">\n<figure class=\"bbc-1qdcvv9 e6bmn90\">\n<div dir=\"ltr\" class=\"bbc-172p16q e57qer20\">\n<div dir=\"ltr\" class=\"bbc-189y18v e57qer20\" readability=\"6.5\">\n<div data-e2e=\"image-placeholder\" class=\"bbc-997y1y e1whu0\" readability=\"8\"><noscript><img loading=\"lazy\" srcset=\"http:\/\/cordobadirecto.com\/wp-content\/uploads\/2021\/09\/abimael-guzman-el-debate-en-peru-sobre-que-hacer-con-el-cadaver-del-lider-de-sendero-luminoso-25.jpg 240w, http:\/\/cordobadirecto.com\/wp-content\/uploads\/2021\/09\/abimael-guzman-el-debate-en-peru-sobre-que-hacer-con-el-cadaver-del-lider-de-sendero-luminoso-26.jpg 320w, http:\/\/cordobadirecto.com\/wp-content\/uploads\/2021\/09\/abimael-guzman-el-debate-en-peru-sobre-que-hacer-con-el-cadaver-del-lider-de-sendero-luminoso-27.jpg 480w, http:\/\/cordobadirecto.com\/wp-content\/uploads\/2021\/09\/abimael-guzman-el-debate-en-peru-sobre-que-hacer-con-el-cadaver-del-lider-de-sendero-luminoso-28.jpg 624w, http:\/\/cordobadirecto.com\/wp-content\/uploads\/2021\/09\/abimael-guzman-el-debate-en-peru-sobre-que-hacer-con-el-cadaver-del-lider-de-sendero-luminoso-29.jpg 800w\" alt=\"Mujer porta un cartel con el mensaje de &quot;No al terrorismo&quot;.\" src=\"http:\/\/cordobadirecto.com\/wp-content\/uploads\/2021\/09\/abimael-guzman-el-debate-en-peru-sobre-que-hacer-con-el-cadaver-del-lider-de-sendero-luminoso-4.jpg\" width=\"976\" height=\"549\" class=\"eehpdyc0 bbc-oabvne e1enwo3v0\"><\/noscript><\/p>\n<p role=\"text\" class=\"bbc-1s1cxbv etq3yw90\"><span class=\"bbc-1gnhmg2 e1yt7oin0\">Fuente de la imagen, <\/span><span lang=\"en-GB\">Getty Images<\/span><\/p>\n<\/div>\n<\/div>\n<div dir=\"ltr\" class=\"bbc-3edg7g e57qer20\" readability=\"6\"><figcaption dir=\"ltr\" class=\"bbc-1t9zlwf eede9f50\" readability=\"2\"><span class=\"bbc-1gnhmg2 e1yt7oin0\">Pie de foto, <\/span><\/p>\n<p>La violencia de Sendero Luminoso sigue siendo motivo de indignaci\u00f3n para muchos peruanos.<\/p>\n<\/figcaption><\/div>\n<\/div>\n<\/figure>\n<\/div>\n<div dir=\"ltr\" class=\"bbc-19j92fr e57qer20\" readability=\"10\">\n<p dir=\"ltr\" class=\"bbc-bm53ic e1cc2ql70\">Roncagliolo duda de la legalidad de arrebatarle el cuerpo a la familia. Seg\u00fan \u00e9l, &#8220;Per\u00fa triunf\u00f3 sobre Sendero con los instrumentos del Estado de Derecho y ese Estado de Derecho debe seguir siendo respetado&#8221;. <\/p>\n<\/div>\n<div dir=\"ltr\" class=\"bbc-19j92fr e57qer20\" readability=\"10\">\n<p dir=\"ltr\" class=\"bbc-bm53ic e1cc2ql70\">Gorriti, por su parte, aboga porque a Iparraguirre se le conceda un <b>permiso excepcional <\/b>para darle un \u00faltimo adi\u00f3s a su marido. <\/p>\n<\/div>\n<div dir=\"ltr\" class=\"bbc-19j92fr e57qer20\" readability=\"9\">\n<p dir=\"ltr\" class=\"bbc-bm53ic e1cc2ql70\">&#8220;Hay ciertas consideraciones de humanidad que debe tener una democracia, aunque no fueran esos los valores que tuvieron sus enemigos&#8221;. <\/p>\n<\/div>\n<div dir=\"ltr\" class=\"bbc-1ka88fa e57qer20\">\n<figure class=\"bbc-1qdcvv9 e6bmn90\">\n<div dir=\"ltr\" class=\"bbc-172p16q e57qer20\">\n<div dir=\"ltr\" class=\"bbc-189y18v e57qer20\">\n<div data-e2e=\"image-placeholder\" class=\"bbc-997y1y e1whu0\"><noscript><img loading=\"lazy\" srcset=\"http:\/\/cordobadirecto.com\/wp-content\/uploads\/2021\/09\/abimael-guzman-el-debate-en-peru-sobre-que-hacer-con-el-cadaver-del-lider-de-sendero-luminoso-30.jpg 240w, http:\/\/cordobadirecto.com\/wp-content\/uploads\/2021\/09\/abimael-guzman-el-debate-en-peru-sobre-que-hacer-con-el-cadaver-del-lider-de-sendero-luminoso-31.jpg 320w, http:\/\/cordobadirecto.com\/wp-content\/uploads\/2021\/09\/abimael-guzman-el-debate-en-peru-sobre-que-hacer-con-el-cadaver-del-lider-de-sendero-luminoso-32.jpg 464w\" alt=\"L\u00ednea\" src=\"http:\/\/cordobadirecto.com\/wp-content\/uploads\/2021\/09\/abimael-guzman-el-debate-en-peru-sobre-que-hacer-con-el-cadaver-del-lider-de-sendero-luminoso-5.jpg\" width=\"464\" height=\"2\" class=\"eehpdyc0 bbc-oabvne e1enwo3v0\"><\/noscript><\/div>\n<\/div>\n<\/div>\n<\/figure>\n<\/div>\n<div dir=\"ltr\" class=\"bbc-19j92fr e57qer20\" readability=\"8\">\n<p dir=\"ltr\" class=\"bbc-bm53ic e1cc2ql70\"><i class=\"bbc-h1y5j7 ewc4zcb0\">Recuerda que <\/i><i class=\"bbc-h1y5j7 ewc4zcb0\">puedes recibir notificaciones de BBC Mundo. Descarg<\/i><i class=\"bbc-h1y5j7 ewc4zcb0\">a <\/i><i class=\"bbc-h1y5j7 ewc4zcb0\">nuestra app y act\u00edvalas para no perderte nuestro mejor contenido.<\/i><\/p>\n<\/div>\n","protected":false},"excerpt":{"rendered":"<p>Guillermo D. Olmo @BBCgolmo BBC News Mundo 14 septiembre 2021 Actualizado 5 horas Fuente de la imagen, ERNESTO BENAVIDES \/ Getty Pie de foto, Abimael Guzm\u00e1n falleci\u00f3 a los 86 a\u00f1os de edad. Per\u00fa debate qu\u00e9 hacer con su muerto m\u00e1s inc\u00f3modo. Abimael Guzm\u00e1n, l\u00edder de la guerrilla mao\u00edsta Sendero Luminoso, causante de decenas de [&hellip;]<\/p>\n","protected":false},"author":1,"featured_media":18489,"comment_status":"closed","ping_status":"closed","sticky":false,"template":"","format":"standard","meta":[],"categories":[24],"tags":[],"_links":{"self":[{"href":"http:\/\/cordobadirecto.com\/index.php\/wp-json\/wp\/v2\/posts\/18488"}],"collection":[{"href":"http:\/\/cordobadirecto.com\/index.php\/wp-json\/wp\/v2\/posts"}],"about":[{"href":"http:\/\/cordobadirecto.com\/index.php\/wp-json\/wp\/v2\/types\/post"}],"author":[{"embeddable":true,"href":"http:\/\/cordobadirecto.com\/index.php\/wp-json\/wp\/v2\/users\/1"}],"replies":[{"embeddable":true,"href":"http:\/\/cordobadirecto.com\/index.php\/wp-json\/wp\/v2\/comments?post=18488"}],"version-history":[{"count":0,"href":"http:\/\/cordobadirecto.com\/index.php\/wp-json\/wp\/v2\/posts\/18488\/revisions"}],"wp:featuredmedia":[{"embeddable":true,"href":"http:\/\/cordobadirecto.com\/index.php\/wp-json\/wp\/v2\/media\/18489"}],"wp:attachment":[{"href":"http:\/\/cordobadirecto.com\/index.php\/wp-json\/wp\/v2\/media?parent=18488"}],"wp:term":[{"taxonomy":"category","embeddable":true,"href":"http:\/\/cordobadirecto.com\/index.php\/wp-json\/wp\/v2\/categories?post=18488"},{"taxonomy":"post_tag","embeddable":true,"href":"http:\/\/cordobadirecto.com\/index.php\/wp-json\/wp\/v2\/tags?post=18488"}],"curies":[{"name":"wp","href":"https:\/\/api.w.org\/{rel}","templated":true}]}}