{"id":184906,"date":"2026-01-20T20:43:38","date_gmt":"2026-01-20T20:43:38","guid":{"rendered":"https:\/\/www.ole.com.ar\/autos\/fotos-franco-colapinto-version-modelo-ropa-2026-alpine_0_43TCXL5kXo.html"},"modified":"2026-01-20T20:43:38","modified_gmt":"2026-01-20T20:43:38","slug":"las-fotos-de-franco-colapinto-en-version-modelo-con-la-ropa-2026-de-alpine","status":"publish","type":"post","link":"http:\/\/cordobadirecto.com\/index.php\/2026\/01\/20\/las-fotos-de-franco-colapinto-en-version-modelo-con-la-ropa-2026-de-alpine\/","title":{"rendered":"Las fotos de Franco Colapinto en versi\u00f3n modelo con la ropa 2026 de Alpine"},"content":{"rendered":"<p><time class=\"createDate\" datetime=\"2026-01-20T17:43:38-03:00\">20\/01\/2026 17:43hs.<\/time><\/p>\n<div id=\"storyBody\">\n<div id=\"element-body-0\" class=\"sc-136cd478-0 ekTCfV\" readability=\"31.089494163424\">\n<p><strong><a href=\"https:\/\/www.ole.com.ar\/tema\/alpine.html\" title=\"Alpine\" alt=\"Alpine\" class=\"slug\">Alpine<\/a><\/strong> empez\u00f3 a calentar motores de cara a la temporada 2026 de la <strong>F\u00f3rmula 1 <\/strong>y lo hizo con una presentaci\u00f3n previa al lanzamiento del auto: <strong><a href=\"https:\/\/www.ole.com.ar\/tema\/franco-colapinto.html\" title=\"Franco Colapinto\" alt=\"Franco Colapinto\" class=\"slug\">Franco Colapinto<\/a><\/strong> y <strong>Pierre Gasly<\/strong> se pusieron en modo modelos para mostrar la nueva indumentaria oficial del equipo.<\/p>\n<\/div>\n<div id=\"element-body-1\" class=\"sc-136cd478-0 ekTCfV\" readability=\"42\">\n<p>La escuder\u00eda francesa difundi\u00f3 una serie de fotos en las que se ve a sus dos pilotos luciendo las remeras, chombas, camperas y buzos de la flamante colecci\u00f3n, fabricada por <strong>Castore<\/strong>, la marca que viste a varios equipos de la M\u00e1xima. Esta vez, el dise\u00f1o apuesta fuerte por el azul, dejando el rosa en un segundo plano, en contraste con lo que se vio el a\u00f1o pasado.<\/p>\n<\/div>\n<div class=\"sc-e7b891c4-0 ifHnQL image-embed\" id=\"element-body-2\"><img alt=\"La remera y hasta el reloj vende Alpine.\" loading=\"lazy\" width=\"720\" height=\"100\" decoding=\"async\" data-nimg=\"1\" src=\"http:\/\/cordobadirecto.com\/wp-content\/uploads\/2026\/01\/las-fotos-de-franco-colapinto-en-version-modelo-con-la-ropa-2026-de-alpine.jpg\"><span class=\"epigraphe\">La remera y hasta el reloj vende Alpine.<\/span><\/div>\n<div id=\"element-body-3\" class=\"sc-136cd478-0 ekTCfV\" readability=\"42\">\n<p><strong>Colapinto, que se prepara para su primera temporada completa en la F1 tras dos a\u00f1os en los que arranc\u00f3 en la 16a fecha (Williams) y la 7a (Alpine)<\/strong>, fue uno de los protagonistas de la campa\u00f1a, posando con la ropa oficial como si se tratara de una producci\u00f3n de moda. A su lado, Gasly, referente del equipo, tambi\u00e9n se sum\u00f3 a la movida y mostr\u00f3 el #10, n\u00famero que usa en sui monoplaza.<\/p>\n<\/div>\n<div id=\"element-body-4\" class=\"sc-136cd478-0 ekTCfV\" readability=\"37\">\n<p>El team kit oficial Castore 2026 de la escuder\u00eda francesa estar\u00e1 disponible a la venta para los fan\u00e1ticos que quieran vestirse como los pilotos. La firma brit\u00e1nica encargada de la indumentaria, ya tuvo presencia en la F\u00f3rmula 1: en 2025 visti\u00f3 a McLaren, aunque la escuder\u00eda campeona decidi\u00f3 cambiar de proveedor y pas\u00f3 a Puma para esta temporada.<\/p>\n<\/div>\n<div class=\"sc-e7b891c4-0 ifHnQL image-embed\" id=\"element-body-5\"><img alt=\"As\u00ed ser\u00e1 la chomba de Alpine.\" loading=\"lazy\" width=\"720\" height=\"100\" decoding=\"async\" data-nimg=\"1\" src=\"http:\/\/cordobadirecto.com\/wp-content\/uploads\/2026\/01\/las-fotos-de-franco-colapinto-en-version-modelo-con-la-ropa-2026-de-alpine-1.jpg\"><span class=\"epigraphe\">As\u00ed ser\u00e1 la chomba de Alpine.<\/span><\/div>\n<div id=\"element-body-6\" class=\"sc-136cd478-0 ekTCfV\" readability=\"36\">\n<p>Mientras tanto, Alpine empieza a mostrar sus cartas de cara a un a\u00f1o clave. La temporada 2026 arrancar\u00e1 el 8 de marzo en Australia, y el equipo franc\u00e9s apunta a dar un salto de calidad tanto dentro como fuera de la pista.<\/p>\n<\/div>\n<p><h2>\u00bfAuto m\u00e1s azul que rosa para Alpine?<\/h2>\n<\/p>\n<div id=\"element-body-8\" class=\"sc-136cd478-0 ekTCfV\" readability=\"35\">\n<p>El predominio del azul en la nueva ropa permite inferir que el dise\u00f1o del monoplaza tambi\u00e9n podr\u00eda seguir esa l\u00ednea, dejando de lado el rosa que marc\u00f3 la identidad visual en temporadas anteriores.<\/p>\n<\/div>\n<div class=\"sc-e7b891c4-0 ifHnQL image-embed\" id=\"element-body-9\"><img alt=\"Franco mostr\u00f3 la campera.\" loading=\"lazy\" width=\"720\" height=\"100\" decoding=\"async\" data-nimg=\"1\" src=\"http:\/\/cordobadirecto.com\/wp-content\/uploads\/2026\/01\/las-fotos-de-franco-colapinto-en-version-modelo-con-la-ropa-2026-de-alpine-2.jpg\"><span class=\"epigraphe\">Franco mostr\u00f3 la campera.<\/span><\/div>\n<div id=\"element-body-10\" class=\"sc-136cd478-0 ekTCfV\" readability=\"20.842696629213\">\n<p>La respuesta definitiva llegar\u00e1 este viernes, <strong><a href=\"https:\/\/www.ole.com.ar\/autos\/va-tren-va-original-lanzamiento-auto-alpine-formula-1-2026_0_ekMYamrNpt.html\" target=\"_self\" title=\"cuando Alpine presente su nuevo auto en un evento especial a bordo de un crucero en las aguas del Mar Balear\" alt=\"cuando Alpine presente su nuevo auto en un evento especial a bordo de un crucero en las aguas del Mar Balear\" rel=\"noopener\">cuando Alpine presente su nuevo auto en un evento especial a bordo de un crucero en las aguas del Mar Balear<\/a><\/strong>. Ah\u00ed se develar\u00e1 si el cambio de look tambi\u00e9n se traslada al coche que manejar\u00e1n Colapinto y Gasly en 2026.<\/p>\n<\/div>\n<div class=\"sc-e7b891c4-0 ifHnQL image-embed\" id=\"element-body-11\"><img alt=\"Pierre Gasly, con el buzo.\" loading=\"lazy\" width=\"720\" height=\"100\" decoding=\"async\" data-nimg=\"1\" src=\"http:\/\/cordobadirecto.com\/wp-content\/uploads\/2026\/01\/las-fotos-de-franco-colapinto-en-version-modelo-con-la-ropa-2026-de-alpine-3.jpg\"><span class=\"epigraphe\">Pierre Gasly, con el buzo.<\/span><\/div>\n<div id=\"element-body-12\" class=\"sc-a7166897-0 eoLsBE\" readability=\"31.5\">\n<section readability=\"3\"><picture><img alt=\"Mal arranque para Arvid Lindblad: el \u00fanico debutante en la F\u00f3rmula 1 del 2026 choc\u00f3 en su primera prueba\" loading=\"lazy\" width=\"290\" height=\"290\" decoding=\"async\" data-nimg=\"1\" src=\"http:\/\/cordobadirecto.com\/wp-content\/uploads\/2026\/01\/las-fotos-de-franco-colapinto-en-version-modelo-con-la-ropa-2026-de-alpine-4.jpg\"><\/picture>\n<p><span>Mir\u00e1 tambi\u00e9n<\/span><\/p>\n<hr>\n<h3>Mal arranque para Arvid Lindblad: el \u00fanico debutante en la F\u00f3rmula 1 del 2026 choc\u00f3 en su primera prueba<\/h3>\n<\/p>\n<\/section>\n<\/div>\n<div id=\"element-body-13\" class=\"sc-a7166897-0 eoLsBE\" readability=\"31.5\">\n<section readability=\"3\"><picture><img alt=\"\u00a1As\u00ed ruge el campe\u00f3n de la F\u00f3rmula 1! McLaren ense\u00f1\u00f3 el ruido de su motor para 2026\" loading=\"lazy\" width=\"290\" height=\"290\" decoding=\"async\" data-nimg=\"1\" src=\"http:\/\/cordobadirecto.com\/wp-content\/uploads\/2026\/01\/las-fotos-de-franco-colapinto-en-version-modelo-con-la-ropa-2026-de-alpine-5.jpg\"><\/picture>\n<p><span>Mir\u00e1 tambi\u00e9n<\/span><\/p>\n<hr>\n<h3>\u00a1As\u00ed ruge el campe\u00f3n de la F\u00f3rmula 1! McLaren ense\u00f1\u00f3 el ruido de su motor para 2026<\/h3>\n<\/p>\n<\/section>\n<\/div>\n<div id=\"element-body-14\" class=\"sc-a7166897-0 eoLsBE\" readability=\"32\">\n<section readability=\"4\"><picture><img alt=\"Lo reemplaz\u00f3 Colapinto, se march\u00f3 de la F\u00f3rmula 1 y lo anunciaron en otra categor\u00eda\" loading=\"lazy\" width=\"290\" height=\"290\" decoding=\"async\" data-nimg=\"1\" src=\"http:\/\/cordobadirecto.com\/wp-content\/uploads\/2026\/01\/las-fotos-de-franco-colapinto-en-version-modelo-con-la-ropa-2026-de-alpine-6.jpg\"><\/picture>\n<p><span>Mir\u00e1 tambi\u00e9n<\/span><\/p>\n<hr>\n<h3>Lo reemplaz\u00f3 Colapinto, se march\u00f3 de la F\u00f3rmula 1 y lo anunciaron en otra categor\u00eda<\/h3>\n<\/p>\n<\/section>\n<\/div>\n<div id=\"element-body-15\" class=\"sc-a7166897-0 eoLsBE\" readability=\"32\">\n<section readability=\"4\"><picture><img alt=\"No va en tren, va en... As\u00ed ser\u00e1 el original lanzamiento del auto Alpine para la F\u00f3rmula 1 del 2026 \" loading=\"lazy\" width=\"290\" height=\"290\" decoding=\"async\" data-nimg=\"1\" src=\"http:\/\/cordobadirecto.com\/wp-content\/uploads\/2026\/01\/las-fotos-de-franco-colapinto-en-version-modelo-con-la-ropa-2026-de-alpine-7.jpg\"><\/picture>\n<p><span>Mir\u00e1 tambi\u00e9n<\/span><\/p>\n<hr>\n<h3>No va en tren, va en&#8230; As\u00ed ser\u00e1 el original lanzamiento del auto Alpine para la F\u00f3rmula 1 del 2026 <\/h3>\n<\/p>\n<\/section>\n<\/div>\n<\/div>\n","protected":false},"excerpt":{"rendered":"<p>20\/01\/2026 17:43hs. Alpine empez\u00f3 a calentar motores de cara a la temporada 2026 de la F\u00f3rmula 1 y lo hizo con una presentaci\u00f3n previa al lanzamiento del auto: Franco Colapinto y Pierre Gasly se pusieron en modo modelos para mostrar la nueva indumentaria oficial del equipo. La escuder\u00eda francesa difundi\u00f3 una serie de fotos en [&hellip;]<\/p>\n","protected":false},"author":1,"featured_media":184907,"comment_status":"closed","ping_status":"closed","sticky":false,"template":"","format":"standard","meta":[],"categories":[21],"tags":[],"_links":{"self":[{"href":"http:\/\/cordobadirecto.com\/index.php\/wp-json\/wp\/v2\/posts\/184906"}],"collection":[{"href":"http:\/\/cordobadirecto.com\/index.php\/wp-json\/wp\/v2\/posts"}],"about":[{"href":"http:\/\/cordobadirecto.com\/index.php\/wp-json\/wp\/v2\/types\/post"}],"author":[{"embeddable":true,"href":"http:\/\/cordobadirecto.com\/index.php\/wp-json\/wp\/v2\/users\/1"}],"replies":[{"embeddable":true,"href":"http:\/\/cordobadirecto.com\/index.php\/wp-json\/wp\/v2\/comments?post=184906"}],"version-history":[{"count":0,"href":"http:\/\/cordobadirecto.com\/index.php\/wp-json\/wp\/v2\/posts\/184906\/revisions"}],"wp:featuredmedia":[{"embeddable":true,"href":"http:\/\/cordobadirecto.com\/index.php\/wp-json\/wp\/v2\/media\/184907"}],"wp:attachment":[{"href":"http:\/\/cordobadirecto.com\/index.php\/wp-json\/wp\/v2\/media?parent=184906"}],"wp:term":[{"taxonomy":"category","embeddable":true,"href":"http:\/\/cordobadirecto.com\/index.php\/wp-json\/wp\/v2\/categories?post=184906"},{"taxonomy":"post_tag","embeddable":true,"href":"http:\/\/cordobadirecto.com\/index.php\/wp-json\/wp\/v2\/tags?post=184906"}],"curies":[{"name":"wp","href":"https:\/\/api.w.org\/{rel}","templated":true}]}}