{"id":184908,"date":"2026-01-20T19:12:57","date_gmt":"2026-01-20T19:12:57","guid":{"rendered":"https:\/\/www.ole.com.ar\/autos\/luciano-benavides-campeon-rally-dakar-motos-entrevista-declaraciones-ole-ktm-red-bull_0_Q3arqI5zmh.html"},"modified":"2026-01-20T19:12:57","modified_gmt":"2026-01-20T19:12:57","slug":"luciano-benavides-campeon-del-dakar-con-ole-ganar-con-la-cabeza-el-sueno-profetico-con-messi-y-la-polemica-de-los-camellos","status":"publish","type":"post","link":"http:\/\/cordobadirecto.com\/index.php\/2026\/01\/20\/luciano-benavides-campeon-del-dakar-con-ole-ganar-con-la-cabeza-el-sueno-profetico-con-messi-y-la-polemica-de-los-camellos\/","title":{"rendered":"Luciano Benavides, campe\u00f3n del Dakar, con Ol\u00e9: ganar con la cabeza, el sue\u00f1o prof\u00e9tico con Messi y la pol\u00e9mica de los camellos"},"content":{"rendered":"<p><span class=\"createDate\">20\/01\/2026 16:12hs.<\/span><time class=\"modificatedDate\" datetime=\"2026-01-20T17:47:36-03:00\"> Actualizado al 20\/01\/2026 17:47hs.<\/time><\/p>\n<div id=\"storyBody\">\n<div id=\"element-body-0\" class=\"sc-136cd478-0 ekTCfV\" readability=\"41.572301425662\">\n<p>Dos segundos, s\u00f3lo eso bast\u00f3 para que el apellido <strong>Benavides <\/strong>volviera a estar marcado a fuego en la historia del <strong> <a href=\"https:\/\/www.ole.com.ar\/tema\/rally-dakar.html\" title=\"Rally Dakar\" alt=\"Rally Dakar\" class=\"slug\">Dakar<\/a><\/strong>. Esta vez no fue Kevin, campe\u00f3n por duplicado en 2021 y 2023, sino <strong>Luciano<\/strong>, quien <strong>se consagr\u00f3 con la moto al igual que su hermano<\/strong>. Tras domar el desierto de Arabia Saudita, el salte\u00f1o <strong>dio una conferencia de prensa y luego atendi\u00f3 a Ol\u00e9<\/strong>, para hablar sobre su consagraci\u00f3n, el saludo de Franco Colapinto y su sue\u00f1o con Lionel Messi antes de encarar la \u00faltima etapa.<\/p>\n<\/div>\n<div id=\"element-body-1\" class=\"sc-136cd478-0 ekTCfV\" readability=\"40\">\n<p>El camino del motociclista de 30 a\u00f1os en el rally m\u00e1s desafiante del mundo no comenz\u00f3, cuando realmente dio inicio la competencia. Arranc\u00f3 en octubre, cuando sufri\u00f3 una ca\u00edda en Marruecos que le destroz\u00f3 la rodilla y <strong>su presencia en el desierto saudita parec\u00eda m\u00e1s un milagro que una realidad<\/strong>. Sin embargo, el campe\u00f3n del Mundial de Rally Raid en 2023 decidi\u00f3 sacrificar todo, no pas\u00f3 por el quir\u00f3fano a pesar de su rotura del ligamento cruzado y menisco, y arroj\u00f3 \u201c <strong>Voy a volver m\u00e1s fuerte<\/strong>\u201d.<\/p>\n<\/div>\n<div class=\"sc-e7b891c4-0 ifHnQL image-embed\" id=\"element-body-2\"><img alt=\"Lucho, peleando con la arena de Marruecos.\" loading=\"lazy\" width=\"720\" height=\"100\" decoding=\"async\" data-nimg=\"1\" src=\"http:\/\/cordobadirecto.com\/wp-content\/uploads\/2026\/01\/luciano-benavides-campeon-del-dakar-con-ole-ganar-con-la-cabeza-el-sueno-profetico-con-messi-y-la-polemica-de-los-camellos.jpg\"><span class=\"epigraphe\">Lucho, peleando con la arena de Marruecos.<\/span><\/div>\n<div id=\"element-body-3\" class=\"sc-136cd478-0 ekTCfV\" readability=\"42\">\n<p>Entre algodones, el piloto oficial del equipo Red Bull KTM Factory lleg\u00f3 a Medio Oriente y el destino le volvi\u00f3 a jugar en contra: en una sesi\u00f3n de fotos, a un d\u00eda del Dakar, se golpe\u00f3 esa maldita rodilla que lo ten\u00eda a maltraer. Fue en ese momento que Luciano, con los dientes apretados, dijo: \u201c <strong>Cuando las ganas son tan grandes, el dolor pasa a otro plano<\/strong>\u201d. Ah\u00ed, <strong>se empez\u00f3 a gestar una de las consagraciones m\u00e1s \u00e9picas en la historia del Dakar<\/strong>.<\/p>\n<\/div>\n<p><h2>Luciano Benavides, mano a mano con Ol\u00e9<\/h2>\n<\/p>\n<div id=\"element-body-5\" class=\"sc-136cd478-0 ekTCfV\" readability=\"33\">\n<p><strong>-Sos campe\u00f3n del Dakar, \u00bfya te cay\u00f3 la ficha?<\/strong><\/p>\n<\/div>\n<div id=\"element-body-6\" class=\"sc-136cd478-0 ekTCfV\" readability=\"39\">\n<p>-Todav\u00eda me est\u00e1 cayendo. Cuando volv\u00eda de Arabia para ac\u00e1, me dorm\u00ed y cuando me despert\u00e9, medio perdido, me pregunt\u00e9 a m\u00ed mismo qu\u00e9 hab\u00eda pasado. No pod\u00eda creer que hab\u00eda ganado el Dakar. <strong>Me cuesta caer<\/strong>. Adem\u00e1s, fue de manera \u00e9pica, en el \u00faltimo d\u00eda&#8230; Fue impresionante.<\/p>\n<\/div>\n<div id=\"element-body-7\" class=\"sc-136cd478-0 ekTCfV\" readability=\"32\">\n<p><strong>-\u00bfHubo alg\u00fan momento en el que pensaste que se te hab\u00eda escapado el t\u00edtulo?<\/strong><\/p>\n<\/div>\n<div id=\"element-body-8\" class=\"sc-136cd478-0 ekTCfV\" readability=\"39\">\n<p>-S\u00ed, Antes de largar, cuando me romp\u00ed la rodilla en el Rally de Marruecos. Encima, haciendo las pruebas y sacando las fotos el d\u00eda anterior, me volv\u00ed a lastimar esa zona, que se me empez\u00f3 a hinchar y <strong>en un momento pens\u00e9 que no llegaba ni siquiera para la largada<\/strong>.<\/p>\n<\/div>\n<div class=\"sc-e7b891c4-0 ifHnQL image-embed\" id=\"element-body-9\"><img alt=\"Luciano con el Touareg del Dakar en manos.\" loading=\"lazy\" width=\"720\" height=\"100\" decoding=\"async\" data-nimg=\"1\" src=\"http:\/\/cordobadirecto.com\/wp-content\/uploads\/2026\/01\/luciano-benavides-campeon-del-dakar-con-ole-ganar-con-la-cabeza-el-sueno-profetico-con-messi-y-la-polemica-de-los-camellos-1.jpg\"><span class=\"epigraphe\">Luciano con el Touareg del Dakar en manos.<\/span><\/div>\n<div id=\"element-body-10\" class=\"sc-136cd478-0 ekTCfV\" readability=\"33\">\n<p><strong>-\u00bfPor eso tuviste que encarar de forma distinta este Dakar? Quiz\u00e1s ah\u00ed estuvo la clave del \u00e9xito&#8230;<\/strong><\/p>\n<\/div>\n<div id=\"element-body-11\" class=\"sc-136cd478-0 ekTCfV\" readability=\"38\">\n<p>-Al cien por ciento que lo encar\u00e9 de otra manera. <strong>Lo gan\u00e9 desde la cabeza<\/strong>. Estaba muy bien preparado mentalmente y esa fue lo que me diferenci\u00f3 del resto. Estuve muy fuerte, con fe y convicci\u00f3n. Obvio, ten\u00e9s que ir r\u00e1pido y necesit\u00e1s tambi\u00e9n un poco de suerte. Pero ah\u00ed estuvo el secreto, en lo mental.<\/p>\n<\/div>\n<div id=\"element-body-12\" class=\"sc-136cd478-0 ekTCfV\" readability=\"33\">\n<p><strong>-\u00bfPor qu\u00e9 a pesar de siempre golpearte y de sufrir tanto fr\u00edo como de calor seguiste subi\u00e9ndote arriba de la moto? \u00bfEs una cuesti\u00f3n de pasi\u00f3n o de locura?<\/strong><\/p>\n<\/div>\n<div id=\"element-body-13\" class=\"sc-136cd478-0 ekTCfV\" readability=\"42\">\n<p>-Son varias cosas. La pasi\u00f3n es lo primero. Es algo que uno no puede cambiar. Este es mi noveno Dakar, as\u00ed que imaginate&#8230; Tambi\u00e9n me gusta la adrenalina que te genera esta carrera. Es como una especia de droga. Pas\u00e1s por tantas sensaciones extremas, f\u00edsicas y mentales, que <strong>en el momento te hacen preguntarte: &#8220;\u00bfQu\u00e9 estoy haciendo ac\u00e1?&#8221;.<\/strong> Eso s\u00ed, cuando termina la competencia, al d\u00eda siguiente quer\u00e9s volver. Son 15 d\u00edas tan salvajes, con altas cuotas de riesgo en cada una, que te terminan atrapando. Por eso siempre busc\u00e1s pegar la vuelta.<\/p>\n<\/div>\n<div class=\"sc-e7b891c4-0 ifHnQL image-embed\" id=\"element-body-14\"><img alt=\"Lucho volvi\u00f3 al desierto a pesar de sus lesiones y se llev\u00f3 el premio m\u00e1s grande. As\u00ed lo festej\u00f3. (Prensa Red Bull)\" loading=\"lazy\" width=\"720\" height=\"100\" decoding=\"async\" data-nimg=\"1\" src=\"http:\/\/cordobadirecto.com\/wp-content\/uploads\/2026\/01\/luciano-benavides-campeon-del-dakar-con-ole-ganar-con-la-cabeza-el-sueno-profetico-con-messi-y-la-polemica-de-los-camellos-2.jpg\"><span class=\"epigraphe\">Lucho volvi\u00f3 al desierto a pesar de sus lesiones y se llev\u00f3 el premio m\u00e1s grande. As\u00ed lo festej\u00f3. (Prensa Red Bull)<\/span><\/div>\n<div id=\"element-body-15\" class=\"sc-136cd478-0 ekTCfV\" readability=\"36.520681265207\">\n<p>No s\u00f3lo era el motor lo que empujaba la KTM de Benavides, tambi\u00e9n contaba con el impulso de todos los argentinos que alentaron por \u00e9l en cada etapa de la competencia. Pero hay uno que se destac\u00f3 por sobre el resto: <strong><a href=\"https:\/\/www.ole.com.ar\/tema\/franco-colapinto.html\" title=\"Franco Colapinto\" alt=\"Franco Colapinto\" class=\"slug\">Franco Colapinto<\/a><\/strong>, quien est\u00e1 pr\u00f3ximo a comenzar una nueva temporada en la F\u00f3rmula 1 con Alpine (ser\u00e1 su primer a\u00f1o de arranque en la categor\u00eda), <strong>siempre estuvo al pendiente del salte\u00f1o<\/strong>.<\/p>\n<\/div>\n<div id=\"element-body-16\" class=\"sc-136cd478-0 ekTCfV\" readability=\"40\">\n<p>Incluso, <strong>fue el Dakar lo que despert\u00f3 el amor de Fran por los fierros<\/strong>, ya que durante su infancia en Exaltaci\u00f3n de la Cruz, uno de los momentos que m\u00e1s recuerda es ver pasar a la caravana de autos, motos y cuatriciclos que disputaban el certamen. Con este detalle en cuenta, se entiende mejor cada mensaje de apoyo que el pilarense le dedicaba a su compatriota.<\/p>\n<\/div>\n<div id=\"element-body-17\" class=\"sc-136cd478-0 ekTCfV\" readability=\"33\">\n<p><strong>-Uno que festej\u00f3 bastante que hayas ganado el Touareg (el trofeo del Dakar) fue Colapinto. \u00bfPudiste cruzar alg\u00fan mensaje con \u00e9l?<\/strong><\/p>\n<\/div>\n<div id=\"element-body-18\" class=\"sc-136cd478-0 ekTCfV\" readability=\"42\">\n<p>-Lo invit\u00e9 a la fiesta, pero me dijo que ya hab\u00eda arrancado la pretemporada, as\u00ed que no pudo venir. Pero s\u00ed, me sigui\u00f3 durante toda la carrera. Fue un seguidor m\u00e1s, sobre todo porque sabe lo que significa la parte mental como deportista de alto rendimiento. De hecho, trabajamos con el mismo psic\u00f3logo. Cuando termin\u00f3 la carrera, me recontra felicit\u00f3. Es un crack Franco, <strong>ojal\u00e1 que le vaya bien este a\u00f1o y que pueda estar en el podio<\/strong>. Le tengo mucha fe.<\/p>\n<\/div>\n<div class=\"sc-e7b891c4-0 ifHnQL image-embed\" id=\"element-body-19\"><img alt=\"El comentario de Franco Colapinto a Luciano Benav\u00eddes tras la Etapa 2.\" loading=\"lazy\" width=\"720\" height=\"100\" decoding=\"async\" data-nimg=\"1\" src=\"http:\/\/cordobadirecto.com\/wp-content\/uploads\/2026\/01\/luciano-benavides-campeon-del-dakar-con-ole-ganar-con-la-cabeza-el-sueno-profetico-con-messi-y-la-polemica-de-los-camellos-3.jpg\"><span class=\"epigraphe\">El comentario de Franco Colapinto a Luciano Benav\u00eddes tras la Etapa 2.<\/span><\/div>\n<div id=\"element-body-20\" class=\"sc-136cd478-0 ekTCfV\" readability=\"41\">\n<p>Durante la \u00faltima etapa, todo apuntaba a un desenlace con acento estadounidense hasta los \u00faltimos compases. <strong>Ricky Brabec<\/strong>, de 34 a\u00f1os, contaba con 3m20 de ventaja sobre Benav\u00eddes al inicio de la jornada y una bonificaci\u00f3n por abrir pista en la especial Yanbu-Yanbu, de 105 kil\u00f3metros. El escenario era ideal para el piloto de Honda, que <strong>ten\u00eda a su alcance el que habr\u00eda sido su tercer Dakar<\/strong>, hasta que <strong>se produjo el giro inesperado que lo cambi\u00f3 todo<\/strong>.<\/p>\n<\/div>\n<div id=\"element-body-21\" class=\"sc-136cd478-0 ekTCfV\" readability=\"43\">\n<p>El punto cr\u00edtico lleg\u00f3 en el kil\u00f3metro 98. All\u00ed, Brabec <strong>se equivoc\u00f3 en la navegaci\u00f3n<\/strong> cuando marchaba con m\u00e1s de tres minutos y medio de renta en la general virtual. Tom\u00f3 un rumbo err\u00f3neo y, <strong>aunque se dio cuenta del fallo, ya no hubo margen para corregirlo<\/strong>. El argentino, tras verlo perdido, entendi\u00f3 que la haza\u00f1a era posible y apret\u00f3 hasta el l\u00edmite en los \u00faltimos kil\u00f3metros. As\u00ed, se coron\u00f3 campe\u00f3n por solo dos segundos, la menor diferencia en la historia de la prueba, que se disputa desde 1979.<\/p>\n<\/div>\n<div id=\"element-body-22\" class=\"sc-136cd478-0 ekTCfV\" readability=\"41\">\n<p>Tras enterarse que no gan\u00f3, el nacido en California se vio totalmente desconcertado ante la prensa. &#8220;Es dif\u00edcil de tragar, no tengo palabras. No tiene sentido, no tengo idea de por qu\u00e9 perd\u00ed. Nos vemos&#8221;, declar\u00f3. Horas m\u00e1s tarde, <strong> subi\u00f3 en sus redes un video donde se ve\u00eda como una manada de camellos le bloquearon el camino<\/strong>. Muchos creyeron que su derrota tuvo que ver con esa escena, pero <strong>Benav\u00eddes se encarg\u00f3 de aclarar los tantos<\/strong>.<\/p>\n<\/div>\n<div class=\"sc-e7b891c4-0 ifHnQL image-embed\" id=\"element-body-23\"><img alt=\"La desolaci\u00f3n de Brabec tras enterarse de su segundo puesto. (REUTERS\/Stephane Mahe)\" loading=\"lazy\" width=\"720\" height=\"100\" decoding=\"async\" data-nimg=\"1\" src=\"http:\/\/cordobadirecto.com\/wp-content\/uploads\/2026\/01\/luciano-benavides-campeon-del-dakar-con-ole-ganar-con-la-cabeza-el-sueno-profetico-con-messi-y-la-polemica-de-los-camellos-4.jpg\"><span class=\"epigraphe\">La desolaci\u00f3n de Brabec tras enterarse de su segundo puesto. (REUTERS\/Stephane Mahe)<\/span><\/div>\n<div id=\"element-body-24\" class=\"sc-136cd478-0 ekTCfV\" readability=\"38\">\n<p><strong>-Como bien dijiste, fue una definici\u00f3n \u00e9pica. Al que no le gust\u00f3 mucho fue al que termin\u00f3 segundo, Brabec, quien mostr\u00f3 c\u00f3mo unos camellos le impidieron el paso, cosa que tambi\u00e9n te ocurri\u00f3&#8230;<\/strong><\/p>\n<\/div>\n<div id=\"element-body-25\" class=\"sc-136cd478-0 ekTCfV\" readability=\"42\">\n<p>-No pasa nada, despu\u00e9s termin\u00f3 borrando la historia. Los camellos son parte de la naturaleza. En realidad, somos nosotros los que estamos invadiendo el lugar de ellos. Es una cuesti\u00f3n que no se puede controlar. Adem\u00e1s, <strong>ese video que subi\u00f3 no fue de la \u00faltima etapa, fue en la ante\u00faltima<\/strong>. Lo peor es que <strong>yo tambi\u00e9n me tuve que enfrentar a esos mismos camellos<\/strong>, nada m\u00e1s que el helicoptero no me film\u00f3 a m\u00ed, sino a \u00e9l. Pasa todos los d\u00edas, no creo que haya influido en la definici\u00f3n.<\/p>\n<\/div>\n<div id=\"element-body-26\" class=\"sc-136cd478-0 ekTCfV\" readability=\"37\">\n<p><strong>-Esta es una carrera donde cada segundo cuenta, una frase que pesa m\u00e1s teniendo en cuenta que te llevaste el t\u00edtulo por solamente dos de diferencia. Pero, cuando te dan ganas de ir al ba\u00f1o, \u00bfc\u00f3mo te las arregl\u00e1s para no perder mucho tiempo?<\/strong><\/p>\n<\/div>\n<div id=\"element-body-27\" class=\"sc-136cd478-0 ekTCfV\" readability=\"42\">\n<p>-Si te llama la naturaleza en plena carrera, <strong> la verdad es que te ten\u00e9s que hacer pis encima<\/strong>. No te queda otra, porque encima hace fr\u00edo. Si tom\u00e1s un poco de agua, no hay chance, lamentablemente. Estamos en la naturaleza, en el desierto, no tenemos las comodidades de un hotel ni nada por el estilo. Entonces, lo m\u00e1s eficiente es hacerlo a la vieja escuela. Hay que aprender a sobrevivir.<\/p>\n<\/div>\n<div class=\"sc-e7b891c4-0 ifHnQL image-embed\" id=\"element-body-28\"><img alt=\"Luciano Benavides durmi\u00f3 con el Touareg; parecido a Lionel Messi con la Copa del Mundo. (@l.benavides77)\" loading=\"lazy\" width=\"720\" height=\"100\" decoding=\"async\" data-nimg=\"1\" src=\"http:\/\/cordobadirecto.com\/wp-content\/uploads\/2026\/01\/luciano-benavides-campeon-del-dakar-con-ole-ganar-con-la-cabeza-el-sueno-profetico-con-messi-y-la-polemica-de-los-camellos-5.jpg\"><span class=\"epigraphe\">Luciano Benavides durmi\u00f3 con el Touareg; parecido a Lionel Messi con la Copa del Mundo. (@l.benavides77)<\/span><\/div>\n<div id=\"element-body-29\" class=\"sc-136cd478-0 ekTCfV\" readability=\"32\">\n<p><strong>-\u00bfEs cierto que tuviste un sue\u00f1o prof\u00e9tico con Messi antes de la \u00faltima etapa?<\/strong><\/p>\n<\/div>\n<div id=\"element-body-30\" class=\"sc-136cd478-0 ekTCfV\" readability=\"38\">\n<p>-Lo de Messi fue incre\u00edble. Normalmente, no me acuerdo de lo que so\u00f1\u00e9, pero ese d\u00eda fue todo muy claro. Me levant\u00e9 y record\u00e9 que hab\u00eda so\u00f1ado con Leo d\u00e1ndome la copa. <strong>Lo tom\u00e9 como una se\u00f1al, eleg\u00ed creer<\/strong>. Si le llega esto al 10, le mando un saludo.<\/p>\n<\/div>\n<p><h2>Video: la entrevista completa a Luciano Benavides<\/h2>\n<\/p>\n<div id=\"element-body-32\" class=\"sc-3c5a76cc-1 idjLTd\" readability=\"31\">\n<div class=\"sc-e8b2828-0 fBmEJc\" type=\"embed\">\n<div class=\"sc-e8b2828-1 iPLbWT videoText\" id=\"contentTitleembed0PMQ5HwS\" type=\"embed\"><svg fill=\"#ffffff\"><symbol id=\"play\" viewBox=\"0 0 512 512\"><path d=\"M512 256C512 397.4 397.4 512 256 512C114.6 512 0 397.4 0 256C0 114.6 114.6 0 256 0C397.4 0 512 114.6 512 256zM176 168V344C176 352.7 180.7 360.7 188.3 364.9C195.8 369.2 205.1 369 212.5 364.5L356.5 276.5C363.6 272.1 368 264.4 368 256C368 247.6 363.6 239.9 356.5 235.5L212.5 147.5C205.1 142.1 195.8 142.8 188.3 147.1C180.7 151.3 176 159.3 176 168V168z\" \/><\/symbol><use xlink:href=\"#play\" \/><\/svg><\/p>\n<div class=\"right\">\n<p>Dakar<!-- --> &#8211; <span>&nbsp;<\/span><\/p>\n<h2 class=\"title-vid\">El campe\u00f3n del Dakar regres\u00f3 al pa\u00eds y habl\u00f3 con Ol\u00e9 <\/h2>\n<\/div>\n<\/div>\n<p><span class=\"back\" id=\"spanBackembed0PMQ5HwS\"><\/span><\/div>\n<div class=\"JWvideoNota_title\" readability=\"7\">\n<p>Gabriel Guiguez y Nicol\u00e1s La Rocca.<\/p>\n<\/div>\n<\/div>\n<div id=\"element-body-33\" class=\"sc-a7166897-0 eoLsBE\" readability=\"31\">\n<section readability=\"2\"><picture><img alt=\"Luciano Benavides: el paso a paso de los festejos en su vuelta a Salta\" loading=\"lazy\" width=\"290\" height=\"290\" decoding=\"async\" data-nimg=\"1\" src=\"http:\/\/cordobadirecto.com\/wp-content\/uploads\/2026\/01\/luciano-benavides-campeon-del-dakar-con-ole-ganar-con-la-cabeza-el-sueno-profetico-con-messi-y-la-polemica-de-los-camellos-6.jpg\"><\/picture>\n<p><span>Mir\u00e1 tambi\u00e9n<\/span><\/p>\n<hr>\n<h3>Luciano Benavides: el paso a paso de los festejos en su vuelta a Salta<\/h3>\n<\/p>\n<\/section>\n<\/div>\n<div id=\"element-body-34\" class=\"sc-a7166897-0 eoLsBE\" readability=\"32\">\n<section readability=\"4\"><picture><img alt=\"Lo reemplaz\u00f3 Colapinto, se march\u00f3 de la F\u00f3rmula 1 y lo anunciaron en otra categor\u00eda\" loading=\"lazy\" width=\"290\" height=\"290\" decoding=\"async\" data-nimg=\"1\" src=\"http:\/\/cordobadirecto.com\/wp-content\/uploads\/2026\/01\/luciano-benavides-campeon-del-dakar-con-ole-ganar-con-la-cabeza-el-sueno-profetico-con-messi-y-la-polemica-de-los-camellos-7.jpg\"><\/picture>\n<p><span>Mir\u00e1 tambi\u00e9n<\/span><\/p>\n<hr>\n<h3>Lo reemplaz\u00f3 Colapinto, se march\u00f3 de la F\u00f3rmula 1 y lo anunciaron en otra categor\u00eda<\/h3>\n<\/p>\n<\/section>\n<\/div>\n<\/div>\n","protected":false},"excerpt":{"rendered":"<p>20\/01\/2026 16:12hs. Actualizado al 20\/01\/2026 17:47hs. Dos segundos, s\u00f3lo eso bast\u00f3 para que el apellido Benavides volviera a estar marcado a fuego en la historia del Dakar. Esta vez no fue Kevin, campe\u00f3n por duplicado en 2021 y 2023, sino Luciano, quien se consagr\u00f3 con la moto al igual que su hermano. Tras domar el [&hellip;]<\/p>\n","protected":false},"author":1,"featured_media":184909,"comment_status":"closed","ping_status":"closed","sticky":false,"template":"","format":"standard","meta":[],"categories":[21],"tags":[],"_links":{"self":[{"href":"http:\/\/cordobadirecto.com\/index.php\/wp-json\/wp\/v2\/posts\/184908"}],"collection":[{"href":"http:\/\/cordobadirecto.com\/index.php\/wp-json\/wp\/v2\/posts"}],"about":[{"href":"http:\/\/cordobadirecto.com\/index.php\/wp-json\/wp\/v2\/types\/post"}],"author":[{"embeddable":true,"href":"http:\/\/cordobadirecto.com\/index.php\/wp-json\/wp\/v2\/users\/1"}],"replies":[{"embeddable":true,"href":"http:\/\/cordobadirecto.com\/index.php\/wp-json\/wp\/v2\/comments?post=184908"}],"version-history":[{"count":0,"href":"http:\/\/cordobadirecto.com\/index.php\/wp-json\/wp\/v2\/posts\/184908\/revisions"}],"wp:featuredmedia":[{"embeddable":true,"href":"http:\/\/cordobadirecto.com\/index.php\/wp-json\/wp\/v2\/media\/184909"}],"wp:attachment":[{"href":"http:\/\/cordobadirecto.com\/index.php\/wp-json\/wp\/v2\/media?parent=184908"}],"wp:term":[{"taxonomy":"category","embeddable":true,"href":"http:\/\/cordobadirecto.com\/index.php\/wp-json\/wp\/v2\/categories?post=184908"},{"taxonomy":"post_tag","embeddable":true,"href":"http:\/\/cordobadirecto.com\/index.php\/wp-json\/wp\/v2\/tags?post=184908"}],"curies":[{"name":"wp","href":"https:\/\/api.w.org\/{rel}","templated":true}]}}