{"id":184910,"date":"2026-01-20T21:23:45","date_gmt":"2026-01-20T21:23:45","guid":{"rendered":"https:\/\/www.ole.com.ar\/futbol-ascenso\/ascenso-primera-nacional-deportivo-madryn_0_Jvy5drDg2B.html"},"modified":"2026-01-20T21:23:45","modified_gmt":"2026-01-20T21:23:45","slug":"deportivo-madryn-aposto-por-el-hijo-de-un-historico-de-racing","status":"publish","type":"post","link":"http:\/\/cordobadirecto.com\/index.php\/2026\/01\/20\/deportivo-madryn-aposto-por-el-hijo-de-un-historico-de-racing\/","title":{"rendered":"Deportivo Madryn apost\u00f3 por el hijo de un hist\u00f3rico de Racing"},"content":{"rendered":"<p><time class=\"createDate\" datetime=\"2026-01-20T17:55:20-03:00\">20\/01\/2026 17:55hs.<\/time><\/p>\n<div id=\"storyBody\">\n<div id=\"element-body-0\" class=\"sc-136cd478-0 ekTCfV\" readability=\"36.669322709163\">\n<p><strong><a href=\"https:\/\/www.ole.com.ar\/tema\/deportivo-madryn.html\" title=\"Deportivo Madryn\" alt=\"Deportivo Madryn\" class=\"slug\">Deportivo Madryn<\/a><\/strong> contin\u00faa movi\u00e9ndose con decisi\u00f3n en la previa del inicio de la temporada y volvi\u00f3 a dar una se\u00f1al clara de ambici\u00f3n. En el comienzo de una nueva semana de trabajos, el club chubutense anunci\u00f3 la incorporaci\u00f3n de <strong>Yamil Garc\u00eda<\/strong>, extremo de <strong>24 a\u00f1os<\/strong> que llega para potenciar las bandas del equipo aurinegro. El futbolista viene de disputar la \u00faltima temporada en <a href=\"https:\/\/www.ole.com.ar\/tema\/rampla-juniors.html\" title=\"Rampla Juniors\" alt=\"Rampla Juniors\" class=\"slug\">Rampla Juniors<\/a>, en la segunda categor\u00eda del f\u00fatbol uruguayo, y ya se encuentra a disposici\u00f3n del cuerpo t\u00e9cnico.<\/p>\n<\/div>\n<p><h3>As\u00ed lo presento el club en sus redes sociales<\/h3>\n<\/p>\n<div class=\"custom-embedhtml\" id=\"element-body-2\" readability=\"31.474820143885\">\n<blockquote class=\"twitter-tweet\" readability=\"11.690647482014\">\n<p lang=\"es\" dir=\"ltr\">\u270d\ud83c\udffc \ud835\uddec\ud835\uddee\ud835\uddfa\ud835\uddf6\ud835\uddf9 \ud835\uddda\ud835\uddee\ud835\uddff\ud835\uddf0\ud835\uddf6\ud835\uddee se convirti\u00f3 en nuevo jugador del Club Social y Deportivo Madryn<\/p>\n<p>\u27a1\ufe0f El extremo de 24 de a\u00f1os llega luego de su paso por Rampla Juniors de Uruguay.<\/p>\n<p>\ud83d\udd19 Surgido en Racing, tambi\u00e9n jug\u00f3 en Los Andes y Sacachispas.<\/p>\n<p>\u00a1\ud835\udc69\ud835\udc8a\ud835\udc86\ud835\udc8f\ud835\udc97\ud835\udc86\ud835\udc8f\ud835\udc8a\ud835\udc85\ud835\udc90 \ud835\udc82\ud835\udc8d\u2026 <a href=\"https:\/\/t.co\/REcGNX9ZLc\">pic.twitter.com\/REcGNX9ZLc<\/a><\/p>\n<p>\u2014 Club Social y Deportivo Madryn (@ClubMadryn) <a href=\"https:\/\/twitter.com\/ClubMadryn\/status\/2013597282583621671?ref_src=twsrc%5Etfw\">January 20, 2026<\/a><\/p><\/blockquote><\/div>\n<p><h3>Formaci\u00f3n y los prestamos <\/h3>\n<\/p>\n<div id=\"element-body-4\" class=\"sc-136cd478-0 ekTCfV\" readability=\"33.856697819315\">\n<p><strong>Garc\u00eda<\/strong> dio sus primeros pasos en el f\u00fatbol formativo de <strong><a href=\"https:\/\/www.ole.com.ar\/tema\/racing.html\" title=\"Racing\" alt=\"Racing\" class=\"slug\"> Racing Club<\/a><\/strong>, donde transit\u00f3 todo su proceso juvenil y lleg\u00f3 a sumar minutos en Reserva. Aunque no logr\u00f3 debutar en <a href=\"https:\/\/www.ole.com.ar\/tema\/primera-division.html\" title=\"Primera Divisi\u00f3n\" alt=\"Primera Divisi\u00f3n\" class=\"slug\">Primera Divisi\u00f3n<\/a>, el extremo fue acumulando experiencia en el <a href=\"https:\/\/www.ole.com.ar\/tema\/ascenso.html\" title=\"Ascenso\" alt=\"Ascenso\" class=\"slug\">Ascenso<\/a> argentino, un camino que result\u00f3 clave para su maduraci\u00f3n futbol\u00edstica.<\/p>\n<\/div>\n<div class=\"sc-e7b891c4-0 ifHnQL image-embed\" id=\"element-body-5\"><img alt=\"Yamil Garc\u00eda en su paso por Racing Club.\" loading=\"lazy\" width=\"720\" height=\"100\" decoding=\"async\" data-nimg=\"1\" src=\"http:\/\/cordobadirecto.com\/wp-content\/uploads\/2026\/01\/deportivo-madryn-aposto-por-el-hijo-de-un-historico-de-racing.jpg\"><span class=\"epigraphe\">Yamil Garc\u00eda en su paso por Racing Club.<\/span><\/div>\n<div id=\"element-body-6\" class=\"sc-136cd478-0 ekTCfV\" readability=\"35.625\">\n<p>Durante 2023 defendi\u00f3 la camiseta de <strong><a href=\"https:\/\/www.ole.com.ar\/tema\/los-andes.html\" title=\"Los Andes\" alt=\"Los Andes\" class=\"slug\">Los Andes<\/a><\/strong>, y al a\u00f1o siguiente tuvo continuidad en <strong><a href=\"https:\/\/www.ole.com.ar\/tema\/sacachispas.html\" title=\"Sacachispas\" alt=\"Sacachispas\" class=\"slug\">Sacachispas<\/a><\/strong>. En ambos clubes mostr\u00f3 un perfil marcado: velocidad en campo abierto, capacidad de desborde y predisposici\u00f3n para el esfuerzo colectivo, cualidades que Madryn busc\u00f3 reforzar de cara a una temporada larga y exigente.<\/p>\n<\/div>\n<div class=\"sc-e7b891c4-0 ifHnQL image-embed\" id=\"element-body-7\"><img alt=\"Yamil Garcia en Sacachispas \" loading=\"lazy\" width=\"720\" height=\"100\" decoding=\"async\" data-nimg=\"1\" src=\"http:\/\/cordobadirecto.com\/wp-content\/uploads\/2026\/01\/deportivo-madryn-aposto-por-el-hijo-de-un-historico-de-racing-1.jpg\"><span class=\"epigraphe\">Yamil Garcia en Sacachispas <\/span><\/div>\n<p><h3>Un apellido con historia <\/h3>\n<\/p>\n<div id=\"element-body-9\" class=\"sc-136cd478-0 ekTCfV\" readability=\"35.262798634812\">\n<p><strong>Yamil Garc\u00eda<\/strong> lleva un apellido con peso propio en el f\u00fatbol argentino. Es hijo de <strong>Claudio Omar Turco Garc\u00eda<\/strong>, uno de los jugadores m\u00e1s recordados de <a href=\"https:\/\/www.ole.com.ar\/tema\/racing.html\" title=\"Racing\" alt=\"Racing\" class=\"slug\">Racing<\/a>, donde se convirti\u00f3 en \u00eddolo a comienzos de los a\u00f1os 90 y fue parte de una etapa marcada por t\u00edtulos y protagonismo internacional.<\/p>\n<\/div>\n<div id=\"element-body-10\" class=\"sc-136cd478-0 ekTCfV\" readability=\"30.382978723404\">\n<p>El recorrido del <strong>Turco<\/strong> fue extenso y diverso: adem\u00e1s de su paso por la Academia, visti\u00f3 las camisetas de <a href=\"https:\/\/www.ole.com.ar\/tema\/huracan.html\" title=\"Hurac\u00e1n\" alt=\"Hurac\u00e1n\" class=\"slug\"> Hurac\u00e1n<\/a>,<a href=\"https:\/\/www.ole.com.ar\/tema\/velez.html\" title=\"V\u00e9lez\" alt=\"V\u00e9lez\" class=\"slug\"> V\u00e9lez<\/a>, <a href=\"https:\/\/www.ole.com.ar\/tema\/colon.html\" title=\"Col\u00f3n\" alt=\"Col\u00f3n\" class=\"slug\">Col\u00f3n,<\/a><a href=\"https:\/\/www.ole.com.ar\/tema\/all-boys.html\" title=\"All Boys\" alt=\"All Boys\" class=\"slug\"> All Boys<\/a>, <a href=\"https:\/\/www.ole.com.ar\/tema\/independiente-rivadavia.html\" title=\"Independiente Rivadavia\" alt=\"Independiente Rivadavia\" class=\"slug\">Independiente Rivadavia<\/a> y <a href=\"https:\/\/www.ole.com.ar\/tema\/chacarita.html\" title=\"Chacarita\" alt=\"Chacarita\" class=\"slug\">Chacarita Juniors,<\/a> y tuvo una experiencia en el exterior con <a href=\"https:\/\/www.ole.com.ar\/tema\/olympique-lyon.html\" title=\"Olympique Lyon\" alt=\"Olympique Lyon\" class=\"slug\">Olympique Lyon<\/a>. A ese recorrido se le suma su participaci\u00f3n con la <a href=\"https:\/\/www.ole.com.ar\/tema\/seleccion-argentina.html\" title=\"Selecci\u00f3n Argentina\" alt=\"Selecci\u00f3n Argentina\" class=\"slug\">Selecci\u00f3n Argentina<\/a>, un detalle que refuerza el peso simb\u00f3lico del apellido.<\/p>\n<\/div>\n<div id=\"element-body-11\" class=\"sc-136cd478-0 ekTCfV\" readability=\"37.626016260163\">\n<p>Lejos de apoyarse \u00fanicamente en ese legado, <strong>Yamil <\/strong>fue construyendo su camino con perfil bajo y trabajo sostenido. Su formaci\u00f3n en las Inferiores de <a href=\"https:\/\/www.ole.com.ar\/tema\/racing.html\" title=\"Racing\" alt=\"Racing\" class=\"slug\">Racing<\/a> y su posterior recorrido por el <a href=\"https:\/\/www.ole.com.ar\/tema\/ascenso.html\" title=\"Ascenso\" alt=\"Ascenso\" class=\"slug\">Ascenso<\/a> le permitieron forjar una identidad propia, con la intenci\u00f3n de que el apellido Garc\u00eda vuelva a decir presente, esta vez, en el sur del pa\u00eds y con la camiseta aurinegra.<\/p>\n<\/div>\n<p><h3>El mercado de Madryn<\/h3>\n<\/p>\n<div id=\"element-body-13\" class=\"sc-136cd478-0 ekTCfV\" readability=\"46\">\n<p><strong>Altas:<\/strong> Cristian D\u00edaz -DT-, Juli\u00e1n Cosi, Rodrigo Ayala, Nicol\u00e1s Ort\u00edz, Camilo Machado, Gabriel Gudi\u00f1o, Mat\u00edas Montero, Facundo Ospitaleche, Nicol\u00e1s Barrientos, Mauricio Cuero, P\u00edo Bonacci, Franco Godoy , Nicol\u00e1s Servetto.<\/p>\n<\/div>\n<div id=\"element-body-14\" class=\"sc-136cd478-0 ekTCfV\" readability=\"48\">\n<p><strong>Bajas:<\/strong> Leandro Graci\u00e1n -DT-, Pedro Velurtas , Juan Cascini, Juan Galeano, Bruno Juncos, Nicol\u00e1s Mana, Lucas Pruzzo , Pablo Minissale, Germ\u00e1n Rivero, Diego Crego, Santiago Postel, Fabricio Hass, Thiago Nicol\u00e1s, Abel Bustos , Mauricio Mansilla.<\/p>\n<\/div>\n<div id=\"element-body-15\" class=\"sc-a7166897-0 eoLsBE\" readability=\"31\">\n<section readability=\"2\"><picture><img alt=\"Los equipos del Ascenso que jugar\u00e1n en Primera Divisi\u00f3n en el torneo de la Reserva \" loading=\"lazy\" width=\"290\" height=\"290\" decoding=\"async\" data-nimg=\"1\" src=\"http:\/\/cordobadirecto.com\/wp-content\/uploads\/2026\/01\/deportivo-madryn-aposto-por-el-hijo-de-un-historico-de-racing-2.jpg\"><\/picture>\n<p><span>Mir\u00e1 tambi\u00e9n<\/span><\/p>\n<hr>\n<h3>Los equipos del Ascenso que jugar\u00e1n en Primera Divisi\u00f3n en el torneo de la Reserva <\/h3>\n<\/p>\n<\/section>\n<\/div>\n<div id=\"element-body-16\" class=\"sc-a7166897-0 eoLsBE\" readability=\"31\">\n<section readability=\"2\"><picture><img alt=\"La decisi\u00f3n de AFA con respecto al calendario de las categor\u00edas del Ascenso\" loading=\"lazy\" width=\"290\" height=\"290\" decoding=\"async\" data-nimg=\"1\" src=\"http:\/\/cordobadirecto.com\/wp-content\/uploads\/2026\/01\/deportivo-madryn-aposto-por-el-hijo-de-un-historico-de-racing-3.jpg\"><\/picture>\n<p><span>Mir\u00e1 tambi\u00e9n<\/span><\/p>\n<hr>\n<h3>La decisi\u00f3n de AFA con respecto al calendario de las categor\u00edas del Ascenso<\/h3>\n<\/p>\n<\/section>\n<\/div>\n<div id=\"element-body-17\" class=\"sc-a7166897-0 eoLsBE\" readability=\"31\">\n<section readability=\"2\"><picture><img alt=\"Un club del Ascenso apost\u00f3 por un delantero jug\u00f3 futsal y la Copa Potrero\" loading=\"lazy\" width=\"290\" height=\"290\" decoding=\"async\" data-nimg=\"1\" src=\"http:\/\/cordobadirecto.com\/wp-content\/uploads\/2026\/01\/deportivo-madryn-aposto-por-el-hijo-de-un-historico-de-racing-4.jpg\"><\/picture>\n<p><span>Mir\u00e1 tambi\u00e9n<\/span><\/p>\n<hr>\n<h3>Un club del Ascenso apost\u00f3 por un delantero jug\u00f3 futsal y la Copa Potrero<\/h3>\n<\/p>\n<\/section>\n<\/div>\n<\/div>\n","protected":false},"excerpt":{"rendered":"<p>20\/01\/2026 17:55hs. Deportivo Madryn contin\u00faa movi\u00e9ndose con decisi\u00f3n en la previa del inicio de la temporada y volvi\u00f3 a dar una se\u00f1al clara de ambici\u00f3n. En el comienzo de una nueva semana de trabajos, el club chubutense anunci\u00f3 la incorporaci\u00f3n de Yamil Garc\u00eda, extremo de 24 a\u00f1os que llega para potenciar las bandas del equipo [&hellip;]<\/p>\n","protected":false},"author":1,"featured_media":184911,"comment_status":"closed","ping_status":"closed","sticky":false,"template":"","format":"standard","meta":[],"categories":[21],"tags":[],"_links":{"self":[{"href":"http:\/\/cordobadirecto.com\/index.php\/wp-json\/wp\/v2\/posts\/184910"}],"collection":[{"href":"http:\/\/cordobadirecto.com\/index.php\/wp-json\/wp\/v2\/posts"}],"about":[{"href":"http:\/\/cordobadirecto.com\/index.php\/wp-json\/wp\/v2\/types\/post"}],"author":[{"embeddable":true,"href":"http:\/\/cordobadirecto.com\/index.php\/wp-json\/wp\/v2\/users\/1"}],"replies":[{"embeddable":true,"href":"http:\/\/cordobadirecto.com\/index.php\/wp-json\/wp\/v2\/comments?post=184910"}],"version-history":[{"count":0,"href":"http:\/\/cordobadirecto.com\/index.php\/wp-json\/wp\/v2\/posts\/184910\/revisions"}],"wp:featuredmedia":[{"embeddable":true,"href":"http:\/\/cordobadirecto.com\/index.php\/wp-json\/wp\/v2\/media\/184911"}],"wp:attachment":[{"href":"http:\/\/cordobadirecto.com\/index.php\/wp-json\/wp\/v2\/media?parent=184910"}],"wp:term":[{"taxonomy":"category","embeddable":true,"href":"http:\/\/cordobadirecto.com\/index.php\/wp-json\/wp\/v2\/categories?post=184910"},{"taxonomy":"post_tag","embeddable":true,"href":"http:\/\/cordobadirecto.com\/index.php\/wp-json\/wp\/v2\/tags?post=184910"}],"curies":[{"name":"wp","href":"https:\/\/api.w.org\/{rel}","templated":true}]}}