{"id":184919,"date":"2026-01-20T21:01:38","date_gmt":"2026-01-20T21:01:38","guid":{"rendered":"https:\/\/cordoba.gob.ar\/?p=85015"},"modified":"2026-01-20T21:01:38","modified_gmt":"2026-01-20T21:01:38","slug":"safari-fotografico-reconocimiento-de-aves-y-caminata-de-recoleccion-de-semillas-propuestas-gratuitas-en-el-parque-de-la-biodiversidad-y-la-reserva-san-martin","status":"publish","type":"post","link":"http:\/\/cordobadirecto.com\/index.php\/2026\/01\/20\/safari-fotografico-reconocimiento-de-aves-y-caminata-de-recoleccion-de-semillas-propuestas-gratuitas-en-el-parque-de-la-biodiversidad-y-la-reserva-san-martin\/","title":{"rendered":"Safari fotogr\u00e1fico, reconocimiento de aves y caminata de recolecci\u00f3n de semillas: propuestas gratuitas en el Parque de la Biodiversidad y la Reserva San Mart\u00edn"},"content":{"rendered":"<div><img src=\"http:\/\/cordobadirecto.com\/wp-content\/uploads\/2026\/01\/safari-fotografico-reconocimiento-de-aves-y-caminata-de-recoleccion-de-semillas-propuestas-gratuitas-en-el-parque-de-la-biodiversidad-y-la-reserva-san-martin.jpg\" class=\"ff-og-image-inserted\"><\/div>\n<ul>\n<li data-prosemirror-content-type=\"node\" data-prosemirror-node-name=\"paragraph\" data-prosemirror-node-block=\"true\" data-pm-slice=\"1 1 []\"><strong>Para participar de las actividades del Parque de la Biodiversidad no se requiere inscripci\u00f3n previa, en cambio para la Caminata de recolecci\u00f3n de la Reserva hay que anotarse en el <a href=\"https:\/\/docs.google.com\/forms\/d\/e\/1FAIpQLSeEsqym0HFRFnQ6r6D24do2fX1cczJ6ci3W0d4z-UHcn_71Iw\/viewform\">siguiente link.<\/a><\/strong><\/li>\n<li data-prosemirror-content-type=\"node\" data-prosemirror-node-name=\"paragraph\" data-prosemirror-node-block=\"true\" data-pm-slice=\"1 1 []\"><strong>Todas las propuestas se suspenden por lluvia.<\/strong><\/li>\n<\/ul>\n<hr>\n<p data-prosemirror-content-type=\"node\" data-prosemirror-node-name=\"paragraph\" data-prosemirror-node-block=\"true\">La Municipalidad de C\u00f3rdoba invita a los vecinos y turistas a participar de las actividades que se ofrecer\u00e1n en el Parque de la Biodiversidad y en la Reserva Natural Urbana General San Mart\u00edn.<\/p>\n<p data-prosemirror-content-type=\"node\" data-prosemirror-node-name=\"paragraph\" data-prosemirror-node-block=\"true\">El pr\u00f3ximo domingo 25 de enero, en el marco del D\u00eda Mundial de la Educaci\u00f3n Ambiental, se llevar\u00e1n a cabo una serie de actividades recreativas y educativas como safari fotogr\u00e1fico, mural de compromiso ambiental, Conocemos sobre Flora Nativa y Hablemos sobre la Vida entre las 09:00 y las 18:00 horas con permanencia hasta las 19:00 horas.<\/p>\n<p data-prosemirror-content-type=\"node\" data-prosemirror-node-name=\"paragraph\" data-prosemirror-node-block=\"true\">Durante esas horas, los asistentes aprender\u00e1n sobre flora nativa, animales aut\u00f3ctonos, aves, polinizadores y m\u00e1s.<\/p>\n<p data-prosemirror-content-type=\"node\" data-prosemirror-node-name=\"paragraph\" data-prosemirror-node-block=\"true\">El Safari Fotogr\u00e1fico se realizar\u00e1 durante toda la jornada. Se invita al p\u00fablico que a lo largo de todo el recorrido tomen sus fotos y que las suban con el nombre de la posta favorita etiquetando al Parque de la Biodiversidad con el hashtag #educaci\u00f3nambiental.<\/p>\n<p data-prosemirror-content-type=\"node\" data-prosemirror-node-name=\"paragraph\" data-prosemirror-node-block=\"true\">En el mural del Aguar\u00e1 Guaz\u00fa que se encuentra frente al lago, cada visitante podr\u00e1 compartir un mensajito con su compromiso u\/o deseo ambiental para este a\u00f1o en un papel que ser\u00e1 entregado en el lugar.<\/p>\n<p data-prosemirror-content-type=\"node\" data-prosemirror-node-name=\"paragraph\" data-prosemirror-node-block=\"true\">De 10:00 a 14:00 horas, en el Paseo de la Flora Nativa se encontrar\u00e1n con diferentes especies de la flora nativa de nuestra regi\u00f3n, donde a trav\u00e9s de im\u00e1genes se podr\u00e1 conocer sobre cada una de las especies.<\/p>\n<p data-prosemirror-content-type=\"node\" data-prosemirror-node-name=\"paragraph\" data-prosemirror-node-block=\"true\">Durante toda la jornada, al final del camino al \u00c1rbol de la Vida se recuerdan a los animales ic\u00f3nicos que tuvieron paso por el ex-zoo de C\u00f3rdoba, relatando a los presentes aquellos datos de inter\u00e9s y las curiosidades de los mismos.<\/p>\n<p data-prosemirror-content-type=\"node\" data-prosemirror-node-name=\"paragraph\" data-prosemirror-node-block=\"true\">El mismo d\u00eda, de 10:00 a 13:00 y 14:30 a 17:00 horas, se llevar\u00e1n a cabo \u00bfJugamos un rato? Adivinanzas y curiosidades frente al cartel de Tortuga de Laguna que se encuentra en el lago.<\/p>\n<p data-prosemirror-content-type=\"node\" data-prosemirror-node-name=\"paragraph\" data-prosemirror-node-block=\"true\">Quien desee conocer sobre las aves que habitan el lago podr\u00e1n sumarse a la propuesta \u201cDamos una vuelta: identificamos las aves del lago\u201d que se realizar\u00e1 de 9:00 a 11:30 y de 15:00 a 17:00, en el lago, frente al cartel de flamencos. A cada participante se le entregar\u00e1 una ficha de papel con las im\u00e1genes y el nombre de cada especie que habita el espacio, a los fines de que puedan ir recorriendo, observando e identificando a cada ave.<\/p>\n<p data-prosemirror-content-type=\"node\" data-prosemirror-node-name=\"paragraph\" data-prosemirror-node-block=\"true\">Durante toda la jornada, en la placita que se encuentra frente a la obra de la elefanta de Kronfuss, frente al lago se realizara \u201cEl Secreto de la Polinizaci\u00f3n: Guardianes de la Vida\u201d. En el espacio se aprender\u00e1 sobre qu\u00e9 es la polinizaci\u00f3n, el porqu\u00e9 de su importancia en los ecosistemas y los tipos de polinizadores que existen.<\/p>\n<p data-prosemirror-content-type=\"node\" data-prosemirror-node-name=\"paragraph\" data-prosemirror-node-block=\"true\">Adem\u00e1s, habr\u00e1 una muestra did\u00e1ctica donde se hablar\u00e1 sobre animales, sus caracter\u00edsticas m\u00e1s llamativas y sus razones evolutivas. \u00abHuella animal\u00bb se desarrollar\u00e1 de 10:00 a 12:00 y 15:00 a 17:00 en el SUM del Parque.<\/p>\n<p data-prosemirror-content-type=\"node\" data-prosemirror-node-name=\"paragraph\" data-prosemirror-node-block=\"true\">Cada 30 minutos se desarrollar\u00e1n actividades de cierre en el Teatrino del Parque de la Biodiversidad, con din\u00e1mica interactiva de trivia de preguntas y respuestas para charlar sobre lo aprendido durante el recorrido.<\/p>\n<p data-prosemirror-content-type=\"node\" data-prosemirror-node-name=\"paragraph\" data-prosemirror-node-block=\"true\"><strong data-prosemirror-content-type=\"mark\" data-prosemirror-mark-name=\"strong\">Caminata de Recolecci\u00f3n<\/strong><\/p>\n<p data-prosemirror-content-type=\"node\" data-prosemirror-node-name=\"paragraph\" data-prosemirror-node-block=\"true\">El lunes 26 se llevar\u00e1 a cabo la segunda edici\u00f3n de la \u201cCaminata de Recolecci\u00f3n de Semillas\u201d, en la Reserva Natural Urbana General San Mart\u00edn, de 9:00 a 12:00 horas.<\/p>\n<p data-prosemirror-content-type=\"node\" data-prosemirror-node-name=\"paragraph\" data-prosemirror-node-block=\"true\">La iniciativa est\u00e1 orientada para que los participantes puedan conocer algo m\u00e1s sobre la diversidad de frutos y semillas que presenta la reserva cordobesa, reconociendo e identificando las diferencias entre los frutos diferenciando entre carnosos y secos, drupas, bayas, vainas, c\u00e1psulas o identificar aquellas plantas que tienen semillas aladas.<\/p>\n<p data-prosemirror-content-type=\"node\" data-prosemirror-node-name=\"paragraph\" data-prosemirror-node-block=\"true\">Ser\u00e1 una excelente oportunidad para recolectar semillas de manera consciente y respetuosa.<\/p>\n<p data-prosemirror-content-type=\"node\" data-prosemirror-node-name=\"paragraph\" data-prosemirror-node-block=\"true\">Quien desee participar deber\u00e1 inscribirse en el <a href=\"https:\/\/docs.google.com\/forms\/d\/e\/1FAIpQLSeEsqym0HFRFnQ6r6D24do2fX1cczJ6ci3W0d4z-UHcn_71Iw\/viewform\">siguiente enlace.<\/a><\/p>\n<p data-prosemirror-content-type=\"node\" data-prosemirror-node-name=\"paragraph\" data-prosemirror-node-block=\"true\">Se recomienda asistir con ropa y calzado c\u00f3modo y adecuado gorra o sombrero, botella de agua, repelente y protector solar.<\/p>\n","protected":false},"excerpt":{"rendered":"<p>Para participar de las actividades del Parque de la Biodiversidad no se requiere inscripci\u00f3n previa, en cambio para la Caminata de recolecci\u00f3n de la Reserva hay que anotarse en el siguiente link. Todas las propuestas se suspenden por lluvia. La Municipalidad de C\u00f3rdoba invita a los vecinos y turistas a participar de las actividades que [&hellip;]<\/p>\n","protected":false},"author":1,"featured_media":184920,"comment_status":"closed","ping_status":"closed","sticky":false,"template":"","format":"standard","meta":[],"categories":[44],"tags":[],"_links":{"self":[{"href":"http:\/\/cordobadirecto.com\/index.php\/wp-json\/wp\/v2\/posts\/184919"}],"collection":[{"href":"http:\/\/cordobadirecto.com\/index.php\/wp-json\/wp\/v2\/posts"}],"about":[{"href":"http:\/\/cordobadirecto.com\/index.php\/wp-json\/wp\/v2\/types\/post"}],"author":[{"embeddable":true,"href":"http:\/\/cordobadirecto.com\/index.php\/wp-json\/wp\/v2\/users\/1"}],"replies":[{"embeddable":true,"href":"http:\/\/cordobadirecto.com\/index.php\/wp-json\/wp\/v2\/comments?post=184919"}],"version-history":[{"count":0,"href":"http:\/\/cordobadirecto.com\/index.php\/wp-json\/wp\/v2\/posts\/184919\/revisions"}],"wp:featuredmedia":[{"embeddable":true,"href":"http:\/\/cordobadirecto.com\/index.php\/wp-json\/wp\/v2\/media\/184920"}],"wp:attachment":[{"href":"http:\/\/cordobadirecto.com\/index.php\/wp-json\/wp\/v2\/media?parent=184919"}],"wp:term":[{"taxonomy":"category","embeddable":true,"href":"http:\/\/cordobadirecto.com\/index.php\/wp-json\/wp\/v2\/categories?post=184919"},{"taxonomy":"post_tag","embeddable":true,"href":"http:\/\/cordobadirecto.com\/index.php\/wp-json\/wp\/v2\/tags?post=184919"}],"curies":[{"name":"wp","href":"https:\/\/api.w.org\/{rel}","templated":true}]}}