{"id":184975,"date":"2026-01-21T15:22:05","date_gmt":"2026-01-21T15:22:05","guid":{"rendered":"https:\/\/www.ole.com.ar\/autos\/franco-colapinto-volvio-girar-formula-1-primeras-vueltas-ano-alpine-debut-modelo-2026_0_D4ck8XewbC.html"},"modified":"2026-01-21T15:22:05","modified_gmt":"2026-01-21T15:22:05","slug":"franco-colapinto-volvio-a-girar-en-la-formula-1-primeras-vueltas-del-ano-con-alpine-y-debut-del-modelo-2026","status":"publish","type":"post","link":"http:\/\/cordobadirecto.com\/index.php\/2026\/01\/21\/franco-colapinto-volvio-a-girar-en-la-formula-1-primeras-vueltas-del-ano-con-alpine-y-debut-del-modelo-2026\/","title":{"rendered":"Franco Colapinto volvi\u00f3 a girar en la F\u00f3rmula 1: primeras vueltas del a\u00f1o con Alpine y debut del modelo 2026"},"content":{"rendered":"<p><span class=\"createDate\">21\/01\/2026 12:22hs.<\/span><time class=\"modificatedDate\" datetime=\"2026-01-21T17:29:14-03:00\"> Actualizado al 21\/01\/2026 17:29hs.<\/time><\/p>\n<div id=\"storyBody\">\n<div id=\"element-body-0\" class=\"sc-136cd478-0 ekTCfV\" readability=\"33.52380952381\">\n<p><strong><a href=\"https:\/\/www.ole.com.ar\/tema\/franco-colapinto.html\" title=\"Franco Colapinto\" alt=\"Franco Colapinto\" class=\"slug\">Franco Colapinto<\/a><\/strong> ya est\u00e1 de vuelta en acci\u00f3n. El piloto argentino dio este martes sus primeras vueltas del a\u00f1o en un <strong><a href=\"https:\/\/www.ole.com.ar\/tema\/formula-1.html\" title=\"F\u00f3rmula 1\" alt=\"F\u00f3rmula 1\" class=\"slug\">F\u00f3rmula 1<\/a><\/strong> de <strong>Alpine<\/strong>, como parte de un test privado TPC (Testing of Previous Cars) realizado en el circuito de Barcelona-Catalu\u00f1a. Fue una jornada clave para sacarse el \u00f3xido tras el receso y volver a tomar ritmo arriba de un auto de la m\u00e1xima categor\u00eda.<\/p>\n<\/div>\n<div id=\"element-body-1\" class=\"sc-136cd478-0 ekTCfV\" readability=\"35\">\n<p>El bonaerense <strong>se subi\u00f3 al A525<\/strong>, el modelo utilizado por la escuder\u00eda francesa la temporada pasada (2025), dentro de una sesi\u00f3n permitida por reglamento para autos de a\u00f1os anteriores (TPC). <\/p>\n<\/div>\n<div class=\"sc-e7b891c4-0 ifHnQL image-embed\" id=\"element-body-2\"><img alt=\"Gasly, Briatore y Colapinto, con fr\u00edo esta ma\u00f1ana...\" loading=\"lazy\" width=\"720\" height=\"100\" decoding=\"async\" data-nimg=\"1\" src=\"http:\/\/cordobadirecto.com\/wp-content\/uploads\/2026\/01\/franco-colapinto-volvio-a-girar-en-la-formula-1-primeras-vueltas-del-ano-con-alpine-y-debut-del-modelo-2026.jpg\"><span class=\"epigraphe\">Gasly, Briatore y Colapinto, con fr\u00edo esta ma\u00f1ana&#8230;<\/span><\/div>\n<div id=\"element-body-3\" class=\"sc-136cd478-0 ekTCfV\" readability=\"43\">\n<p>Luego de que Colapinto girara en Montmel\u00f3, en una sesi\u00f3n positiva, sin inconvenientes, <strong> la actividad del equipo continu\u00f3 este mi\u00e9rcoles en Silverstone<\/strong>, donde <strong>Pierre Gasly<\/strong> fue el encargado de salir a pista para un filming day privado. All\u00ed, el franc\u00e9s manej\u00f3 por primera vez el A526, el auto que Alpine utilizar\u00e1 en la temporada 2026 con motor nuevo de Mercedes. Estos eventos promocionales est\u00e1n limitados por reglamento a dos por temporada, para sumar no m\u00e1s de 200 kil\u00f3metros, y sirven como <em>shakedown <\/em>inicial del coche.<\/p>\n<\/div>\n<div class=\"sc-e7b891c4-0 ifHnQL image-embed\" id=\"element-body-4\"><img alt=\"Colapinto manej\u00f3 el auto del 2025.\" loading=\"lazy\" width=\"720\" height=\"100\" decoding=\"async\" data-nimg=\"1\" src=\"http:\/\/cordobadirecto.com\/wp-content\/uploads\/2026\/01\/franco-colapinto-volvio-a-girar-en-la-formula-1-primeras-vueltas-del-ano-con-alpine-y-debut-del-modelo-2026-1.jpg\"><span class=\"epigraphe\">Colapinto manej\u00f3 el auto del 2025.<\/span><\/div>\n<div id=\"element-body-5\" class=\"sc-136cd478-0 ekTCfV\" readability=\"41\">\n<p>Seg\u00fan confirmaron desde el entorno del equipo, <strong>todos los pilotos de Alpine ya est\u00e1n parando esta semana en Barcelona<\/strong>, incluidos Colapinto, Gasly y el reserva Paul Aron, manejandouna intensa agenda previa al inicio formal del a\u00f1o, la cual incluy\u00f3 una sesi\u00f3n de fotos del argentino y el franc\u00e9s, promocionando y mostrando la ropa del 2026.<\/p>\n<\/div>\n<div id=\"element-body-6\" class=\"sc-3c5a76cc-1 idjLTd\" readability=\"31\">\n<div class=\"sc-e8b2828-0 fBmEJc\" type=\"embed\">\n<div class=\"sc-e8b2828-1 iPLbWT videoText\" id=\"contentTitleembed02BrDabh\" type=\"embed\"><svg fill=\"#ffffff\"><symbol id=\"play\" viewBox=\"0 0 512 512\"><path d=\"M512 256C512 397.4 397.4 512 256 512C114.6 512 0 397.4 0 256C0 114.6 114.6 0 256 0C397.4 0 512 114.6 512 256zM176 168V344C176 352.7 180.7 360.7 188.3 364.9C195.8 369.2 205.1 369 212.5 364.5L356.5 276.5C363.6 272.1 368 264.4 368 256C368 247.6 363.6 239.9 356.5 235.5L212.5 147.5C205.1 142.1 195.8 142.8 188.3 147.1C180.7 151.3 176 159.3 176 168V168z\" \/><\/symbol><use xlink:href=\"#play\" \/><\/svg><\/p>\n<div class=\"right\">\n<p>Alpine<!-- --> &#8211; <span>&nbsp;<\/span><\/p>\n<h2 class=\"title-vid\">El debut del Alpine modelo 2026<\/h2>\n<\/div>\n<\/div>\n<p><span class=\"back\" id=\"spanBackembed02BrDabh\"><\/span><\/div>\n<div class=\"JWvideoNota_title\" readability=\"7\">\n<p>Pierre Gasly manej\u00f3 el A526 esta ma\u00f1ana de mi\u00e9rcoles en Silverstone.<\/p>\n<\/div>\n<\/div>\n<p><h2>Lo que viene para Alpine y Franco Colapinto<\/h2>\n<\/p>\n<div id=\"element-body-8\" class=\"sc-136cd478-0 ekTCfV\" readability=\"40\">\n<p>La semana cerrar\u00e1 con un evento especial: <strong>el viernes se presentar\u00e1 oficialmente el nuevo auto en un crucero<\/strong>, tambi\u00e9n en Barcelona, a partir de la alianza de la escuder\u00eda con la empresa MSC. Luego vendr\u00e1 lo m\u00e1s esperado: los tests oficiales de pretemporada, que se desarrollar\u00e1n entre el 26 y el 30 de enero, donde cada equipos llevar\u00e1 sus autos nuevos a pista durante tres d\u00edas, pese a que todav\u00eda habr\u00e1 escuder\u00edas a las que le falte el lanzamiento oficial de sus autos.<\/p>\n<\/div>\n<div class=\"custom-embedhtml\" id=\"element-body-9\" readability=\"22.434210526316\">\n<blockquote class=\"twitter-tweet\" readability=\"3.6184210526316\">\n<p lang=\"en\" dir=\"ltr\">The sound of 2026 \ud83d\udd0a<\/p>\n<p>A526 hits the track for the first time. <a href=\"https:\/\/t.co\/uOB3M6l0HA\">pic.twitter.com\/uOB3M6l0HA<\/a><\/p>\n<p>\u2014 BWT Alpine Formula One Team (@AlpineF1Team) <a href=\"https:\/\/twitter.com\/AlpineF1Team\/status\/2014072004626784592?ref_src=twsrc%5Etfw\">January 21, 2026<\/a><\/p><\/blockquote><\/div>\n<div id=\"element-body-10\" class=\"sc-a7166897-0 eoLsBE\" readability=\"33\">\n<section readability=\"6\"><picture><img alt=\"Luciano Benavides, campe\u00f3n del Dakar, con Ol\u00e9: ganar con la cabeza, el sue\u00f1o prof\u00e9tico con Messi y la pol\u00e9mica de los camellos\" loading=\"lazy\" width=\"290\" height=\"290\" decoding=\"async\" data-nimg=\"1\" src=\"http:\/\/cordobadirecto.com\/wp-content\/uploads\/2026\/01\/franco-colapinto-volvio-a-girar-en-la-formula-1-primeras-vueltas-del-ano-con-alpine-y-debut-del-modelo-2026-2.jpg\"><\/picture>\n<p><span>Mir\u00e1 tambi\u00e9n<\/span><\/p>\n<hr>\n<h3>Luciano Benavides, campe\u00f3n del Dakar, con Ol\u00e9: ganar con la cabeza, el sue\u00f1o prof\u00e9tico con Messi y la pol\u00e9mica de los camellos<\/h3>\n<\/p>\n<\/section>\n<\/div>\n<div id=\"element-body-11\" class=\"sc-a7166897-0 eoLsBE\" readability=\"31\">\n<section readability=\"2\"><picture><img alt=\"Las fotos de Franco Colapinto en versi\u00f3n modelo con la ropa 2026 de Alpine\" loading=\"lazy\" width=\"290\" height=\"290\" decoding=\"async\" data-nimg=\"1\" src=\"http:\/\/cordobadirecto.com\/wp-content\/uploads\/2026\/01\/franco-colapinto-volvio-a-girar-en-la-formula-1-primeras-vueltas-del-ano-con-alpine-y-debut-del-modelo-2026-3.jpg\"><\/picture>\n<p><span>Mir\u00e1 tambi\u00e9n<\/span><\/p>\n<hr>\n<h3>Las fotos de Franco Colapinto en versi\u00f3n modelo con la ropa 2026 de Alpine<\/h3>\n<\/p>\n<\/section>\n<\/div>\n<div id=\"element-body-12\" class=\"sc-a7166897-0 eoLsBE\" readability=\"31.5\">\n<section readability=\"3\"><picture><img alt=\"Video: comenzaron las obras para modernizar el Aut\u00f3dromo y poder recibir al MotoGP y la F\u00f3rmula 1\" loading=\"lazy\" width=\"290\" height=\"290\" decoding=\"async\" data-nimg=\"1\" src=\"http:\/\/cordobadirecto.com\/wp-content\/uploads\/2026\/01\/franco-colapinto-volvio-a-girar-en-la-formula-1-primeras-vueltas-del-ano-con-alpine-y-debut-del-modelo-2026-4.jpg\"><\/picture>\n<p><span>Mir\u00e1 tambi\u00e9n<\/span><\/p>\n<hr>\n<h3>Video: comenzaron las obras para modernizar el Aut\u00f3dromo y poder recibir al MotoGP y la F\u00f3rmula 1<\/h3>\n<\/p>\n<\/section>\n<\/div>\n<\/div>\n","protected":false},"excerpt":{"rendered":"<p>21\/01\/2026 12:22hs. Actualizado al 21\/01\/2026 17:29hs. Franco Colapinto ya est\u00e1 de vuelta en acci\u00f3n. El piloto argentino dio este martes sus primeras vueltas del a\u00f1o en un F\u00f3rmula 1 de Alpine, como parte de un test privado TPC (Testing of Previous Cars) realizado en el circuito de Barcelona-Catalu\u00f1a. Fue una jornada clave para sacarse el [&hellip;]<\/p>\n","protected":false},"author":1,"featured_media":184976,"comment_status":"closed","ping_status":"closed","sticky":false,"template":"","format":"standard","meta":[],"categories":[21],"tags":[],"_links":{"self":[{"href":"http:\/\/cordobadirecto.com\/index.php\/wp-json\/wp\/v2\/posts\/184975"}],"collection":[{"href":"http:\/\/cordobadirecto.com\/index.php\/wp-json\/wp\/v2\/posts"}],"about":[{"href":"http:\/\/cordobadirecto.com\/index.php\/wp-json\/wp\/v2\/types\/post"}],"author":[{"embeddable":true,"href":"http:\/\/cordobadirecto.com\/index.php\/wp-json\/wp\/v2\/users\/1"}],"replies":[{"embeddable":true,"href":"http:\/\/cordobadirecto.com\/index.php\/wp-json\/wp\/v2\/comments?post=184975"}],"version-history":[{"count":0,"href":"http:\/\/cordobadirecto.com\/index.php\/wp-json\/wp\/v2\/posts\/184975\/revisions"}],"wp:featuredmedia":[{"embeddable":true,"href":"http:\/\/cordobadirecto.com\/index.php\/wp-json\/wp\/v2\/media\/184976"}],"wp:attachment":[{"href":"http:\/\/cordobadirecto.com\/index.php\/wp-json\/wp\/v2\/media?parent=184975"}],"wp:term":[{"taxonomy":"category","embeddable":true,"href":"http:\/\/cordobadirecto.com\/index.php\/wp-json\/wp\/v2\/categories?post=184975"},{"taxonomy":"post_tag","embeddable":true,"href":"http:\/\/cordobadirecto.com\/index.php\/wp-json\/wp\/v2\/tags?post=184975"}],"curies":[{"name":"wp","href":"https:\/\/api.w.org\/{rel}","templated":true}]}}