{"id":184977,"date":"2026-01-21T21:33:01","date_gmt":"2026-01-21T21:33:01","guid":{"rendered":"https:\/\/www.ole.com.ar\/futbol-ascenso\/ascenso-colon-primera-nacional-dario-sarmiento-estudiantes-manchester-city-tigre-girona_0_Dotw1ZFvYF.html"},"modified":"2026-01-21T21:33:01","modified_gmt":"2026-01-21T21:33:01","slug":"fue-promesa-de-estudiantes-lo-compro-el-manchester-city-y-ahora-desembarca-en-colon","status":"publish","type":"post","link":"http:\/\/cordobadirecto.com\/index.php\/2026\/01\/21\/fue-promesa-de-estudiantes-lo-compro-el-manchester-city-y-ahora-desembarca-en-colon\/","title":{"rendered":"Fue promesa de Estudiantes, lo compr\u00f3 el Manchester City y ahora desembarca en Col\u00f3n"},"content":{"rendered":"<p><span class=\"createDate\">21\/01\/2026 17:31hs.<\/span><time class=\"modificatedDate\" datetime=\"2026-01-21T17:36:22-03:00\"> Actualizado al 21\/01\/2026 17:36hs.<\/time><\/p>\n<div id=\"storyBody\">\n<div id=\"element-body-0\" class=\"sc-136cd478-0 ekTCfV\" readability=\"35.845360824742\">\n<p>En un mercado de pases atravesado por la urgencia y la ilusi\u00f3n, <strong><a href=\"https:\/\/www.ole.com.ar\/tema\/colon.html\" title=\"Col\u00f3n\" alt=\"Col\u00f3n\" class=\"slug\">Col\u00f3n<\/a><\/strong> de Santa Fe oficializ\u00f3 una incorporaci\u00f3n que no pas\u00f3 inadvertida: <strong> <a href=\"https:\/\/www.ole.com.ar\/tema\/dario-sarmiento.html\" title=\"Dar\u00edo Sarmiento\" alt=\"Dar\u00edo Sarmiento\" class=\"slug\">Dar\u00edo Sarmiento<\/a><\/strong> es nuevo jugador sabalero. El extremo zurdo de <strong> 22 a\u00f1os <\/strong>llega a pr\u00e9stamo por una temporada, sin cargo y sin opci\u00f3n de compra, con una misi\u00f3n clara de potenciar al equipo de <strong>Ezequiel Medr\u00e1n<\/strong> en la pelea por el regreso a Primera.<\/p>\n<\/div>\n<div id=\"element-body-1\" class=\"sc-136cd478-0 ekTCfV\" readability=\"29.004739336493\">\n<p>La llegada de <a href=\"https:\/\/www.ole.com.ar\/tema\/dario-sarmiento.html\" title=\"Dar\u00edo Sarmiento\" alt=\"Dar\u00edo Sarmiento\" class=\"slug\">Sarmiento<\/a> se da en un contexto particular. Tras una campa\u00f1a que dej\u00f3 sabor amargo y con el recuerdo a\u00fan fresco.<a href=\"https:\/\/www.ole.com.ar\/tema\/colon.html\" title=\"Col\u00f3n\" alt=\"Col\u00f3n\" class=\"slug\"> Col\u00f3n<\/a> vuelve a apostar fuerte para no estirar su estad\u00eda en la <a href=\"https:\/\/www.ole.com.ar\/tema\/primera-nacional.html\" title=\"Primera Nacional\" alt=\"Primera Nacional\" class=\"slug\">Primera Nacional<\/a>. <\/p>\n<\/div>\n<p><h3>De promesa al precoz recorrido por Europa <\/h3>\n<\/p>\n<div id=\"element-body-3\" class=\"sc-136cd478-0 ekTCfV\" readability=\"32.289124668435\">\n<p>Formado en <a href=\"https:\/\/www.ole.com.ar\/tema\/estudiantes-de-la-plata.html\" title=\"Estudiantes de La Plata\" alt=\"Estudiantes de La Plata\" class=\"slug\">Estudiantes de La Plata<\/a>, <strong> Sarmiento<\/strong> irrumpi\u00f3 muy joven en la escena grande: <strong>debut\u00f3 en Primera con apenas 16 a\u00f1os y se convirti\u00f3 en una de las apariciones m\u00e1s prometedoras del f\u00fatbol argentino.<\/strong> Su talento no pas\u00f3 desapercibido y en 2021 fue transferido al <a href=\"https:\/\/www.ole.com.ar\/tema\/manchester-city.html\" title=\"Manchester City\" alt=\"Manchester City\" class=\"slug\">Manchester City<\/a>, en una operaci\u00f3n de seis millones de euros que lo integr\u00f3 al entramado del <a href=\"https:\/\/www.ole.com.ar\/tema\/city-football-group.html\" title=\"City Football Group\" alt=\"City Football Group\" class=\"slug\">City Group<\/a>.<\/p>\n<\/div>\n<div class=\"sc-e7b891c4-0 ifHnQL image-embed\" id=\"element-body-4\"><img alt=\"Dar\u00edo Sarmiento, en su pase por Estudiantes de La Plata. (Prensa Estudiantes). \" loading=\"lazy\" width=\"720\" height=\"100\" decoding=\"async\" data-nimg=\"1\" src=\"http:\/\/cordobadirecto.com\/wp-content\/uploads\/2026\/01\/fue-promesa-de-estudiantes-lo-compro-el-manchester-city-y-ahora-desembarca-en-colon.jpg\"><span class=\"epigraphe\">Dar\u00edo Sarmiento, en su pase por Estudiantes de La Plata. (Prensa Estudiantes).<br \/>\n<\/span><\/div>\n<div id=\"element-body-5\" class=\"sc-136cd478-0 ekTCfV\" readability=\"36.022099447514\">\n<p>A partir de all\u00ed, su carrera tom\u00f3 caminos diversos. Sum\u00f3 experiencias en el <a href=\"https:\/\/www.ole.com.ar\/tema\/girona.html\" title=\"girona\" alt=\"girona\" class=\"slug\">Girona FC<\/a> y en <a href=\"https:\/\/www.ole.com.ar\/tema\/montevideo-city-torque.html\" title=\"Montevideo City Torque\" alt=\"Montevideo City Torque\" class=\"slug\">Montevideo City Torque<\/a>, adem\u00e1s de un regreso al pa\u00eds para vestir la camiseta de <a href=\"https:\/\/www.ole.com.ar\/tema\/tigre.html\" title=\"Tigre\" alt=\"Tigre\" class=\"slug\">Tigre<\/a>, due\u00f1o de su pase. Tambi\u00e9n tuvo un paso por el RFC Li\u00e8ge de B\u00e9lgica, aunque sin la continuidad deseada. Hoy, Santa Fe aparece como el escenario ideal para relanzar su historia.<\/p>\n<\/div>\n<div class=\"sc-e7b891c4-0 ifHnQL image-embed\" id=\"element-body-6\"><img alt=\"Dar\u00edo Sarmiento, en su paso por Girona.\" loading=\"lazy\" width=\"720\" height=\"100\" decoding=\"async\" data-nimg=\"1\" src=\"http:\/\/cordobadirecto.com\/wp-content\/uploads\/2026\/01\/fue-promesa-de-estudiantes-lo-compro-el-manchester-city-y-ahora-desembarca-en-colon-1.jpg\"><span class=\"epigraphe\">Dar\u00edo Sarmiento, en su paso por Girona.<\/span><\/div>\n<p><h3>Col\u00f3n una nueva oportunidad <\/h3>\n<\/p>\n<div id=\"element-body-8\" class=\"sc-136cd478-0 ekTCfV\" readability=\"37\">\n<p><strong>\u201cDecid\u00ed venir porque s\u00e9 muy bien lo que es Col\u00f3n\u201d<\/strong>, expres\u00f3 el futbolista tras firmar su contrato hasta Diciembre 2026. La presentaci\u00f3n oficial, acompa\u00f1ada por una producci\u00f3n creativa en redes, despert\u00f3 r\u00e1pidamente la ilusi\u00f3n de los hinchas.<\/p>\n<\/div>\n<div class=\"custom-embedhtml\" id=\"element-body-9\" readability=\"20.743902439024\">\n<blockquote class=\"twitter-tweet\" readability=\"3.9512195121951\">\n<p lang=\"es\" dir=\"ltr\">\ud835\ude4e\ud835\ude5e, \ud835\ude68\ud835\ude64\ud835\ude6e \ud835\ude6e\ud835\ude64\u2026 <a href=\"https:\/\/t.co\/rESeWN2Qdd\">pic.twitter.com\/rESeWN2Qdd<\/a><\/p>\n<p>\u2014 Club Atl\u00e9tico Col\u00f3n \u2b50 (@ColonOficial) <a href=\"https:\/\/twitter.com\/ColonOficial\/status\/2013658634756985188?ref_src=twsrc%5Etfw\">January 20, 2026<\/a><\/p><\/blockquote><\/div>\n<p><h3>El mercado de pases de Col\u00f3n<\/h3>\n<\/p>\n<div id=\"element-body-11\" class=\"sc-136cd478-0 ekTCfV\" readability=\"47\">\n<p>Altas: Leandro Allende, Mat\u00edas Budi\u00f1o, Ignacio Antonio, Mat\u00edas Godoy, Pier Barrios, Juli\u00e1n Marcioni , Mat\u00edas Mu\u00f1oz , Federico L\u00e9rtora, Emanuel Beltr\u00e1n , Lucas Cano, Alan Bonansea , Mauro Peinipil, Dar\u00edo Sarmiento, Sebasti\u00e1n Olmedo.<\/p>\n<\/div>\n<div id=\"element-body-12\" class=\"sc-136cd478-0 ekTCfV\" readability=\"49\">\n<p>Bajas: Joel So\u00f1ora, Cristian Garc\u00eda, Brian Negro, Emmanuel Gigliotti, Guillermo Ortiz, Gonzalo Bettini, Oscar Garrido, Facundo Taborda , Marcos D\u00edaz, Federico Jourdan, Facundo S\u00e1nchez, Jos\u00e9 Barreto, Christian Bernardi , Gonzalo Soto, Luis Rodr\u00edguez, Nicol\u00e1s Fern\u00e1ndez .<\/p>\n<\/div>\n<div id=\"element-body-13\" class=\"sc-a7166897-0 eoLsBE\" readability=\"31\">\n<section readability=\"2\"><picture><img alt=\"Deportivo Madryn apost\u00f3 por el hijo de un hist\u00f3rico de Racing\" loading=\"lazy\" width=\"290\" height=\"290\" decoding=\"async\" data-nimg=\"1\" src=\"http:\/\/cordobadirecto.com\/wp-content\/uploads\/2026\/01\/fue-promesa-de-estudiantes-lo-compro-el-manchester-city-y-ahora-desembarca-en-colon-2.jpg\"><\/picture>\n<p><span>Mir\u00e1 tambi\u00e9n<\/span><\/p>\n<hr>\n<h3>Deportivo Madryn apost\u00f3 por el hijo de un hist\u00f3rico de Racing<\/h3>\n<\/p>\n<\/section>\n<\/div>\n<div id=\"element-body-14\" class=\"sc-a7166897-0 eoLsBE\" readability=\"32\">\n<section readability=\"4\"><picture><img alt=\"Infl\u00f3 las redes: contrato vigente, sin minutos y un pedido p\u00fablico para seguir jugando \" loading=\"lazy\" width=\"290\" height=\"290\" decoding=\"async\" data-nimg=\"1\" src=\"http:\/\/cordobadirecto.com\/wp-content\/uploads\/2026\/01\/fue-promesa-de-estudiantes-lo-compro-el-manchester-city-y-ahora-desembarca-en-colon-3.jpg\"><\/picture>\n<p><span>Mir\u00e1 tambi\u00e9n<\/span><\/p>\n<hr>\n<h3>Infl\u00f3 las redes: contrato vigente, sin minutos y un pedido p\u00fablico para seguir jugando <\/h3>\n<\/p>\n<\/section>\n<\/div>\n<div id=\"element-body-15\" class=\"sc-a7166897-0 eoLsBE\" readability=\"31\">\n<section readability=\"2\"><picture><img alt=\"Col\u00f3n empez\u00f3 el 2026 con un triunfo y dej\u00f3 buenas sensaciones\" loading=\"lazy\" width=\"290\" height=\"290\" decoding=\"async\" data-nimg=\"1\" src=\"http:\/\/cordobadirecto.com\/wp-content\/uploads\/2026\/01\/fue-promesa-de-estudiantes-lo-compro-el-manchester-city-y-ahora-desembarca-en-colon-4.jpg\"><\/picture>\n<p><span>Mir\u00e1 tambi\u00e9n<\/span><\/p>\n<hr>\n<h3>Col\u00f3n empez\u00f3 el 2026 con un triunfo y dej\u00f3 buenas sensaciones<\/h3>\n<\/p>\n<\/section>\n<\/div>\n<\/div>\n","protected":false},"excerpt":{"rendered":"<p>21\/01\/2026 17:31hs. Actualizado al 21\/01\/2026 17:36hs. En un mercado de pases atravesado por la urgencia y la ilusi\u00f3n, Col\u00f3n de Santa Fe oficializ\u00f3 una incorporaci\u00f3n que no pas\u00f3 inadvertida: Dar\u00edo Sarmiento es nuevo jugador sabalero. El extremo zurdo de 22 a\u00f1os llega a pr\u00e9stamo por una temporada, sin cargo y sin opci\u00f3n de compra, con [&hellip;]<\/p>\n","protected":false},"author":1,"featured_media":184978,"comment_status":"closed","ping_status":"closed","sticky":false,"template":"","format":"standard","meta":[],"categories":[21],"tags":[],"_links":{"self":[{"href":"http:\/\/cordobadirecto.com\/index.php\/wp-json\/wp\/v2\/posts\/184977"}],"collection":[{"href":"http:\/\/cordobadirecto.com\/index.php\/wp-json\/wp\/v2\/posts"}],"about":[{"href":"http:\/\/cordobadirecto.com\/index.php\/wp-json\/wp\/v2\/types\/post"}],"author":[{"embeddable":true,"href":"http:\/\/cordobadirecto.com\/index.php\/wp-json\/wp\/v2\/users\/1"}],"replies":[{"embeddable":true,"href":"http:\/\/cordobadirecto.com\/index.php\/wp-json\/wp\/v2\/comments?post=184977"}],"version-history":[{"count":0,"href":"http:\/\/cordobadirecto.com\/index.php\/wp-json\/wp\/v2\/posts\/184977\/revisions"}],"wp:featuredmedia":[{"embeddable":true,"href":"http:\/\/cordobadirecto.com\/index.php\/wp-json\/wp\/v2\/media\/184978"}],"wp:attachment":[{"href":"http:\/\/cordobadirecto.com\/index.php\/wp-json\/wp\/v2\/media?parent=184977"}],"wp:term":[{"taxonomy":"category","embeddable":true,"href":"http:\/\/cordobadirecto.com\/index.php\/wp-json\/wp\/v2\/categories?post=184977"},{"taxonomy":"post_tag","embeddable":true,"href":"http:\/\/cordobadirecto.com\/index.php\/wp-json\/wp\/v2\/tags?post=184977"}],"curies":[{"name":"wp","href":"https:\/\/api.w.org\/{rel}","templated":true}]}}