{"id":184992,"date":"2026-01-22T11:37:05","date_gmt":"2026-01-22T11:37:05","guid":{"rendered":"https:\/\/cordoba.gob.ar\/?p=85056"},"modified":"2026-01-22T11:37:05","modified_gmt":"2026-01-22T11:37:05","slug":"alerta-amarilla-aumento-de-temperatura-y-posible-ola-de-calor","status":"publish","type":"post","link":"http:\/\/cordobadirecto.com\/index.php\/2026\/01\/22\/alerta-amarilla-aumento-de-temperatura-y-posible-ola-de-calor\/","title":{"rendered":"Alerta amarilla: aumento de temperatura y posible ola de calor"},"content":{"rendered":"<div><img src=\"http:\/\/cordobadirecto.com\/wp-content\/uploads\/2026\/01\/alerta-amarilla-aumento-de-temperatura-y-posible-ola-de-calor.jpg\" class=\"ff-og-image-inserted\"><\/div>\n<p data-prosemirror-content-type=\"node\" data-prosemirror-node-name=\"paragraph\" data-prosemirror-node-block=\"true\">Acorde a datos elaborados por el Observatorio Hidrometeorol\u00f3gico de la Provincia, la Municipalidad de C\u00f3rdoba informa que desde este jueves se espera un marcado aumento de la temperatura en la ciudad y el \u00e1rea metropolitana.<\/p>\n<p data-prosemirror-content-type=\"node\" data-prosemirror-node-name=\"paragraph\" data-prosemirror-node-block=\"true\">A partir del viernes se establecer\u00e1n valores de temperatura cercanos a una \u201cOla de Calor\u201d: m\u00e1ximas que superar\u00e1n los 34\u00b0 y m\u00ednimas altas, cercanas a los 20\u00b0. El fen\u00f3meno meteorol\u00f3gico, que durar\u00e1 por lo menos hasta el lunes, generar\u00e1 un clima \u201csofocante\u201d.<\/p>\n<p data-prosemirror-content-type=\"node\" data-prosemirror-node-name=\"paragraph\" data-prosemirror-node-block=\"true\">Acorde al primer Plan de la Municipalidad de C\u00f3rdoba sobre Olas de Calor, la Alerta Amarilla establece impacto leve en la poblaci\u00f3n en general y moderado en personas mayores, ni\u00f1os, ni\u00f1as, pacientes con enfermedades cr\u00f3nicas y embarazadas. Desde este momento se activa la comunicaci\u00f3n preventiva, la revisi\u00f3n de recursos y los equipos se encuentran dispuestos para actuar.<\/p>\n<p data-prosemirror-content-type=\"node\" data-prosemirror-node-name=\"paragraph\" data-prosemirror-node-block=\"true\">En caso de necesitar ayuda m\u00e9dica, los Centros de Salud estar\u00e1n abiertos de 7:00 a 14:00 horas, de lunes a viernes, en tanto que los el Hospital Pr\u00edncipe de Asturias y los cuatro Hospitales de Pronta Atenci\u00f3n funcionar\u00e1n las 24 horas, los siete d\u00edas de la semana.<\/p>\n<p data-prosemirror-content-type=\"node\" data-prosemirror-node-name=\"paragraph\" data-prosemirror-node-block=\"true\">Se suspender\u00e1n o reprogramar\u00e1n las actividades municipales al aire libre entre las 10:00 y las 16:00 horas, del viernes al lunes, a excepci\u00f3n de las piletas municipales.<\/p>\n<p data-prosemirror-content-type=\"node\" data-prosemirror-node-name=\"paragraph\" data-prosemirror-node-block=\"true\">Los 48 Comit\u00e9s de Emergencias Barriales se concentrar\u00e1n en la atenci\u00f3n de personas mayores y comunidades de su entorno. Tambi\u00e9n se notificar\u00e1 a geri\u00e1tricos y jardines de infantes para que establezcan los protocolos brindados por el Municipio en capacitaciones.<\/p>\n<p data-prosemirror-content-type=\"node\" data-prosemirror-node-name=\"paragraph\" data-prosemirror-node-block=\"true\">Mientras perdure el verano, de lunes a viernes de 10:00 a 13:00 horas estar\u00e1 disponible el punto de hidrataci\u00f3n en el Cabildo.<\/p>\n<p data-prosemirror-content-type=\"node\" data-prosemirror-node-name=\"paragraph\" data-prosemirror-node-block=\"true\"><strong>Recomendaciones<\/strong><\/p>\n<ul>\n<li data-prosemirror-content-type=\"node\" data-prosemirror-node-name=\"paragraph\" data-prosemirror-node-block=\"true\">Evitar la exposici\u00f3n al sol y realizar actividad f\u00edsica entre las 10:00 y las 16:00 horas<\/li>\n<li data-prosemirror-content-type=\"node\" data-prosemirror-node-name=\"paragraph\" data-prosemirror-node-block=\"true\">Mantener una hidrataci\u00f3n frecuente, a\u00fan sin sensaci\u00f3n de sed<\/li>\n<li data-prosemirror-content-type=\"node\" data-prosemirror-node-name=\"paragraph\" data-prosemirror-node-block=\"true\">Contactar a familiares, vecinos y vecinas que viven solas para supervisar su estado de salud<\/li>\n<li data-prosemirror-content-type=\"node\" data-prosemirror-node-name=\"paragraph\" data-prosemirror-node-block=\"true\">Prestar atenci\u00f3n a los s\u00edntomas de agotamiento por calor: mareos, dolor de cabeza, n\u00e1useas, debilidad o cansancio extremo.<\/li>\n<\/ul>\n<p data-prosemirror-content-type=\"node\" data-prosemirror-node-name=\"paragraph\" data-prosemirror-node-block=\"true\"><a href=\"https:\/\/cordoba.gob.ar\/prevencion-a-la-ola-de-calor\/\">M\u00e1s informaci\u00f3n del Plan de la Municipalidad de C\u00f3rdoba sobres Olas de Calor.&nbsp;<\/a><\/p>\n","protected":false},"excerpt":{"rendered":"<p>Acorde a datos elaborados por el Observatorio Hidrometeorol\u00f3gico de la Provincia, la Municipalidad de C\u00f3rdoba informa que desde este jueves se espera un marcado aumento de la temperatura en la ciudad y el \u00e1rea metropolitana. A partir del viernes se establecer\u00e1n valores de temperatura cercanos a una \u201cOla de Calor\u201d: m\u00e1ximas que superar\u00e1n los 34\u00b0 [&hellip;]<\/p>\n","protected":false},"author":1,"featured_media":184993,"comment_status":"closed","ping_status":"closed","sticky":false,"template":"","format":"standard","meta":[],"categories":[44],"tags":[],"_links":{"self":[{"href":"http:\/\/cordobadirecto.com\/index.php\/wp-json\/wp\/v2\/posts\/184992"}],"collection":[{"href":"http:\/\/cordobadirecto.com\/index.php\/wp-json\/wp\/v2\/posts"}],"about":[{"href":"http:\/\/cordobadirecto.com\/index.php\/wp-json\/wp\/v2\/types\/post"}],"author":[{"embeddable":true,"href":"http:\/\/cordobadirecto.com\/index.php\/wp-json\/wp\/v2\/users\/1"}],"replies":[{"embeddable":true,"href":"http:\/\/cordobadirecto.com\/index.php\/wp-json\/wp\/v2\/comments?post=184992"}],"version-history":[{"count":0,"href":"http:\/\/cordobadirecto.com\/index.php\/wp-json\/wp\/v2\/posts\/184992\/revisions"}],"wp:featuredmedia":[{"embeddable":true,"href":"http:\/\/cordobadirecto.com\/index.php\/wp-json\/wp\/v2\/media\/184993"}],"wp:attachment":[{"href":"http:\/\/cordobadirecto.com\/index.php\/wp-json\/wp\/v2\/media?parent=184992"}],"wp:term":[{"taxonomy":"category","embeddable":true,"href":"http:\/\/cordobadirecto.com\/index.php\/wp-json\/wp\/v2\/categories?post=184992"},{"taxonomy":"post_tag","embeddable":true,"href":"http:\/\/cordobadirecto.com\/index.php\/wp-json\/wp\/v2\/tags?post=184992"}],"curies":[{"name":"wp","href":"https:\/\/api.w.org\/{rel}","templated":true}]}}