{"id":185037,"date":"2026-01-22T20:17:26","date_gmt":"2026-01-22T20:17:26","guid":{"rendered":"https:\/\/www.ole.com.ar\/autos\/alpine-auto-diseno-a526-presentacion-vistazos-crucero-temporada-2026-formula-1-f1-franco-colapinto_0_v3d0KqfH44.html"},"modified":"2026-01-22T20:17:26","modified_gmt":"2026-01-22T20:17:26","slug":"adelanto-del-lanzamiento-alpine-mostro-imagenes-del-auto-que-manejara-colapinto-en-2026","status":"publish","type":"post","link":"http:\/\/cordobadirecto.com\/index.php\/2026\/01\/22\/adelanto-del-lanzamiento-alpine-mostro-imagenes-del-auto-que-manejara-colapinto-en-2026\/","title":{"rendered":"Adelanto del lanzamiento: Alpine mostr\u00f3 im\u00e1genes del auto que manejar\u00e1 Colapinto en 2026"},"content":{"rendered":"<p><span class=\"createDate\">22\/01\/2026 17:17hs.<\/span><time class=\"modificatedDate\" datetime=\"2026-01-22T17:37:16-03:00\"> Actualizado al 22\/01\/2026 17:37hs.<\/time><\/p>\n<div id=\"storyBody\">\n<div id=\"element-body-0\" class=\"sc-136cd478-0 ekTCfV\" readability=\"36.542239685658\">\n<p><strong><a href=\"https:\/\/www.ole.com.ar\/tema\/alpine.html\" title=\"Alpine\" alt=\"Alpine\" class=\"slug\">Alpine<\/a><\/strong> ya empez\u00f3 a calentar motores y la manija es total: <strong>este viernes 23 de enero<\/strong>, en un escenario tan poco habitual como espectacular, la escuder\u00eda francesa <strong>va a presentar el A526 a bordo de un crucero<\/strong> que navegar\u00e1 por el Mar Balear, en Espa\u00f1a frente a Barcelona. Ser\u00e1 el auto con el que <strong><a href=\"https:\/\/www.ole.com.ar\/tema\/franco-colapinto.html\" title=\"Franco Colapinto\" alt=\"Franco Colapinto\" class=\"slug\">Franco Colapinto<\/a><\/strong> y <strong> <a href=\"https:\/\/www.ole.com.ar\/tema\/pierre-gasly.html\" title=\"Pierre Gasly\" alt=\"Pierre Gasly\" class=\"slug\">Pierre Gasly<\/a><\/strong> saldr\u00e1n a dar pelea en la temporada de la <strong><a href=\"https:\/\/www.ole.com.ar\/tema\/formula-1.html\" title=\"F\u00f3rmula 1\" alt=\"F\u00f3rmula 1\" class=\"slug\">F\u00f3rmula 1<\/a><\/strong> y, a tan solo un d\u00eda del evento, <strong> el equipo ya dej\u00f3 ver algunos adelantos en sus redes sociales<\/strong> que encendieron la expectativa.<\/p>\n<\/div>\n<div id=\"element-body-1\" class=\"sc-136cd478-0 ekTCfV\" readability=\"40\">\n<p>Entre varias fotos con luz tenue como para no develar los colores exactos de la m\u00e1quina se llega a apreciar algo. Por ejemplo, el halo, la estructura que rodea y protege la cabina del piloto, <strong>estar\u00e1 pintado de un rosa chicle<\/strong> que, seg\u00fan uno de los videos publicados, acompa\u00f1ar\u00e1 gran parte del coche.<\/p>\n<\/div>\n<div class=\"sc-e7b891c4-0 ifHnQL image-embed\" id=\"element-body-2\"><img alt=\"As\u00ed se ve uno de los adelantos del equipo franc\u00e9s. (@alpinef1team)\" loading=\"lazy\" width=\"720\" height=\"100\" decoding=\"async\" data-nimg=\"1\" src=\"http:\/\/cordobadirecto.com\/wp-content\/uploads\/2026\/01\/adelanto-del-lanzamiento-alpine-mostro-imagenes-del-auto-que-manejara-colapinto-en-2026.jpg\"><span class=\"epigraphe\">As\u00ed se ve uno de los adelantos del equipo franc\u00e9s. (@alpinef1team)<\/span><\/div>\n<div id=\"element-body-3\" class=\"sc-136cd478-0 ekTCfV\" readability=\"41\">\n<p>Pero este color no ser\u00e1 el \u00fanico presente en el auto, que <strong>tendr\u00e1 algunas porciones te\u00f1idas de azul el\u00e9ctrico<\/strong>, un tono m\u00e1s oscuro que el utilizado durante el 2025, que era pr\u00e1cticamente celeste. Adem\u00e1s, en uno de los posteos del equipo galo, se mostr\u00f3 al monoplaza tapado con una tela y rodeado por autos de calle pertenecientes a la firma. <strong>\u00bfEl detalle? Tres son azules y uno plateado<\/strong>. Quiz\u00e1s, un gui\u00f1o para lo que se viene&#8230;<\/p>\n<\/div>\n<div class=\"sc-e7b891c4-0 ifHnQL image-embed\" id=\"element-body-4\"><img alt=\"El A526, rodeado de otros Alpine de calle. (@alpinef1team)\" loading=\"lazy\" width=\"720\" height=\"100\" decoding=\"async\" data-nimg=\"1\" src=\"http:\/\/cordobadirecto.com\/wp-content\/uploads\/2026\/01\/adelanto-del-lanzamiento-alpine-mostro-imagenes-del-auto-que-manejara-colapinto-en-2026-1.jpg\"><span class=\"epigraphe\">El A526, rodeado de otros Alpine de calle. (@alpinef1team)<\/span><\/div>\n<p><h2>Video: Alpine calent\u00f3 la previa de la presentaci\u00f3n de su auto con dos publicaciones<\/h2>\n<\/p>\n<div id=\"element-body-6\" class=\"sc-3c5a76cc-1 idjLTd\">\n<div class=\"sc-e8b2828-0 fBmEJc vertical\" type=\"embedvertical\">\n<div class=\"sc-e8b2828-1 iPLbWT videoText\" id=\"contentTitleembedverticalNWH1V2L7\" type=\"embedvertical\"><svg fill=\"#ffffff\"><symbol id=\"play\" viewBox=\"0 0 512 512\"><path d=\"M512 256C512 397.4 397.4 512 256 512C114.6 512 0 397.4 0 256C0 114.6 114.6 0 256 0C397.4 0 512 114.6 512 256zM176 168V344C176 352.7 180.7 360.7 188.3 364.9C195.8 369.2 205.1 369 212.5 364.5L356.5 276.5C363.6 272.1 368 264.4 368 256C368 247.6 363.6 239.9 356.5 235.5L212.5 147.5C205.1 142.1 195.8 142.8 188.3 147.1C180.7 151.3 176 159.3 176 168V168z\" \/><\/symbol><use xlink:href=\"#play\" \/><\/svg><\/p>\n<div class=\"right\">\n<p>Alpine<!-- --> &#8211; <span>&nbsp;<\/span><\/p>\n<h2 class=\"title-vid\">Alpine mostr\u00f3 unos adelantos de c\u00f3mo ser\u00e1 el dise\u00f1o de su auto en 2026<\/h2>\n<\/div>\n<\/div>\n<p><span class=\"back\" id=\"spanBackembedverticalNWH1V2L7\"><\/span><\/div>\n<div class=\"JWvideoNota_title\">\n<p>Cr\u00e9ditos: @alpinef1team<\/p>\n<\/div>\n<\/div>\n<p><h2>\u00bfC\u00f3mo y cu\u00e1ndo se podr\u00e1 ver el lanzamiento del A526?<\/h2>\n<\/p>\n<div id=\"element-body-8\" class=\"sc-136cd478-0 ekTCfV\" readability=\"39\">\n<p>Tal y como adelant\u00f3 <strong>Ol\u00e9<\/strong>, la cuesti\u00f3n se llevar\u00e1 a cabo en una embarcaci\u00f3n de lujo. Pero, \u00bfpor qu\u00e9 en el agua? Por la alianza comercial de Alpine con la empresa MSC, reconocida por sus cruceros. <strong>La \u00fanica forma de ver la presentaci\u00f3n del auto ser\u00e1<\/strong> <strong>a trav\u00e9s del canal oficial que el equipo tiene en YouTube (<\/strong>@AlpineCars). La transmisi\u00f3n comenzar\u00e1 a las <strong>8.30 de Argentina, este viernes<\/strong>. <\/p>\n<\/div>\n<div class=\"custom-embedhtml\" id=\"element-body-9\" readability=\"18.831775700935\">\n<blockquote class=\"twitter-tweet\" readability=\"3.0373831775701\">\n<p lang=\"en\" dir=\"ltr\">A526 LOADING \u23f3 <a href=\"https:\/\/t.co\/d3ilNwizIC\">pic.twitter.com\/d3ilNwizIC<\/a><\/p>\n<p>\u2014 BWT Alpine Formula One Team (@AlpineF1Team) <a href=\"https:\/\/twitter.com\/AlpineF1Team\/status\/2014434392425558322?ref_src=twsrc%5Etfw\">January 22, 2026<\/a><\/p><\/blockquote><\/div>\n<div id=\"element-body-10\" class=\"sc-136cd478-0 ekTCfV\" readability=\"43\">\n<p>En cuanto al resto de los equipos, Red Bull, Racing Bulls, Haas, Audi y Mercedes ya mostraron c\u00f3mo ser\u00e1n sus autos para el 2026. <strong>Faltan Ferrari<\/strong>, que ense\u00f1ar\u00e1 su m\u00e1quina tambi\u00e9n este viernes 23 de enero; <strong>Williams<\/strong>, el 3 de febrero; <strong>Cadillac<\/strong>, el 8 durante el Super Bowl; y <strong>McLaren y Aston Martin<\/strong> har\u00e1n lo propio el mismo d\u00eda, el lunes 9.<\/p>\n<\/div>\n<div id=\"element-body-11\" class=\"sc-a7166897-0 eoLsBE\" readability=\"31\">\n<section readability=\"2\"><picture><img alt=\"Video: Mercedes present\u00f3 el dise\u00f1o de su nuevo auto para 2026 y ya lo puso en pista\" loading=\"lazy\" width=\"290\" height=\"290\" decoding=\"async\" data-nimg=\"1\" src=\"http:\/\/cordobadirecto.com\/wp-content\/uploads\/2026\/01\/adelanto-del-lanzamiento-alpine-mostro-imagenes-del-auto-que-manejara-colapinto-en-2026-2.jpg\"><\/picture>\n<p><span>Mir\u00e1 tambi\u00e9n<\/span><\/p>\n<hr>\n<h3>Video: Mercedes present\u00f3 el dise\u00f1o de su nuevo auto para 2026 y ya lo puso en pista<\/h3>\n<\/p>\n<\/section>\n<\/div>\n<div id=\"element-body-12\" class=\"sc-a7166897-0 eoLsBE\" readability=\"31.5\">\n<section readability=\"3\"><picture><img alt=\"La pel\u00edcula de la F1, nominada a los Premios Oscar\" loading=\"lazy\" width=\"290\" height=\"290\" decoding=\"async\" data-nimg=\"1\" src=\"http:\/\/cordobadirecto.com\/wp-content\/uploads\/2026\/01\/adelanto-del-lanzamiento-alpine-mostro-imagenes-del-auto-que-manejara-colapinto-en-2026-3.jpg\"><\/picture>\n<p><span>Mir\u00e1 tambi\u00e9n<\/span><\/p>\n<hr>\n<h3>La pel\u00edcula de la F1, nominada a los Premios Oscar<\/h3>\n<\/p>\n<\/section>\n<\/div>\n<\/div>\n","protected":false},"excerpt":{"rendered":"<p>22\/01\/2026 17:17hs. Actualizado al 22\/01\/2026 17:37hs. Alpine ya empez\u00f3 a calentar motores y la manija es total: este viernes 23 de enero, en un escenario tan poco habitual como espectacular, la escuder\u00eda francesa va a presentar el A526 a bordo de un crucero que navegar\u00e1 por el Mar Balear, en Espa\u00f1a frente a Barcelona. Ser\u00e1 [&hellip;]<\/p>\n","protected":false},"author":1,"featured_media":185038,"comment_status":"closed","ping_status":"closed","sticky":false,"template":"","format":"standard","meta":[],"categories":[21],"tags":[],"_links":{"self":[{"href":"http:\/\/cordobadirecto.com\/index.php\/wp-json\/wp\/v2\/posts\/185037"}],"collection":[{"href":"http:\/\/cordobadirecto.com\/index.php\/wp-json\/wp\/v2\/posts"}],"about":[{"href":"http:\/\/cordobadirecto.com\/index.php\/wp-json\/wp\/v2\/types\/post"}],"author":[{"embeddable":true,"href":"http:\/\/cordobadirecto.com\/index.php\/wp-json\/wp\/v2\/users\/1"}],"replies":[{"embeddable":true,"href":"http:\/\/cordobadirecto.com\/index.php\/wp-json\/wp\/v2\/comments?post=185037"}],"version-history":[{"count":0,"href":"http:\/\/cordobadirecto.com\/index.php\/wp-json\/wp\/v2\/posts\/185037\/revisions"}],"wp:featuredmedia":[{"embeddable":true,"href":"http:\/\/cordobadirecto.com\/index.php\/wp-json\/wp\/v2\/media\/185038"}],"wp:attachment":[{"href":"http:\/\/cordobadirecto.com\/index.php\/wp-json\/wp\/v2\/media?parent=185037"}],"wp:term":[{"taxonomy":"category","embeddable":true,"href":"http:\/\/cordobadirecto.com\/index.php\/wp-json\/wp\/v2\/categories?post=185037"},{"taxonomy":"post_tag","embeddable":true,"href":"http:\/\/cordobadirecto.com\/index.php\/wp-json\/wp\/v2\/tags?post=185037"}],"curies":[{"name":"wp","href":"https:\/\/api.w.org\/{rel}","templated":true}]}}