{"id":185039,"date":"2026-01-22T18:46:09","date_gmt":"2026-01-22T18:46:09","guid":{"rendered":"https:\/\/www.ole.com.ar\/autos\/video-mercedes-presento-diseno-nuevo-auto-2026-puso-pista-formula-1_0_xpp4qQpl1v.html"},"modified":"2026-01-22T18:46:09","modified_gmt":"2026-01-22T18:46:09","slug":"video-mercedes-presento-el-diseno-de-su-nuevo-auto-para-2026-y-ya-lo-puso-en-pista","status":"publish","type":"post","link":"http:\/\/cordobadirecto.com\/index.php\/2026\/01\/22\/video-mercedes-presento-el-diseno-de-su-nuevo-auto-para-2026-y-ya-lo-puso-en-pista\/","title":{"rendered":"Video: Mercedes present\u00f3 el dise\u00f1o de su nuevo auto para 2026 y ya lo puso en pista"},"content":{"rendered":"<p><span class=\"createDate\">22\/01\/2026 15:46hs.<\/span><time class=\"modificatedDate\" datetime=\"2026-01-22T15:47:24-03:00\"> Actualizado al 22\/01\/2026 15:47hs.<\/time><\/p>\n<div id=\"storyBody\">\n<div id=\"element-body-0\" class=\"sc-136cd478-0 ekTCfV\" readability=\"37.035532994924\">\n<p>La temporada 2026 de la <strong><a href=\"https:\/\/www.ole.com.ar\/tema\/formula-1.html\" title=\"F\u00f3rmula 1\" alt=\"F\u00f3rmula 1\" class=\"slug\">F\u00f3rmula 1<\/a><\/strong> est\u00e1 cada vez m\u00e1s cerca: el primer Gran Premio se disputar\u00e1 el 6 de marzo en Australia. Mientras se aguarda el inicio de la actividad oficial por los puntos, la M\u00e1xima sigue generando novedades. <strong>Este jueves, Mercedes present\u00f3 el dise\u00f1o de su nuevo auto<\/strong> y decidi\u00f3 sacarlo a pista en el circuito de Silverstone, como anticipo de los test de pretemporada.<\/p>\n<\/div>\n<div id=\"element-body-1\" class=\"sc-136cd478-0 ekTCfV\" readability=\"40\">\n<p><strong>La escuder\u00eda alemana revel\u00f3 los nuevos colores del W17 a trav\u00e9s de sus redes sociales,<\/strong> sin realizar un evento presencial, replicando el m\u00e9todo de difusi\u00f3n virtual que ya hab\u00edan utilizado otros equipos. <strong>\u201cLa nueva era empieza aqu\u00ed. Presentamos nuestro W17\u201d, escribieron para acompa\u00f1ar las primeras im\u00e1genes del livery del flamante monoplaza<\/strong>. Horas m\u00e1s tarde, el auto gir\u00f3 oficialmente por primera vez en el m\u00edtico circuito brit\u00e1nico, <strong>aprovechando los kil\u00f3metros habilitados para los tradicionales Filming Days.<\/strong><\/p>\n<\/div>\n<div class=\"sc-e7b891c4-0 ifHnQL image-embed\" id=\"element-body-2\"><img alt=\"Kimi Antonelli, a bordo del W17 de Mercedes, en plena acci\u00f3n este jueves en Silverstone.\n(@mercedesamgf1 en IG).\" loading=\"lazy\" width=\"720\" height=\"100\" decoding=\"async\" data-nimg=\"1\" src=\"http:\/\/cordobadirecto.com\/wp-content\/uploads\/2026\/01\/video-mercedes-presento-el-diseno-de-su-nuevo-auto-para-2026-y-ya-lo-puso-en-pista.jpg\"><span class=\"epigraphe\">Kimi Antonelli, a bordo del W17 de Mercedes, en plena acci\u00f3n este jueves en Silverstone.<br \/>\n(@mercedesamgf1 en IG).<\/span><\/div>\n<div id=\"element-body-3\" class=\"sc-136cd478-0 ekTCfV\" readability=\"38\">\n<p><strong>En este marco, la reglamentaci\u00f3n permite que cada equipo realice dos jornadas promocionales al a\u00f1o,<\/strong> con un m\u00e1ximo de 200 kil\u00f3metros por d\u00eda (400 en total). Estas sesiones est\u00e1n destinadas a fines publicitarios y a chequeos iniciales del coche y sus sistemas, como paso previo a las pruebas oficiales.<\/p>\n<\/div>\n<p><h2><strong>Cu\u00e1ndo ser\u00e1 la primera salida a pista oficial de los nuevos autos de la F\u00f3rmula 1<\/strong><\/h2>\n<\/p>\n<div id=\"element-body-5\" class=\"sc-136cd478-0 ekTCfV\" readability=\"37\">\n<p><strong>La primera salida a pista oficial del W17 ser\u00e1 durante los test privados en Barcelona,<\/strong> antes de que la pretemporada tenga dos instancias m\u00e1s en Bahrein, del 11 al 13 y del 18 al 20 de febrero, de cara al debut oficial en el Gran Premio de Australia el 6 de marzo.<\/p>\n<\/div>\n<div id=\"element-body-6\" class=\"sc-136cd478-0 ekTCfV\" readability=\"33.5\">\n<p>La expectativa alrededor del equipo es alta. <strong>Los rumores indican que la unidad de potencia desarrollada por Mercedes, <\/strong>que tambi\u00e9n utilizar\u00e1n <a href=\"https:\/\/www.ole.com.ar\/tema\/alpine.html\" title=\"Alpine\" alt=\"Alpine\" class=\"slug\">Alpine<\/a>, <a href=\"https:\/\/www.ole.com.ar\/tema\/williams.html\" title=\"Williams\" alt=\"Williams\" class=\"slug\">Williams<\/a> y <a href=\"https:\/\/www.ole.com.ar\/tema\/mclaren.html\" title=\"McLaren\" alt=\"McLaren\" class=\"slug\">McLaren<\/a>, <strong> ser\u00eda la m\u00e1s eficiente de esta nueva generaci\u00f3n.<\/strong> <\/p>\n<\/div>\n<p><h2>As\u00ed es el nuevo dise\u00f1o del auto de Mercedes para 2026<\/h2>\n<\/p>\n<div id=\"element-body-8\" class=\"sc-136cd478-0 ekTCfV\" readability=\"39\">\n<p>En cuanto al dise\u00f1o, <strong> el nuevo coche combina el negro caracter\u00edstico del equipo con el plateado hist\u00f3rico,<\/strong> adem\u00e1s de una l\u00ednea verde vinculada a uno de sus principales patrocinadores. \u201cEl W17 tambi\u00e9n presenta una llamativa nueva decoraci\u00f3n que marca una audaz expresi\u00f3n de identidad y evoluci\u00f3n\u201d, remarcaron desde la escuder\u00eda, al tiempo que destacaron la armon\u00eda entre el ic\u00f3nico plateado Mercedes y el negro intenso actual.<\/p>\n<\/div>\n<div class=\"sc-e7b891c4-0 ifHnQL image-embed\" id=\"element-body-9\"><img alt=\"As\u00ed luce el nuevo auto de Mercedes para la temporada 2026\" loading=\"lazy\" width=\"720\" height=\"100\" decoding=\"async\" data-nimg=\"1\" src=\"http:\/\/cordobadirecto.com\/wp-content\/uploads\/2026\/01\/video-mercedes-presento-el-diseno-de-su-nuevo-auto-para-2026-y-ya-lo-puso-en-pista-1.jpg\"><span class=\"epigraphe\">As\u00ed luce el nuevo auto de Mercedes para la temporada 2026<\/span><\/div>\n<div id=\"element-body-10\" class=\"sc-136cd478-0 ekTCfV\" readability=\"41\">\n<p><strong>El director del equipo, Toto Wolff, <\/strong>se refiri\u00f3 al desaf\u00edo que afrontar\u00e1 la categor\u00eda: <strong>\u201cLa F\u00f3rmula 1 experimentar\u00e1 cambios significativos en 2026, y estamos preparados para esa transici\u00f3n.<\/strong> El nuevo reglamento exige innovaci\u00f3n y un enfoque absoluto en todas las \u00e1reas del rendimiento. Nuestro trabajo en el nuevo coche, as\u00ed como el desarrollo a largo plazo de la unidad de potencia y los combustibles sostenibles avanzados, reflejan ese enfoque\u201d, se\u00f1al\u00f3. Y agreg\u00f3: \u201cPublicar las primeras im\u00e1genes del W17 es simplemente el siguiente paso en ese proceso. <strong>Representa el esfuerzo colectivo de nuestros equipos en Brixworth y Brackley\u201d.<\/strong><\/p>\n<\/div>\n<div id=\"element-body-11\" class=\"sc-136cd478-0 ekTCfV\" readability=\"42\">\n<p>Desde la escuder\u00eda tambi\u00e9n destacaron que 2026 marcar\u00e1 la mayor transformaci\u00f3n t\u00e9cnica en la historia de la F\u00f3rmula 1, con un chasis, una unidad de potencia y una normativa de combustible completamente nuevos. En ese contexto, <strong>el W17 ser\u00e1 m\u00e1s peque\u00f1o, estrecho y liviano que su antecesor, incorporar\u00e1 aerodin\u00e1mica activa con alerones m\u00f3viles, <\/strong>un motor con una distribuci\u00f3n cercana al 50\/50 entre energ\u00eda el\u00e9ctrica y combusti\u00f3n, y funcionar\u00e1 con combustibles sostenibles.<\/p>\n<\/div>\n<div id=\"element-body-12\" class=\"sc-136cd478-0 ekTCfV\" readability=\"41\">\n<p><strong>Mercedes,<\/strong> que ostenta ocho t\u00edtulos mundiales de Constructores entre 2014 y 2021 y es la cuarta escuder\u00eda m\u00e1s ganadora en la historia de la categor\u00eda, <strong>fue el quinto equipo en revelar su monoplaza para 2026,<\/strong> luego de Racing Bulls, Red Bull Racing, Haas y Audi, que ocupar\u00e1 el lugar del hist\u00f3rico Sauber.<\/p>\n<\/div>\n<p><h2>C\u00f3mo siguen las fechas de presentaci\u00f3n de los nuevos autos de 2026 de la F\u00f3rmula 1<\/h2>\n<\/p>\n<div id=\"element-body-14\" class=\"sc-136cd478-0 ekTCfV\" readability=\"39\">\n<p>Antes de los primeros kil\u00f3metros oficiales -aunque privados- en el circuito de Barcelona, todav\u00eda restan conocerse varios dise\u00f1os. <strong>Este viernes 23 de enero, el Alpine de Franco Colapinto y Ferrari presentar\u00e1n sus colores para 2026.<\/strong> Luego ser\u00e1 el turno de Williams (mi\u00e9rcoles 3 de febrero), Cadillac (domingo 8), y finalmente McLaren y Aston Martin (lunes 9).<\/p>\n<\/div>\n<p><h2>El nuevo Mercedes ya gir\u00f3 por primera vez en Silverstone<\/h2>\n<\/p>\n<div id=\"element-body-16\" class=\"sc-3c5a76cc-1 idjLTd\" readability=\"31.5\">\n<div class=\"sc-e8b2828-0 fBmEJc\" type=\"embed\">\n<div class=\"sc-e8b2828-1 iPLbWT videoText\" id=\"contentTitleembedMe5IIO8m\" type=\"embed\"><svg fill=\"#ffffff\"><symbol id=\"play\" viewBox=\"0 0 512 512\"><path d=\"M512 256C512 397.4 397.4 512 256 512C114.6 512 0 397.4 0 256C0 114.6 114.6 0 256 0C397.4 0 512 114.6 512 256zM176 168V344C176 352.7 180.7 360.7 188.3 364.9C195.8 369.2 205.1 369 212.5 364.5L356.5 276.5C363.6 272.1 368 264.4 368 256C368 247.6 363.6 239.9 356.5 235.5L212.5 147.5C205.1 142.1 195.8 142.8 188.3 147.1C180.7 151.3 176 159.3 176 168V168z\" \/><\/symbol><use xlink:href=\"#play\" \/><\/svg><\/p>\n<div class=\"right\">\n<p>Mercedes Benz<!-- --> &#8211; <span>&nbsp;<\/span><\/p>\n<h2 class=\"title-vid\">Mercedes sac\u00f3 a pista su nuevo auto para la temporada 2026 de la F\u00f3rmula 1<\/h2>\n<\/div>\n<\/div>\n<p><span class=\"back\" id=\"spanBackembedMe5IIO8m\"><\/span><\/div>\n<div class=\"JWvideoNota_title\" readability=\"8\">\n<p>La escuder\u00eda alemana dio sus primeras vueltas en el circuito de Silverstone con su flamante monoplaza.<\/p>\n<\/div>\n<\/div>\n<div id=\"element-body-17\" class=\"sc-a7166897-0 eoLsBE\" readability=\"32\">\n<section readability=\"4\"><picture><img alt=\"D\u00eda, hora y c\u00f3mo ver la presentaci\u00f3n del Alpine 2026 con Franco Colapinto y el auto en un crucero\" loading=\"lazy\" width=\"290\" height=\"290\" decoding=\"async\" data-nimg=\"1\" src=\"http:\/\/cordobadirecto.com\/wp-content\/uploads\/2026\/01\/video-mercedes-presento-el-diseno-de-su-nuevo-auto-para-2026-y-ya-lo-puso-en-pista-2.jpg\"><\/picture>\n<p><span>Mir\u00e1 tambi\u00e9n<\/span><\/p>\n<hr>\n<h3>D\u00eda, hora y c\u00f3mo ver la presentaci\u00f3n del Alpine 2026 con Franco Colapinto y el auto en un crucero<\/h3>\n<\/p>\n<\/section>\n<\/div>\n<div id=\"element-body-18\" class=\"sc-a7166897-0 eoLsBE\" readability=\"33\">\n<section readability=\"6\"><picture><img alt=\"Luciano Benavides, campe\u00f3n del Dakar, con Ol\u00e9: ganar con la cabeza, el sue\u00f1o prof\u00e9tico con Messi y la pol\u00e9mica de los camellos\" loading=\"lazy\" width=\"290\" height=\"290\" decoding=\"async\" data-nimg=\"1\" src=\"http:\/\/cordobadirecto.com\/wp-content\/uploads\/2026\/01\/video-mercedes-presento-el-diseno-de-su-nuevo-auto-para-2026-y-ya-lo-puso-en-pista-3.jpg\"><\/picture>\n<p><span>Mir\u00e1 tambi\u00e9n<\/span><\/p>\n<hr>\n<h3>Luciano Benavides, campe\u00f3n del Dakar, con Ol\u00e9: ganar con la cabeza, el sue\u00f1o prof\u00e9tico con Messi y la pol\u00e9mica de los camellos<\/h3>\n<\/p>\n<\/section>\n<\/div>\n<div id=\"element-body-19\" class=\"sc-a7166897-0 eoLsBE\" readability=\"31\">\n<section readability=\"2\"><picture><img alt=\"Las fotos de Franco Colapinto en versi\u00f3n modelo con la ropa 2026 de Alpine\" loading=\"lazy\" width=\"290\" height=\"290\" decoding=\"async\" data-nimg=\"1\" src=\"http:\/\/cordobadirecto.com\/wp-content\/uploads\/2026\/01\/video-mercedes-presento-el-diseno-de-su-nuevo-auto-para-2026-y-ya-lo-puso-en-pista-4.jpg\"><\/picture>\n<p><span>Mir\u00e1 tambi\u00e9n<\/span><\/p>\n<hr>\n<h3>Las fotos de Franco Colapinto en versi\u00f3n modelo con la ropa 2026 de Alpine<\/h3>\n<\/p>\n<\/section>\n<\/div>\n<\/div>\n","protected":false},"excerpt":{"rendered":"<p>22\/01\/2026 15:46hs. Actualizado al 22\/01\/2026 15:47hs. La temporada 2026 de la F\u00f3rmula 1 est\u00e1 cada vez m\u00e1s cerca: el primer Gran Premio se disputar\u00e1 el 6 de marzo en Australia. Mientras se aguarda el inicio de la actividad oficial por los puntos, la M\u00e1xima sigue generando novedades. Este jueves, Mercedes present\u00f3 el dise\u00f1o de su [&hellip;]<\/p>\n","protected":false},"author":1,"featured_media":185040,"comment_status":"closed","ping_status":"closed","sticky":false,"template":"","format":"standard","meta":[],"categories":[21],"tags":[],"_links":{"self":[{"href":"http:\/\/cordobadirecto.com\/index.php\/wp-json\/wp\/v2\/posts\/185039"}],"collection":[{"href":"http:\/\/cordobadirecto.com\/index.php\/wp-json\/wp\/v2\/posts"}],"about":[{"href":"http:\/\/cordobadirecto.com\/index.php\/wp-json\/wp\/v2\/types\/post"}],"author":[{"embeddable":true,"href":"http:\/\/cordobadirecto.com\/index.php\/wp-json\/wp\/v2\/users\/1"}],"replies":[{"embeddable":true,"href":"http:\/\/cordobadirecto.com\/index.php\/wp-json\/wp\/v2\/comments?post=185039"}],"version-history":[{"count":0,"href":"http:\/\/cordobadirecto.com\/index.php\/wp-json\/wp\/v2\/posts\/185039\/revisions"}],"wp:featuredmedia":[{"embeddable":true,"href":"http:\/\/cordobadirecto.com\/index.php\/wp-json\/wp\/v2\/media\/185040"}],"wp:attachment":[{"href":"http:\/\/cordobadirecto.com\/index.php\/wp-json\/wp\/v2\/media?parent=185039"}],"wp:term":[{"taxonomy":"category","embeddable":true,"href":"http:\/\/cordobadirecto.com\/index.php\/wp-json\/wp\/v2\/categories?post=185039"},{"taxonomy":"post_tag","embeddable":true,"href":"http:\/\/cordobadirecto.com\/index.php\/wp-json\/wp\/v2\/tags?post=185039"}],"curies":[{"name":"wp","href":"https:\/\/api.w.org\/{rel}","templated":true}]}}