{"id":18511,"date":"2021-09-14T17:47:00","date_gmt":"2021-09-14T17:47:00","guid":{"rendered":"https:\/\/lmdiario.com.ar\/contenido\/307457\/martin-llaryora-presento-la-edicion-2021-de-la-feria-del-libro-de-cordoba"},"modified":"2021-09-14T17:47:00","modified_gmt":"2021-09-14T17:47:00","slug":"martin-llaryora-presento-la-edicion-2021-de-la-feria-del-libro-de-cordoba","status":"publish","type":"post","link":"http:\/\/cordobadirecto.com\/index.php\/2021\/09\/14\/martin-llaryora-presento-la-edicion-2021-de-la-feria-del-libro-de-cordoba\/","title":{"rendered":"Mart\u00edn Llaryora present\u00f3 la edici\u00f3n 2021 de la Feria del Libro de C\u00f3rdoba"},"content":{"rendered":"<div><img src=\"http:\/\/cordobadirecto.com\/wp-content\/uploads\/2021\/09\/martin-llaryora-presento-la-edicion-2021-de-la-feria-del-libro-de-cordoba.jpg\" class=\"ff-og-image-inserted\"><\/div>\n<p>El intendente Mart\u00edn Llaryora encabez\u00f3 el acto de presentaci\u00f3n de la <strong>35\u00b0 Feria del Libro C\u00f3rdoba, la cual se desarrollar\u00e1 entre el 1 y el 11 de octubre en formato mixto<\/strong>, con actividades virtuales y tambi\u00e9n presenciales.<\/p>\n<p>Como una de las citas culturales fundamentales de la ciudad y del pa\u00eds, <strong>esta edici\u00f3n tiene por objetivo promover la formaci\u00f3n y desarrollo de los p\u00fablicos lectores y, a su vez, afianzar la cadena productiva local del libro y potenciar a las editoriales locales.<\/strong><\/p>\n<p>Bajo el lema \u201c<strong>Trascender fronteras, acercar culturas\u201d<\/strong> la propuesta de la Feria har\u00e1 foco en la traducci\u00f3n como posibilidad de encuentro entre culturas, con <strong>curadur\u00eda de Graciela Bialet y producci\u00f3n general de Lisa Daveloza<\/strong>.<\/p>\n<p>Habr\u00e1 <strong>charlas, conferencias y talleres a trav\u00e9s de plataformas digitales<\/strong>, y a su vez propuestas presenciales como la feria de editoriales <strong>sumado a un circuito de actividades en librer\u00edas, espacios p\u00fablicos, centros culturales<\/strong> y m\u00e1s. <strong>El acceso ser\u00e1 totalmente gratuito y con cupos limitados en funci\u00f3n de los cuidados necesarios atendiendo la situaci\u00f3n sanitaria actual.<\/strong><\/p>\n<p><strong>\u201cQuiero agradecerles y destacar que, a pesar de las dificultades que tuvimos por la pandemia, C\u00f3rdoba no par\u00f3 sus ferias, se anim\u00f3 a entrar al mundo virtual y consolid\u00f3 este espacio\u201d<\/strong>, resalt\u00f3 Llaryora.<\/p>\n<p>Adem\u00e1s, el intendente remarc\u00f3 la importancia de la cultura como elemento de innovaci\u00f3n y desarrollo. <strong>\u201cEl arte es una gran econom\u00eda, la econom\u00eda naranja, vinculada a la innovaci\u00f3n y creatividad, la cual crece porque todo lo que tiene que ver con el hombre en materia espiritual, valores, cultura, arte y entretenimiento<\/strong>, es una de las cuestiones m\u00e1s dif\u00edciles que tiene la tecnolog\u00eda para reemplazar. En esa econom\u00eda, C\u00f3rdoba tiene una potencia para ser l\u00edder regional en Latinoam\u00e9rica\u201d.<\/p>\n<p>El extenso cronograma de la Feria del Libro C\u00f3rdoba 2021 plantea actividades virtuales, con una<strong> grilla de presentaciones y charlas con participaci\u00f3n de autores locales, nacionales e internacionales<\/strong> que podr\u00e1 disfrutarse a trav\u00e9s del canal de YouTube de la Subsecretar\u00eda (Cultura C\u00f3rdoba Ciudad).<\/p>\n<p>Al mismo tiempo,<strong> el circuito presencial contar\u00e1 con recorridos por librer\u00edas, espacios p\u00fablicos y culturales. <\/strong>La propuesta est\u00e1 constituida por librer\u00edas locales que ofrecer\u00e1n en sus sedes presentaciones de libros, autoras\/es y espect\u00e1culos musicales, donde adem\u00e1s los lectores podr\u00e1n acceder a la compra de libros.<\/p>\n<p>Otro escenario descentralizado se extender\u00e1 a trav\u00e9s de los centros culturales, con presentaciones de libros, charlas, talleres y propuestas art\u00edsticas.<strong> El Cabildo ser\u00e1 sede de los stands de editoriales locales, nucleadas dentro de Bar\u00f3n Biza, y tambi\u00e9n de su programaci\u00f3n presencial; y se sumar\u00e1n para esta edici\u00f3n actividades en el Museo Juan de Tejeda, el Centro Cultural Espa\u00f1a C\u00f3rdoba y el Centro Cultural La Piojera, el Museo Genaro P\u00e9rez, la ex Legislatura Provincial, el Museo de las Mujeres, la Biblioteca.<\/strong><\/p>\n<p>\u201cEl intendente nos pidi\u00f3, ya que la cuesti\u00f3n sanitaria estaba empezando a dar n\u00fameros alentadores, que nos pusi\u00e9ramos a organizar esta fiesta cultural, con dos grandes ferias. E<strong>stamos muy contentos porque de a poco empezamos a volver a una nueva normalidad, y esto le permite a C\u00f3rdoba volver a tener la Feria del Libro y la Feria del Arte<\/strong>\u201d, sintetiz\u00f3 el secretario de Gobierno, Miguel Siciliano.<\/p>\n<p><strong>La organizaci\u00f3n del evento est\u00e1 a cargo de la Municipalidad de C\u00f3rdoba<\/strong>, a trav\u00e9s de la Subsecretar\u00eda de Cultura, dependiente de la Secretar\u00eda de Gobierno, conjuntamente con la <strong>Agencia C\u00f3rdoba Cultura<\/strong> de la Provincia, la <strong>Universidad Nacional de C\u00f3rdoba (UNC)<\/strong>, la <strong>C\u00e1mara de Librer\u00edas, Papeler\u00edas y afines del Centro de la Rep\u00fablica CALIPACER <\/strong>y la <strong>Sociedad Argentina de Escritores SADE filial C\u00f3rdoba.<\/strong><\/p>\n<p>\u201cQuiero agradecer a todas las instituciones que son parte de la Feria, hoy es un d\u00eda de mucha alegr\u00eda, estamos presentando<strong> las dos ferias m\u00e1s importantes que tenemos en C\u00f3rdoba y que adem\u00e1s son de las m\u00e1s importantes en el interior del pa\u00eds. <\/strong>Este a\u00f1o las actividades ser\u00e1n mixtas, presenciales y virtuales, porque la experiencia del a\u00f1o pasado fue muy buena en ese sentido\u201d, expres\u00f3 el subsecretario de Cultura, Federico Racca.<\/p>\n<p><strong>En la apertura se har\u00e1 entrega del Premio Alberto Burnichon 2021 donde el municipio distingue al Libro Mejor Editado en C\u00f3rdoba.<\/strong><\/p>\n<p>En el mismo sentido, la titular de la Agencia C\u00f3rdoba Cultura, <strong>Nora Bedano<\/strong>, destac\u00f3 que \u201ccuando los Estados invertimos en la organizaci\u00f3n de estas ferias, conjuntamente con el sector privado, <strong>no solo buscamos trascender fronteras y acercar culturas, tambi\u00e9n buscamos el mercado para nuestros artistas, escritores y editoriales. C\u00f3rdoba tiene un solo destino y es brillar<\/strong>, como lo viene haciendo partir del trabajo conjunto de Provincia y Municipio\u201d.<\/p>\n<p>Por otra parte, se realiz\u00f3 tambi\u00e9n la presentaci\u00f3n de la <strong>Feria de Arte C\u00f3rdoba (FACba) \u201cPaisaje: producci\u00f3n y fantas\u00eda\u201d que se podr\u00e1 disfrutar entre el 16 y el 21 de septiembre.<\/strong><\/p>\n<p><strong>Formar\u00e1n parte 67 galer\u00edas y espacios culturales de C\u00f3rdoba y otras provincias <\/strong>del pa\u00eds con propuestas virtuales y presenciales gratuitas, configurando el mapa actual y federal de las artes visuales.<\/p>\n","protected":false},"excerpt":{"rendered":"<p>El intendente Mart\u00edn Llaryora encabez\u00f3 el acto de presentaci\u00f3n de la 35\u00b0 Feria del Libro C\u00f3rdoba, la cual se desarrollar\u00e1 entre el 1 y el 11 de octubre en formato mixto, con actividades virtuales y tambi\u00e9n presenciales. Como una de las citas culturales fundamentales de la ciudad y del pa\u00eds, esta edici\u00f3n tiene por objetivo [&hellip;]<\/p>\n","protected":false},"author":1,"featured_media":18512,"comment_status":"closed","ping_status":"closed","sticky":false,"template":"","format":"standard","meta":[],"categories":[20],"tags":[],"_links":{"self":[{"href":"http:\/\/cordobadirecto.com\/index.php\/wp-json\/wp\/v2\/posts\/18511"}],"collection":[{"href":"http:\/\/cordobadirecto.com\/index.php\/wp-json\/wp\/v2\/posts"}],"about":[{"href":"http:\/\/cordobadirecto.com\/index.php\/wp-json\/wp\/v2\/types\/post"}],"author":[{"embeddable":true,"href":"http:\/\/cordobadirecto.com\/index.php\/wp-json\/wp\/v2\/users\/1"}],"replies":[{"embeddable":true,"href":"http:\/\/cordobadirecto.com\/index.php\/wp-json\/wp\/v2\/comments?post=18511"}],"version-history":[{"count":0,"href":"http:\/\/cordobadirecto.com\/index.php\/wp-json\/wp\/v2\/posts\/18511\/revisions"}],"wp:featuredmedia":[{"embeddable":true,"href":"http:\/\/cordobadirecto.com\/index.php\/wp-json\/wp\/v2\/media\/18512"}],"wp:attachment":[{"href":"http:\/\/cordobadirecto.com\/index.php\/wp-json\/wp\/v2\/media?parent=18511"}],"wp:term":[{"taxonomy":"category","embeddable":true,"href":"http:\/\/cordobadirecto.com\/index.php\/wp-json\/wp\/v2\/categories?post=18511"},{"taxonomy":"post_tag","embeddable":true,"href":"http:\/\/cordobadirecto.com\/index.php\/wp-json\/wp\/v2\/tags?post=18511"}],"curies":[{"name":"wp","href":"https:\/\/api.w.org\/{rel}","templated":true}]}}