{"id":185111,"date":"2026-01-23T19:23:53","date_gmt":"2026-01-23T19:23:53","guid":{"rendered":"https:\/\/www.ole.com.ar\/autos\/franco-colapinto-alpine-nuevo-diseno-a526-presentacion-apodo-posteo-publicacion-seleccion-lionel-scaloni-formula-1-f1_0_vjZb99Jclk.html"},"modified":"2026-01-23T19:23:53","modified_gmt":"2026-01-23T19:23:53","slug":"a-lo-scaloneta-el-particular-apodo-de-franco-colapinto-al-nuevo-alpine-tras-su-presentacion","status":"publish","type":"post","link":"http:\/\/cordobadirecto.com\/index.php\/2026\/01\/23\/a-lo-scaloneta-el-particular-apodo-de-franco-colapinto-al-nuevo-alpine-tras-su-presentacion\/","title":{"rendered":"A lo Scaloneta: el particular apodo de Franco Colapinto al nuevo Alpine tras su presentaci\u00f3n"},"content":{"rendered":"<p><time class=\"createDate\" datetime=\"2026-01-23T16:23:53-03:00\">23\/01\/2026 16:23hs.<\/time><\/p>\n<div id=\"storyBody\">\n<div id=\"element-body-0\" class=\"sc-136cd478-0 ekTCfV\" readability=\"34.765957446809\">\n<p>Luego de la presentaci\u00f3n del <strong><a href=\"https:\/\/www.ole.com.ar\/tema\/alpine.html\" title=\"Alpine\" alt=\"Alpine\" class=\"slug\">Alpine<\/a><\/strong> que manejar\u00e1 en la temporada entrante de la <strong><a href=\"https:\/\/www.ole.com.ar\/tema\/formula-1.html\" title=\"F\u00f3rmula 1\" alt=\"F\u00f3rmula 1\" class=\"slug\">F\u00f3rmula 1<\/a><\/strong>, <strong><a href=\"https:\/\/www.ole.com.ar\/tema\/franco-colapinto.html\" title=\"Franco Colapinto\" alt=\"Franco Colapinto\" class=\"slug\">Franco Colapinto<\/a><\/strong> recurri\u00f3 a sus redes sociales para compartir sus sensaciones de cara a lo que viene. En una publicaci\u00f3n de Instagram, el pilarense se mostr\u00f3 entusiasmado, habl\u00f3 de sus expectativas para este a\u00f1o y <strong>sorprendi\u00f3 al bautizar con un apodo especial al flamante A526<\/strong>.<\/p>\n<\/div>\n<div id=\"element-body-1\" class=\"sc-136cd478-0 ekTCfV\" readability=\"40\">\n<p>\u201cAhora s\u00ed que arranc\u00f3 el 2026\u201d, escribi\u00f3 Fran al comienzo del posteo, en el que no solo se lo ve con el nuevo antiflama que lucir\u00e1 a lo largo de las 24 fechas de la M\u00e1xima, sino que adem\u00e1s <strong>est\u00e1 repleto de gui\u00f1os al equipo de Lionel Scaloni<\/strong>. Por ejemplo, la canci\u00f3n que clav\u00f3 es &#8220;Pa&#8217; la Selecci\u00f3n&#8221;, el tema que La T y La M le dedic\u00f3 al equipo nacional de cara al Mundial de Qatar 2022 que terminar\u00eda con Lionel Messi alzando la copa.<\/p>\n<\/div>\n<div class=\"sc-e7b891c4-0 ifHnQL image-embed\" id=\"element-body-2\"><img alt=\"La bandera nacional, siempre presente en el caso de Franco Colapinto. (@francolapinto)\" loading=\"lazy\" width=\"720\" height=\"100\" decoding=\"async\" data-nimg=\"1\" src=\"http:\/\/cordobadirecto.com\/wp-content\/uploads\/2026\/01\/a-lo-scaloneta-el-particular-apodo-de-franco-colapinto-al-nuevo-alpine-tras-su-presentacion.jpg\"><span class=\"epigraphe\">La bandera nacional, siempre presente en el caso de Franco Colapinto. (@francolapinto)<\/span><\/div>\n<div id=\"element-body-3\" class=\"sc-136cd478-0 ekTCfV\" readability=\"39\">\n<p>Pero la cosa no queda ah\u00ed, ya que en la continuaci\u00f3n de su mensaje, Franco le puso un apodo bastante argentino al monoplaza reci\u00e9n salido del horno: &#8221; <strong>Espero que les guste la Alpineta nueva y que nos traiga muchas alegr\u00edas<\/strong>&#8220;. Y claro, uno no puede evitar recordar a la Scaloneta, el nombre que se le puso a la Albiceleste tras la asunci\u00f3n del oriundo de Pujato como t\u00e9cnico principal. \u00bfVendr\u00e1 coronado de gloria el auto? Estar\u00e1 por verse.<\/p>\n<\/div>\n<p><h2>\u00bfCu\u00e1les son las diferencias de dise\u00f1o del Alpine 2025 y el 2026?<\/h2>\n<\/p>\n<div id=\"element-body-5\" class=\"sc-136cd478-0 ekTCfV\" readability=\"39\">\n<p>Tanto el A525 como el A526 <strong>conservan los colores azul y rosa de la escuder\u00eda y su patrocinador principal BWT<\/strong>, con predominancia del azul franc\u00e9s y detalles rosados. La diferencia m\u00e1s notable est\u00e1 en que el coche de este a\u00f1o <strong>utiliza menos negro<\/strong>, con un azul y rosa m\u00e1s brillantes, lo que le da una imagen m\u00e1s vistosa sin romper la identidad visual de la marca. De lejos, pr\u00e1cticamente son iguales; estas diferencias se notan de m\u00e1s cerca.<\/p>\n<\/div>\n<div class=\"sc-e7b891c4-0 ifHnQL image-embed\" id=\"element-body-6\"><img alt=\"Desde la izquierda, el reserva Paul Aron y los titulares Pierre Gasly y Franco Colapinto, posan con el A526 en su presentaci\u00f3n. (Josep LAGO \/ AFP)\" loading=\"lazy\" width=\"720\" height=\"100\" decoding=\"async\" data-nimg=\"1\" src=\"http:\/\/cordobadirecto.com\/wp-content\/uploads\/2026\/01\/a-lo-scaloneta-el-particular-apodo-de-franco-colapinto-al-nuevo-alpine-tras-su-presentacion-1.jpg\"><span class=\"epigraphe\">Desde la izquierda, el reserva Paul Aron y los titulares Pierre Gasly y Franco Colapinto, posan con el A526 en su presentaci\u00f3n. (Josep LAGO \/ AFP)<\/span><\/div>\n<div id=\"element-body-7\" class=\"sc-136cd478-0 ekTCfV\" readability=\"40\">\n<p>En cambio, lo que var\u00eda tiene que ver con los elementos y su forma para adaptarse al nuevo reglamento. <strong>En el A526, la ala delantera y las superficies aerodin\u00e1micas menores, como los endplates (placa vertical situada en los extremos de los alerones) y fences (alerones peque\u00f1os en el fondo plano del coche)<\/strong>, presentan una configuraci\u00f3n distinta al A525. Adem\u00e1s, las rejillas de refrigeraci\u00f3n y ventilaciones sobre los pontones se redise\u00f1aron: algunas que antes estaban abiertas ahora aparecen cubiertas o con perfiles diferentes para cumplir con la nueva norma.<\/p>\n<\/div>\n<div id=\"element-body-8\" class=\"sc-a7166897-0 eoLsBE\" readability=\"32.5\">\n<section readability=\"5\"><picture><img alt=\"Franco Colapinto, tras la presentaci\u00f3n de Alpine: &quot;Por primera vez en mi carrera, tuve una pretemporada adecuada para prepararme de cara a un a\u00f1o completo&quot;\" loading=\"lazy\" width=\"290\" height=\"290\" decoding=\"async\" data-nimg=\"1\" src=\"http:\/\/cordobadirecto.com\/wp-content\/uploads\/2026\/01\/a-lo-scaloneta-el-particular-apodo-de-franco-colapinto-al-nuevo-alpine-tras-su-presentacion-2.jpg\"><\/picture>\n<p><span>Mir\u00e1 tambi\u00e9n<\/span><\/p>\n<hr>\n<h3>Franco Colapinto, tras la presentaci\u00f3n de Alpine: &#8220;Por primera vez en mi carrera, tuve una pretemporada adecuada para prepararme de cara a un a\u00f1o completo&#8221;<\/h3>\n<\/p>\n<\/section>\n<\/div>\n<div id=\"element-body-9\" class=\"sc-a7166897-0 eoLsBE\" readability=\"31\">\n<section readability=\"2\"><picture><img alt=\"El ex equipo de Franco Colapinto se perder\u00e1 los test de pretemporada de Barcelona\" loading=\"lazy\" width=\"290\" height=\"290\" decoding=\"async\" data-nimg=\"1\" src=\"http:\/\/cordobadirecto.com\/wp-content\/uploads\/2026\/01\/a-lo-scaloneta-el-particular-apodo-de-franco-colapinto-al-nuevo-alpine-tras-su-presentacion-3.jpg\"><\/picture>\n<p><span>Mir\u00e1 tambi\u00e9n<\/span><\/p>\n<hr>\n<h3>El ex equipo de Franco Colapinto se perder\u00e1 los test de pretemporada de Barcelona<\/h3>\n<\/p>\n<\/section>\n<\/div>\n<\/div>\n","protected":false},"excerpt":{"rendered":"<p>23\/01\/2026 16:23hs. Luego de la presentaci\u00f3n del Alpine que manejar\u00e1 en la temporada entrante de la F\u00f3rmula 1, Franco Colapinto recurri\u00f3 a sus redes sociales para compartir sus sensaciones de cara a lo que viene. En una publicaci\u00f3n de Instagram, el pilarense se mostr\u00f3 entusiasmado, habl\u00f3 de sus expectativas para este a\u00f1o y sorprendi\u00f3 al [&hellip;]<\/p>\n","protected":false},"author":1,"featured_media":185112,"comment_status":"closed","ping_status":"closed","sticky":false,"template":"","format":"standard","meta":[],"categories":[21],"tags":[],"_links":{"self":[{"href":"http:\/\/cordobadirecto.com\/index.php\/wp-json\/wp\/v2\/posts\/185111"}],"collection":[{"href":"http:\/\/cordobadirecto.com\/index.php\/wp-json\/wp\/v2\/posts"}],"about":[{"href":"http:\/\/cordobadirecto.com\/index.php\/wp-json\/wp\/v2\/types\/post"}],"author":[{"embeddable":true,"href":"http:\/\/cordobadirecto.com\/index.php\/wp-json\/wp\/v2\/users\/1"}],"replies":[{"embeddable":true,"href":"http:\/\/cordobadirecto.com\/index.php\/wp-json\/wp\/v2\/comments?post=185111"}],"version-history":[{"count":0,"href":"http:\/\/cordobadirecto.com\/index.php\/wp-json\/wp\/v2\/posts\/185111\/revisions"}],"wp:featuredmedia":[{"embeddable":true,"href":"http:\/\/cordobadirecto.com\/index.php\/wp-json\/wp\/v2\/media\/185112"}],"wp:attachment":[{"href":"http:\/\/cordobadirecto.com\/index.php\/wp-json\/wp\/v2\/media?parent=185111"}],"wp:term":[{"taxonomy":"category","embeddable":true,"href":"http:\/\/cordobadirecto.com\/index.php\/wp-json\/wp\/v2\/categories?post=185111"},{"taxonomy":"post_tag","embeddable":true,"href":"http:\/\/cordobadirecto.com\/index.php\/wp-json\/wp\/v2\/tags?post=185111"}],"curies":[{"name":"wp","href":"https:\/\/api.w.org\/{rel}","templated":true}]}}