{"id":185113,"date":"2026-01-23T19:05:08","date_gmt":"2026-01-23T19:05:08","guid":{"rendered":"https:\/\/www.ole.com.ar\/autos\/ex-equipo-franco-colapinto-perdera-test-pretemporada-barcelona_0_SKEhmkWCAG.html"},"modified":"2026-01-23T19:05:08","modified_gmt":"2026-01-23T19:05:08","slug":"el-ex-equipo-de-franco-colapinto-se-perdera-los-test-de-pretemporada-de-barcelona","status":"publish","type":"post","link":"http:\/\/cordobadirecto.com\/index.php\/2026\/01\/23\/el-ex-equipo-de-franco-colapinto-se-perdera-los-test-de-pretemporada-de-barcelona\/","title":{"rendered":"El ex equipo de Franco Colapinto se perder\u00e1 los test de pretemporada de Barcelona"},"content":{"rendered":"<p><time class=\"createDate\" datetime=\"2026-01-23T16:05:08-03:00\">23\/01\/2026 16:05hs.<\/time><\/p>\n<div id=\"storyBody\">\n<div id=\"element-body-0\" class=\"sc-136cd478-0 ekTCfV\" readability=\"35.888888888889\">\n<p>El profundo cambio reglamentario que marcar\u00e1 a la <strong><a href=\"https:\/\/www.ole.com.ar\/tema\/formula-1.html\" title=\"F\u00f3rmula 1\" alt=\"F\u00f3rmula 1\" class=\"slug\">F\u00f3rmula 1<\/a><\/strong> en 2026 ya tuvo su primer impacto fuerte en la parrilla. <strong>Williams, ex equipo de Franco Colapinto,<\/strong> <strong>confirm\u00f3 que no llegar\u00e1 a tiempo con el desarrollo de su nuevo monoplaza y se ausentar\u00e1 de los test de pretemporada<\/strong> que se disputar\u00e1n del 26 al 30 de enero en Barcelona.<\/p>\n<\/div>\n<div id=\"element-body-1\" class=\"sc-136cd478-0 ekTCfV\" readability=\"38\">\n<p>Tras varios rumores que circularon en las horas previas, <strong> <\/strong>fue la propia escuder\u00eda la que oficializ\u00f3 la decisi\u00f3n a trav\u00e9s de un comunicado. <strong>\u201cEl equipo Atlassian Williams F1 tom\u00f3 la decisi\u00f3n de no participar en las pruebas de shakedown de la pr\u00f3xima semana en Barcelona<\/strong> <strong>debido a retrasos en el programa FW48,<\/strong> mientras seguimos esforz\u00e1ndonos por lograr el m\u00e1ximo rendimiento del coche\u201d, explicaron desde el equipo que tiene como pilotos titulares a Carlos Sainz y Alex Albon.<\/p>\n<\/div>\n<div id=\"element-body-2\" class=\"sc-136cd478-0 ekTCfV\" readability=\"41\">\n<p>En lugar de salir a pista en Catalu\u00f1a, Williams llevar\u00e1 adelante un plan alternativo de trabajo. <strong>Seg\u00fan detallaron, realizar\u00e1 pruebas internas, incluido un programa VTT con el coche de 2026,<\/strong> con el objetivo de llegar mejor preparado al primer test oficial de la temporada, que se disputar\u00e1 en Bahrein, y al debut del calendario en Australia el 6 de marzo.<\/p>\n<\/div>\n<div class=\"sc-e7b891c4-0 ifHnQL image-embed\" id=\"element-body-3\"><img alt=\"El Williams de Carlos Sainz no participar\u00e1 de los test de pretemporada en Barcelona por retrasos en el programa del nuevo auto.\" loading=\"lazy\" width=\"720\" height=\"100\" decoding=\"async\" data-nimg=\"1\" src=\"http:\/\/cordobadirecto.com\/wp-content\/uploads\/2026\/01\/el-ex-equipo-de-franco-colapinto-se-perdera-los-test-de-pretemporada-de-barcelona.jpg\"><span class=\"epigraphe\">El Williams de Carlos Sainz no participar\u00e1 de los test de pretemporada en Barcelona por retrasos en el programa del nuevo auto.<\/span><\/div>\n<div id=\"element-body-4\" class=\"sc-136cd478-0 ekTCfV\" readability=\"46\">\n<p>La baja de Williams no es menor: <strong>cada equipo dispone este a\u00f1o de nueve jornadas de pretemporada, repartidas en tres bloques, y la escuder\u00eda de Grove perder\u00e1 las primeras tres. <\/strong>Mientras tanto, varios rivales s\u00ed llegar\u00e1n con rodaje previo, como Mercedes, Ferrari, Audi, Alpine, Racing Bulls y Cadillac, que ya completaron shakedowns o filming days. <strong>Otros, como McLaren, estrenar\u00e1n directamente su auto en Barcelona.<\/strong><\/p>\n<\/div>\n<div id=\"element-body-5\" class=\"sc-136cd478-0 ekTCfV\" readability=\"37\">\n<p><strong>El contraste resulta llamativo si se tiene en cuenta que Williams fue uno de los primeros equipos en frenar el desarrollo del coche de 2025,<\/strong> all\u00e1 por abril del a\u00f1o pasado, para concentrar recursos en el proyecto 2026. Sin embargo, los plazos de fabricaci\u00f3n terminaron jugando en contra.<\/p>\n<\/div>\n<div id=\"element-body-6\" class=\"sc-136cd478-0 ekTCfV\" readability=\"38\">\n<p>No es un antecedente aislado para la hist\u00f3rica escuder\u00eda brit\u00e1nica. <strong>En 2019, el equipo tambi\u00e9n se hab\u00eda perdido las primeras jornadas de pruebas por inconvenientes en la construcci\u00f3n del FW42.<\/strong> Esta vez, el desaf\u00edo ser\u00e1 recuperar el tiempo perdido cuando finalmente vuelva a pista en Bahrein, ya con el cron\u00f3metro y la competencia como jueces principales.<\/p>\n<\/div>\n<p><h2>As\u00ed fue el comunicado de Williams anunciando que no participar\u00e1 de los test de pretemporada en Barcelona<\/h2>\n<\/p>\n<div class=\"sc-e7b891c4-0 ifHnQL image-embed\" id=\"element-body-8\"><img alt=\"El comunicado de Williams sobre su ausencia en los test de pretemporada en Barcelona.\" loading=\"lazy\" width=\"720\" height=\"100\" decoding=\"async\" data-nimg=\"1\" src=\"http:\/\/cordobadirecto.com\/wp-content\/uploads\/2026\/01\/el-ex-equipo-de-franco-colapinto-se-perdera-los-test-de-pretemporada-de-barcelona-1.jpg\"><span class=\"epigraphe\">El comunicado de Williams sobre su ausencia en los test de pretemporada en Barcelona.<\/span><\/div>\n<div id=\"element-body-9\" class=\"sc-a7166897-0 eoLsBE\" readability=\"31.5\">\n<section readability=\"3\"><picture><img alt=\"Ins\u00f3lito problema en la presentaci\u00f3n de la nueva Ferrari: a Hamilton se le par\u00f3 el auto\" loading=\"lazy\" width=\"290\" height=\"290\" decoding=\"async\" data-nimg=\"1\" src=\"http:\/\/cordobadirecto.com\/wp-content\/uploads\/2026\/01\/el-ex-equipo-de-franco-colapinto-se-perdera-los-test-de-pretemporada-de-barcelona-2.jpg\"><\/picture>\n<p><span>Mir\u00e1 tambi\u00e9n<\/span><\/p>\n<hr>\n<h3>Ins\u00f3lito problema en la presentaci\u00f3n de la nueva Ferrari: a Hamilton se le par\u00f3 el auto<\/h3>\n<\/p>\n<\/section>\n<\/div>\n<div id=\"element-body-10\" class=\"sc-a7166897-0 eoLsBE\" readability=\"32.5\">\n<section readability=\"5\"><picture><img alt=\"Franco Colapinto, tras la presentaci\u00f3n de Alpine: &quot;Por primera vez en mi carrera, tuve una pretemporada adecuada para prepararme de cara a un a\u00f1o completo&quot;\" loading=\"lazy\" width=\"290\" height=\"290\" decoding=\"async\" data-nimg=\"1\" src=\"http:\/\/cordobadirecto.com\/wp-content\/uploads\/2026\/01\/el-ex-equipo-de-franco-colapinto-se-perdera-los-test-de-pretemporada-de-barcelona-3.jpg\"><\/picture>\n<p><span>Mir\u00e1 tambi\u00e9n<\/span><\/p>\n<hr>\n<h3>Franco Colapinto, tras la presentaci\u00f3n de Alpine: &#8220;Por primera vez en mi carrera, tuve una pretemporada adecuada para prepararme de cara a un a\u00f1o completo&#8221;<\/h3>\n<\/p>\n<\/section>\n<\/div>\n<div id=\"element-body-11\" class=\"sc-a7166897-0 eoLsBE\" readability=\"31.5\">\n<section readability=\"3\"><picture><img alt=\"Alpine zarp\u00f3 hacia una nueva era: presentaci\u00f3n en un crucero y Franco Colapinto al frente del proyecto 2026\" loading=\"lazy\" width=\"290\" height=\"290\" decoding=\"async\" data-nimg=\"1\" src=\"http:\/\/cordobadirecto.com\/wp-content\/uploads\/2026\/01\/el-ex-equipo-de-franco-colapinto-se-perdera-los-test-de-pretemporada-de-barcelona-4.jpg\"><\/picture>\n<p><span>Mir\u00e1 tambi\u00e9n<\/span><\/p>\n<hr>\n<h3>Alpine zarp\u00f3 hacia una nueva era: presentaci\u00f3n en un crucero y Franco Colapinto al frente del proyecto 2026<\/h3>\n<\/p>\n<\/section>\n<\/div>\n<\/div>\n","protected":false},"excerpt":{"rendered":"<p>23\/01\/2026 16:05hs. El profundo cambio reglamentario que marcar\u00e1 a la F\u00f3rmula 1 en 2026 ya tuvo su primer impacto fuerte en la parrilla. Williams, ex equipo de Franco Colapinto, confirm\u00f3 que no llegar\u00e1 a tiempo con el desarrollo de su nuevo monoplaza y se ausentar\u00e1 de los test de pretemporada que se disputar\u00e1n del 26 [&hellip;]<\/p>\n","protected":false},"author":1,"featured_media":185114,"comment_status":"closed","ping_status":"closed","sticky":false,"template":"","format":"standard","meta":[],"categories":[21],"tags":[],"_links":{"self":[{"href":"http:\/\/cordobadirecto.com\/index.php\/wp-json\/wp\/v2\/posts\/185113"}],"collection":[{"href":"http:\/\/cordobadirecto.com\/index.php\/wp-json\/wp\/v2\/posts"}],"about":[{"href":"http:\/\/cordobadirecto.com\/index.php\/wp-json\/wp\/v2\/types\/post"}],"author":[{"embeddable":true,"href":"http:\/\/cordobadirecto.com\/index.php\/wp-json\/wp\/v2\/users\/1"}],"replies":[{"embeddable":true,"href":"http:\/\/cordobadirecto.com\/index.php\/wp-json\/wp\/v2\/comments?post=185113"}],"version-history":[{"count":0,"href":"http:\/\/cordobadirecto.com\/index.php\/wp-json\/wp\/v2\/posts\/185113\/revisions"}],"wp:featuredmedia":[{"embeddable":true,"href":"http:\/\/cordobadirecto.com\/index.php\/wp-json\/wp\/v2\/media\/185114"}],"wp:attachment":[{"href":"http:\/\/cordobadirecto.com\/index.php\/wp-json\/wp\/v2\/media?parent=185113"}],"wp:term":[{"taxonomy":"category","embeddable":true,"href":"http:\/\/cordobadirecto.com\/index.php\/wp-json\/wp\/v2\/categories?post=185113"},{"taxonomy":"post_tag","embeddable":true,"href":"http:\/\/cordobadirecto.com\/index.php\/wp-json\/wp\/v2\/tags?post=185113"}],"curies":[{"name":"wp","href":"https:\/\/api.w.org\/{rel}","templated":true}]}}