{"id":185115,"date":"2026-01-23T21:53:34","date_gmt":"2026-01-23T21:53:34","guid":{"rendered":"https:\/\/www.ole.com.ar\/futbol-ascenso\/ascenso-copa-argentina-midland-argentinos-juniors-mauro-leguiza_0_gTLYywsWMx.html"},"modified":"2026-01-23T21:53:34","modified_gmt":"2026-01-23T21:53:34","slug":"mauro-leguiza-figura-de-midland-con-ole-estaba-muy-convencido","status":"publish","type":"post","link":"http:\/\/cordobadirecto.com\/index.php\/2026\/01\/23\/mauro-leguiza-figura-de-midland-con-ole-estaba-muy-convencido\/","title":{"rendered":"Mauro Leguiza, figura de Midland, con Ol\u00e9: &#8220;Estaba muy convencido&#8221;"},"content":{"rendered":"<p><time class=\"createDate\" datetime=\"2026-01-22T21:06:43-03:00\">22\/01\/2026 21:06hs.<\/time><\/p>\n<div id=\"storyBody\">\n<div id=\"element-body-0\" class=\"sc-136cd478-0 ekTCfV\" readability=\"31.817787418655\">\n<p><a href=\"https:\/\/www.ole.com.ar\/tema\/midland.html\" title=\"Midland\" alt=\"Midland\" class=\"slug\">Midland<\/a> elimin\u00f3 a <a href=\"https:\/\/www.ole.com.ar\/tema\/argentinos-juniors.html\" title=\"Argentinos Juniors\" alt=\"Argentinos Juniors\" class=\"slug\">Argentinos Juniors<\/a> en la <a href=\"https:\/\/www.ole.com.ar\/tema\/copa-argentina.html\" title=\"Copa Argentina\" alt=\"Copa Argentina\" class=\"slug\">Copa Argentina<\/a> y escribi\u00f3 una de las p\u00e1ginas m\u00e1s importantes de su historia reciente. La clasificaci\u00f3n se defini\u00f3 en los penales y tuvo a <strong>Mauro Leguiza<\/strong> como figura excluyente: el arquero le ataj\u00f3 los remates a <strong><a href=\"https:\/\/www.ole.com.ar\/tema\/leandro-fernandez.html\" title=\"Leandro Fern\u00e1ndez\" alt=\"Leandro Fern\u00e1ndez\" class=\"slug\">Leandro Fern\u00e1ndez<\/a>, <a href=\"https:\/\/www.ole.com.ar\/tema\/gino-infantino.html\" title=\"Gino Infantino\" alt=\"Gino Infantino\" class=\"slug\">Gino Infantino<\/a> y Diego Porcel<\/strong>, y luego <strong>convirti\u00f3 el suyo para cerrar la serie.<\/strong> Tras el cruce ante el Bicho, habl\u00f3 con <strong><a href=\"https:\/\/www.ole.com.ar\/tema\/ole.html\" title=\"Ol\u00e9\" alt=\"Ol\u00e9\" class=\"slug\">Ol\u00e9<\/a><\/strong> y explic\u00f3 c\u00f3mo se prepar\u00f3 para una noche inolvidable.<\/p>\n<\/div>\n<div class=\"sc-e7b891c4-0 ifHnQL image-embed\" id=\"element-body-1\"><img alt=\"Leguiza, la figura de Midland ante Argentinos (Foto: Copa Argentina).\" loading=\"lazy\" width=\"720\" height=\"100\" decoding=\"async\" data-nimg=\"1\" src=\"http:\/\/cordobadirecto.com\/wp-content\/uploads\/2026\/01\/mauro-leguiza-figura-de-midland-con-ole-estaba-muy-convencido.jpg\"><span class=\"epigraphe\">Leguiza, la figura de Midland ante Argentinos (Foto: Copa Argentina).<\/span><\/div>\n<p><h2>Mauro Leguiza con Ol\u00e9<\/h2>\n<\/p>\n<p><h3>-Midland elimin\u00f3 a Argentinos en la Copa Argentina y tuviste una noche tremenda. \u00bfC\u00f3mo lo viviste?<\/h3>\n<\/p>\n<div id=\"element-body-4\" class=\"sc-136cd478-0 ekTCfV\" readability=\"35\">\n<p>-La verdad que se siente muy bien. Ayer tuve la sensaci\u00f3n en todo momento de que pod\u00edamos competir y que pod\u00edamos pasar. No me hab\u00eda pasado nunca lo de avanzar de fase y ayer lo conseguimos. Fue hist\u00f3rico. Ten\u00eda mucha confianza en el equipo y qued\u00f3 demostrado que competimos con Argentinos y que podemos competir con cualquiera.<\/p>\n<\/div>\n<p><h3>-\u00bfEstudiaste a los pateadores o fue instinto puro?<\/h3>\n<\/p>\n<div id=\"element-body-6\" class=\"sc-136cd478-0 ekTCfV\" readability=\"36\">\n<p>-Hab\u00edamos buscado informaci\u00f3n de los posibles pateadores, de d\u00f3nde hab\u00edan pateado en otras instancias decisivas de penales. Pero en ese momento tambi\u00e9n fue intuici\u00f3n y creo que me jug\u00f3 a favor, y se dio el resultado que se dio.<\/p>\n<\/div>\n<p><h3>-\u00bfCu\u00e1nto trabajo previo hay detr\u00e1s de una tanda as\u00ed y cu\u00e1nto se define en el momento?<\/h3>\n<\/p>\n<div id=\"element-body-8\" class=\"sc-136cd478-0 ekTCfV\" readability=\"40\">\n<p>-Mucho, mucho trabajo previo. Es un momento en el que el arquero tiene que concentrarse y tener toda esa informaci\u00f3n para pensarlo en mil\u00e9simas de segundos. Despu\u00e9s, ver c\u00f3mo se para el pateador, c\u00f3mo pone el pie, y ah\u00ed entra la intuici\u00f3n y la decisi\u00f3n en el \u00faltimo instante, que te lleva a poder atajar o no.<\/p>\n<\/div>\n<p><h3>-Cuando atajaste el primero, \u00bfcambi\u00f3 algo en tu cabeza para los siguientes?<\/h3>\n<\/p>\n<div id=\"element-body-10\" class=\"sc-136cd478-0 ekTCfV\" readability=\"34\">\n<p>-S\u00ed. Atajar el penal me hace sentir que estoy ah\u00ed, que puedo pisar fuerte. Y tambi\u00e9n le da confianza a mis compa\u00f1eros: es mandar un mensaje de que estamos bien y que le podemos dar pelea.<\/p>\n<\/div>\n<div class=\"sc-e7b891c4-0 ifHnQL image-embed\" id=\"element-body-11\"><img alt=\"Leguiza fue la figura del Funebrero (FTP CLARIN).\" loading=\"lazy\" width=\"720\" height=\"100\" decoding=\"async\" data-nimg=\"1\" src=\"http:\/\/cordobadirecto.com\/wp-content\/uploads\/2026\/01\/mauro-leguiza-figura-de-midland-con-ole-estaba-muy-convencido-1.jpg\"><span class=\"epigraphe\">Leguiza fue la figura del Funebrero (FTP CLARIN).<\/span><\/div>\n<p><h3>-\u00bfEn qu\u00e9 momento sentiste que la serie pod\u00eda ser tuya?<\/h3>\n<\/p>\n<div id=\"element-body-13\" class=\"sc-136cd478-0 ekTCfV\" readability=\"38.932773109244\">\n<p>-Sinceramente, cuando atajo el penal de <strong><a href=\"https:\/\/www.ole.com.ar\/tema\/leandro-fernandez.html\" title=\"Leandro Fern\u00e1ndez\" alt=\"Leandro Fern\u00e1ndez\" class=\"slug\">Leandro Fern\u00e1ndez<\/a><\/strong> no sab\u00eda que era definitorio, que si ellos met\u00edan pasaban. Despu\u00e9s, con el siguiente atajado, me di cuenta de que lo pod\u00eda patear yo, pero no quise intervenir. Lamentablemente erramos ese penal. Y el siguiente lo ataj\u00e9 y dije: \u201c <strong>es este, lo voy a patear yo<\/strong>\u201d. Estaba convencido y tranquilo.<\/p>\n<\/div>\n<p><h3>&#8211; Y tu penal\u2026 \u00bflo ten\u00edas decidido o se dio en el momento?<\/h3>\n<\/p>\n<div id=\"element-body-15\" class=\"sc-136cd478-0 ekTCfV\" readability=\"35\">\n<p>-Lo ten\u00eda decidido. No lo hab\u00eda hablado con el cuerpo t\u00e9cnico. Cuando entrenamos penales el d\u00eda anterior no pate\u00e9 y dije que pateaba en el partido. Tom\u00e9 la decisi\u00f3n, estaba convencido y lo demostr\u00e9 pateando y metiendo el penal decisivo.<\/p>\n<\/div>\n<p><h3>-\u00bfQu\u00e9 te pas\u00f3 por la cabeza en ese momento?<\/h3>\n<\/p>\n<div id=\"element-body-17\" class=\"sc-136cd478-0 ekTCfV\" readability=\"38\">\n<p>-Pocas cosas, porque la concentraci\u00f3n y la respiraci\u00f3n no te dejan pensar en otra cosa. Y cuando la pelota entr\u00f3 y vi a mis compa\u00f1eros corriendo, fue una sensaci\u00f3n \u00fanica: hermosa, de disfrute pleno, satisfacci\u00f3n por el esfuerzo y felicidad.<\/p>\n<\/div>\n<p><h3>-Ven\u00edas de un a\u00f1o complejo: \u00bfqu\u00e9 significa esto para vos?<\/h3>\n<\/p>\n<div id=\"element-body-19\" class=\"sc-136cd478-0 ekTCfV\" readability=\"38\">\n<p>-Es un premio a todo ese esfuerzo y sacrificio, a todo lo que uno deja de lado: la familia, el desapego\u2026 Desde los 14 a\u00f1os que me fui de mi pueblo, dejando familia y amigos, para formar mi carrera. Se disfruta al m\u00e1ximo.<\/p>\n<\/div>\n<p><h3>-\u00bfQu\u00e9 encontraste en Midland para volver a sentirte c\u00f3modo?<\/h3>\n<\/p>\n<div id=\"element-body-21\" class=\"sc-136cd478-0 ekTCfV\" readability=\"37\">\n<p>-Encontr\u00e9 todo. Es un lugar donde me siento c\u00f3modo, donde la gente me quiere. Tengo compa\u00f1eros que todav\u00eda est\u00e1n del a\u00f1o que yo estuve y eso hace todo m\u00e1s f\u00e1cil. El club viene en crecimiento, eso te fortalece y te genera desaf\u00edos nuevos. Estar ac\u00e1 nuevamente es lo que quiero para m\u00ed y para mi carrera: estoy donde quiero estar.<\/p>\n<\/div>\n<p><h3>-\u00bfCre\u00e9s que Midland puede seguir dando que hablar?<\/h3>\n<\/p>\n<div id=\"element-body-23\" class=\"sc-136cd478-0 ekTCfV\" readability=\"33\">\n<p>-S\u00ed, as\u00ed va a ser. Ya comenzamos el a\u00f1o haci\u00e9ndolo y vamos a seguir as\u00ed.<\/p>\n<\/div>\n<div id=\"element-body-24\" class=\"sc-a7166897-0 eoLsBE\" readability=\"32\">\n<section readability=\"4\"><picture><img alt=\"Fue promesa de Estudiantes, lo compr\u00f3 el Manchester City y ahora desembarca en Col\u00f3n \" loading=\"lazy\" width=\"290\" height=\"290\" decoding=\"async\" data-nimg=\"1\" src=\"http:\/\/cordobadirecto.com\/wp-content\/uploads\/2026\/01\/mauro-leguiza-figura-de-midland-con-ole-estaba-muy-convencido-2.jpg\"><\/picture>\n<p><span>Mir\u00e1 tambi\u00e9n<\/span><\/p>\n<hr>\n<h3>Fue promesa de Estudiantes, lo compr\u00f3 el Manchester City y ahora desembarca en Col\u00f3n<br \/>\n<\/h3>\n<\/p>\n<\/section>\n<\/div>\n<div id=\"element-body-25\" class=\"sc-a7166897-0 eoLsBE\" readability=\"31\">\n<section readability=\"2\"><picture><img alt=\"Col\u00f3n empez\u00f3 el 2026 con un triunfo y dej\u00f3 buenas sensaciones\" loading=\"lazy\" width=\"290\" height=\"290\" decoding=\"async\" data-nimg=\"1\" src=\"http:\/\/cordobadirecto.com\/wp-content\/uploads\/2026\/01\/mauro-leguiza-figura-de-midland-con-ole-estaba-muy-convencido-3.jpg\"><\/picture>\n<p><span>Mir\u00e1 tambi\u00e9n<\/span><\/p>\n<hr>\n<h3>Col\u00f3n empez\u00f3 el 2026 con un triunfo y dej\u00f3 buenas sensaciones<\/h3>\n<\/p>\n<\/section>\n<\/div>\n<div id=\"element-body-26\" class=\"sc-a7166897-0 eoLsBE\" readability=\"32\">\n<section readability=\"4\"><picture><img alt=\"Infl\u00f3 las redes: contrato vigente, sin minutos y un pedido p\u00fablico para seguir jugando \" loading=\"lazy\" width=\"290\" height=\"290\" decoding=\"async\" data-nimg=\"1\" src=\"http:\/\/cordobadirecto.com\/wp-content\/uploads\/2026\/01\/mauro-leguiza-figura-de-midland-con-ole-estaba-muy-convencido-4.jpg\"><\/picture>\n<p><span>Mir\u00e1 tambi\u00e9n<\/span><\/p>\n<hr>\n<h3>Infl\u00f3 las redes: contrato vigente, sin minutos y un pedido p\u00fablico para seguir jugando <\/h3>\n<\/p>\n<\/section>\n<\/div>\n<\/div>\n","protected":false},"excerpt":{"rendered":"<p>22\/01\/2026 21:06hs. Midland elimin\u00f3 a Argentinos Juniors en la Copa Argentina y escribi\u00f3 una de las p\u00e1ginas m\u00e1s importantes de su historia reciente. La clasificaci\u00f3n se defini\u00f3 en los penales y tuvo a Mauro Leguiza como figura excluyente: el arquero le ataj\u00f3 los remates a Leandro Fern\u00e1ndez, Gino Infantino y Diego Porcel, y luego convirti\u00f3 [&hellip;]<\/p>\n","protected":false},"author":1,"featured_media":185116,"comment_status":"closed","ping_status":"closed","sticky":false,"template":"","format":"standard","meta":[],"categories":[21],"tags":[],"_links":{"self":[{"href":"http:\/\/cordobadirecto.com\/index.php\/wp-json\/wp\/v2\/posts\/185115"}],"collection":[{"href":"http:\/\/cordobadirecto.com\/index.php\/wp-json\/wp\/v2\/posts"}],"about":[{"href":"http:\/\/cordobadirecto.com\/index.php\/wp-json\/wp\/v2\/types\/post"}],"author":[{"embeddable":true,"href":"http:\/\/cordobadirecto.com\/index.php\/wp-json\/wp\/v2\/users\/1"}],"replies":[{"embeddable":true,"href":"http:\/\/cordobadirecto.com\/index.php\/wp-json\/wp\/v2\/comments?post=185115"}],"version-history":[{"count":0,"href":"http:\/\/cordobadirecto.com\/index.php\/wp-json\/wp\/v2\/posts\/185115\/revisions"}],"wp:featuredmedia":[{"embeddable":true,"href":"http:\/\/cordobadirecto.com\/index.php\/wp-json\/wp\/v2\/media\/185116"}],"wp:attachment":[{"href":"http:\/\/cordobadirecto.com\/index.php\/wp-json\/wp\/v2\/media?parent=185115"}],"wp:term":[{"taxonomy":"category","embeddable":true,"href":"http:\/\/cordobadirecto.com\/index.php\/wp-json\/wp\/v2\/categories?post=185115"},{"taxonomy":"post_tag","embeddable":true,"href":"http:\/\/cordobadirecto.com\/index.php\/wp-json\/wp\/v2\/tags?post=185115"}],"curies":[{"name":"wp","href":"https:\/\/api.w.org\/{rel}","templated":true}]}}