{"id":185133,"date":"2026-01-24T15:42:57","date_gmt":"2026-01-24T15:42:57","guid":{"rendered":"https:\/\/estaciontrip.com.ar\/?p=11252"},"modified":"2026-01-24T15:42:57","modified_gmt":"2026-01-24T15:42:57","slug":"cordoba-se-promociona-en-la-feria-de-turismo-madrid","status":"publish","type":"post","link":"http:\/\/cordobadirecto.com\/index.php\/2026\/01\/24\/cordoba-se-promociona-en-la-feria-de-turismo-madrid\/","title":{"rendered":"C\u00f3rdoba se promociona en la feria de turismo Madrid"},"content":{"rendered":"<div><img src=\"http:\/\/cordobadirecto.com\/wp-content\/uploads\/2026\/01\/cordoba-se-promociona-en-la-feria-de-turismo-madrid.jpg\" class=\"ff-og-image-inserted\"><\/div>\n<p><em>Como parte de la agenda que desarrolla en Fitur, un eje est\u00e1 puesto en la internacionalizaci\u00f3n del Turismo Religioso<\/em>, <em>ligado al santo Brochero.<\/em><\/p>\n<p>Una representaci\u00f3n de funcionarios y empresarios -encabezada por el presidente de la Agencia C\u00f3rdoba Turismo, Dar\u00edo Capitani- se encuentra en Espa\u00f1a promocionando los atractivos de la provincia, en un stand de Visit Argentina instalado en Fitur, la feria internacional de turismo de Madrid.<\/p>\n<p>En ese marco, como parte de la agenda que incluye vinculaciones para potenciar la llegada de turistas extranjeros, se present\u00f3 la medalla de peregrinaci\u00f3n dual: se trata de una propuesta que vincula al Camino del Cura Brochero (C\u00f3rdoba) con el Camino de Santiago (Galicia) y consolida el proceso de hermanamiento entre ambos recorridos. Esta iniciativa refuerza el v\u00ednculo con las autoridades espa\u00f1olas y avanza en la certificaci\u00f3n conjunta de los caminos como experiencias integradas.<\/p>\n<p>La presentaci\u00f3n cont\u00f3 con la participaci\u00f3n de autoridades nacionales y referentes del sector tur\u00edstico de Espa\u00f1a, en una instancia que fortalece la articulaci\u00f3n internacional y posiciona a C\u00f3rdoba dentro del mapa del turismo religioso.<\/p>\n","protected":false},"excerpt":{"rendered":"<p>Como parte de la agenda que desarrolla en Fitur, un eje est\u00e1 puesto en la internacionalizaci\u00f3n del Turismo Religioso, ligado al santo Brochero. Una representaci\u00f3n de funcionarios y empresarios -encabezada por el presidente de la Agencia C\u00f3rdoba Turismo, Dar\u00edo Capitani- se encuentra en Espa\u00f1a promocionando los atractivos de la provincia, en un stand de Visit [&hellip;]<\/p>\n","protected":false},"author":1,"featured_media":185134,"comment_status":"closed","ping_status":"closed","sticky":false,"template":"","format":"standard","meta":[],"categories":[22],"tags":[],"_links":{"self":[{"href":"http:\/\/cordobadirecto.com\/index.php\/wp-json\/wp\/v2\/posts\/185133"}],"collection":[{"href":"http:\/\/cordobadirecto.com\/index.php\/wp-json\/wp\/v2\/posts"}],"about":[{"href":"http:\/\/cordobadirecto.com\/index.php\/wp-json\/wp\/v2\/types\/post"}],"author":[{"embeddable":true,"href":"http:\/\/cordobadirecto.com\/index.php\/wp-json\/wp\/v2\/users\/1"}],"replies":[{"embeddable":true,"href":"http:\/\/cordobadirecto.com\/index.php\/wp-json\/wp\/v2\/comments?post=185133"}],"version-history":[{"count":0,"href":"http:\/\/cordobadirecto.com\/index.php\/wp-json\/wp\/v2\/posts\/185133\/revisions"}],"wp:featuredmedia":[{"embeddable":true,"href":"http:\/\/cordobadirecto.com\/index.php\/wp-json\/wp\/v2\/media\/185134"}],"wp:attachment":[{"href":"http:\/\/cordobadirecto.com\/index.php\/wp-json\/wp\/v2\/media?parent=185133"}],"wp:term":[{"taxonomy":"category","embeddable":true,"href":"http:\/\/cordobadirecto.com\/index.php\/wp-json\/wp\/v2\/categories?post=185133"},{"taxonomy":"post_tag","embeddable":true,"href":"http:\/\/cordobadirecto.com\/index.php\/wp-json\/wp\/v2\/tags?post=185133"}],"curies":[{"name":"wp","href":"https:\/\/api.w.org\/{rel}","templated":true}]}}