{"id":185181,"date":"2026-01-24T19:47:32","date_gmt":"2026-01-24T19:47:32","guid":{"rendered":"https:\/\/www.ole.com.ar\/autos\/video-franco-colapinto-protagonista-detras-escena-nuevo-alpine-bandera-argentina_0_VQIyRU1grM.html"},"modified":"2026-01-24T19:47:32","modified_gmt":"2026-01-24T19:47:32","slug":"video-franco-colapinto-protagonista-del-detras-de-escena-del-nuevo-alpine-con-la-bandera-argentina","status":"publish","type":"post","link":"http:\/\/cordobadirecto.com\/index.php\/2026\/01\/24\/video-franco-colapinto-protagonista-del-detras-de-escena-del-nuevo-alpine-con-la-bandera-argentina\/","title":{"rendered":"Video: Franco Colapinto, protagonista del detr\u00e1s de escena del nuevo Alpine con la bandera argentina"},"content":{"rendered":"<p><time class=\"createDate\" datetime=\"2026-01-24T16:47:32-03:00\">24\/01\/2026 16:47hs.<\/time><\/p>\n<div id=\"storyBody\">\n<div id=\"element-body-0\" class=\"sc-136cd478-0 ekTCfV\" readability=\"35.677777777778\">\n<p><strong><a href=\"https:\/\/www.ole.com.ar\/tema\/alpine.html\" title=\"Alpine\" alt=\"Alpine\" class=\"slug\">Alpine<\/a><\/strong> volvi\u00f3 a encender las redes este s\u00e1bado <strong> al publicar un video in\u00e9dito del detr\u00e1s de escena de la presentaci\u00f3n del nuevo dise\u00f1o del A526,<\/strong> realizada el viernes. En las im\u00e1genes, el protagonista es <strong><a href=\"https:\/\/www.ole.com.ar\/tema\/franco-colapinto.html\" title=\"Franco Colapinto\" alt=\"Franco Colapinto\" class=\"slug\">Franco Colapinto<\/a>, quien aparece envuelto en la bandera celeste y blanca durante la sesi\u00f3n de fotos<\/strong> oficial que acompa\u00f1\u00f3 el lanzamiento del monoplaza.<\/p>\n<\/div>\n<div id=\"element-body-1\" class=\"sc-136cd478-0 ekTCfV\" readability=\"38.713136729223\">\n<p>El clip, difundido en las cuentas oficiales de la escuder\u00eda francesa, muestra distintos momentos de la producci\u00f3n fotogr\u00e1fica realizada en Barcelona, <strong> con Colapinto posando junto a <a href=\"https:\/\/www.ole.com.ar\/tema\/pierre-gasly.html\" title=\"Pierre Gasly\" alt=\"Pierre Gasly\" class=\"slug\">Pierre Gasly<\/a> y Paul Aron.<\/strong> El posteo estuvo acompa\u00f1ado por una frase breve y sugestiva: <strong>\u201c2026 es vibra\u201d, que r\u00e1pidamente fue replicada por los hinchas, especialmente del lado argentino.<\/strong><\/p>\n<\/div>\n<div class=\"sc-e7b891c4-0 ifHnQL image-embed\" id=\"element-body-2\"><img alt=\"Franco Colapinto, Flavio Briatore y Pierre Gasly posaron en el escenario con el nuevo Alpine durante la presentaci\u00f3n oficial de la temporada. (AFP).\" loading=\"lazy\" width=\"720\" height=\"100\" decoding=\"async\" data-nimg=\"1\" src=\"http:\/\/cordobadirecto.com\/wp-content\/uploads\/2026\/01\/video-franco-colapinto-protagonista-del-detras-de-escena-del-nuevo-alpine-con-la-bandera-argentina.jpg\"><span class=\"epigraphe\">Franco Colapinto, Flavio Briatore y Pierre Gasly posaron en el escenario con el nuevo Alpine durante la presentaci\u00f3n oficial de la temporada. (AFP).<\/span><\/div>\n<div id=\"element-body-3\" class=\"sc-136cd478-0 ekTCfV\" readability=\"32.2\">\n<p><strong>La sesi\u00f3n de fotos form\u00f3 parte del <a href=\"https:\/\/www.ole.com.ar\/autos\/franco-colapinto-nuevo-auto-alpine-formula-1-presentacion-oficial_0_uf6LVExiaH.html\" target=\"_self\" title=\"evento de presentaci\u00f3n del A526,\" alt=\"evento de presentaci\u00f3n del A526,\" rel=\"noopener\">evento de presentaci\u00f3n del A526,<\/a> <\/strong>el auto con el que Alpine afrontar\u00e1 la temporada 2026 de <strong><a href=\"https:\/\/www.ole.com.ar\/tema\/formula-1.html\" title=\"F\u00f3rmula 1\" alt=\"F\u00f3rmula 1\" class=\"slug\">F\u00f3rmula 1<\/a>.<\/strong> El lanzamiento se llev\u00f3 a cabo el viernes 23 de enero en un lujoso crucero frente a la costa de Barcelona, con la presencia de los pilotos titulares y de las principales autoridades del equipo, entre ellas <strong><a href=\"https:\/\/www.ole.com.ar\/tema\/flavio-briatore.html\" title=\"Flavio Briatore\" alt=\"Flavio Briatore\" class=\"slug\">Flavio Briatore<\/a><\/strong> y <strong>Steve Nielsen.<\/strong><\/p>\n<\/div>\n<p><h2>As\u00ed model\u00f3 Franco Colapinto junto a la bandera argentina en la sesi\u00f3n de fotos del nuevo Alpine<\/h2>\n<\/p>\n<div id=\"element-body-5\" class=\"sc-3c5a76cc-1 idjLTd\" readability=\"32.5\">\n<div class=\"sc-e8b2828-0 fBmEJc\" type=\"embed\">\n<div class=\"sc-e8b2828-1 iPLbWT videoText\" id=\"contentTitleembedTwncCzlG\" type=\"embed\"><svg fill=\"#ffffff\"><symbol id=\"play\" viewBox=\"0 0 512 512\"><path d=\"M512 256C512 397.4 397.4 512 256 512C114.6 512 0 397.4 0 256C0 114.6 114.6 0 256 0C397.4 0 512 114.6 512 256zM176 168V344C176 352.7 180.7 360.7 188.3 364.9C195.8 369.2 205.1 369 212.5 364.5L356.5 276.5C363.6 272.1 368 264.4 368 256C368 247.6 363.6 239.9 356.5 235.5L212.5 147.5C205.1 142.1 195.8 142.8 188.3 147.1C180.7 151.3 176 159.3 176 168V168z\" \/><\/symbol><use xlink:href=\"#play\" \/><\/svg><\/p>\n<div class=\"right\">\n<p>Franco Colapinto<!-- --> &#8211; <span>&nbsp;<\/span><\/p>\n<h2 class=\"title-vid\">Franco Colapinto model\u00f3 en la sesi\u00f3n de fotos de Alpine, envuelto en la bandera argentina<\/h2>\n<\/div>\n<\/div>\n<p><span class=\"back\" id=\"spanBackembedTwncCzlG\"><\/span><\/div>\n<div class=\"JWvideoNota_title\" readability=\"10\">\n<p>La escuder\u00eda francesa mostr\u00f3 al pilarense con la celeste y blanca, modelando junto a Pierre Gasly y Paul Aron, tras la presentaci\u00f3n del nuevo auto de F\u00f3rmula 1.<\/p>\n<\/div>\n<\/div>\n<div id=\"element-body-6\" class=\"sc-136cd478-0 ekTCfV\" readability=\"37\">\n<p>Mientras el impacto de la presentaci\u00f3n del nuevo dise\u00f1o del auto segu\u00eda creciendo en redes, Alpine tambi\u00e9n dej\u00f3 definiciones claras en lo deportivo. <strong>La escuder\u00eda francesa confirm\u00f3 que estar\u00e1 presente en los primeros ensayos de pretemporada y que rodar\u00e1 desde la jornada inicial <\/strong>(los test en Catalu\u00f1a ser\u00e1n del 26 al 30 de enero). <strong> <\/strong>\u201cTenemos un plan y hasta ahora lo estamos respetando. <strong>La intenci\u00f3n es rodar seguro el lunes y luego evaluar d\u00eda a d\u00eda c\u00f3mo sigue la semana\u201d, explic\u00f3 el director t\u00e9cnico David Sanchez<\/strong> durante la presentaci\u00f3n del modelo.<\/p>\n<\/div>\n<div id=\"element-body-7\" class=\"sc-136cd478-0 ekTCfV\" readability=\"37\">\n<p>De esta manera, Alpine extendi\u00f3 el impacto del lanzamiento del A526 m\u00e1s all\u00e1 del viernes y sum\u00f3 una imagen fuerte y simb\u00f3lica: <strong> Colapinto, envuelto en la bandera argentina, <\/strong>como una de las postales m\u00e1s comentadas del detr\u00e1s de escena del nuevo auto.<\/p>\n<\/div>\n<div id=\"element-body-8\" class=\"sc-a7166897-0 eoLsBE\" readability=\"31.5\">\n<section readability=\"3\"><picture><img alt=\"Alpine acelera en la F1: confirm\u00f3 cu\u00e1ndo ir\u00e1 a pista mientras otros equipos llegan -o no- con lo justo al primer test en Barcelona\" loading=\"lazy\" width=\"290\" height=\"290\" decoding=\"async\" data-nimg=\"1\" src=\"http:\/\/cordobadirecto.com\/wp-content\/uploads\/2026\/01\/video-franco-colapinto-protagonista-del-detras-de-escena-del-nuevo-alpine-con-la-bandera-argentina-1.jpg\"><\/picture>\n<p><span>Mir\u00e1 tambi\u00e9n<\/span><\/p>\n<hr>\n<h3>Alpine acelera en la F1: confirm\u00f3 cu\u00e1ndo ir\u00e1 a pista mientras otros equipos llegan -o no- con lo justo al primer test en Barcelona<\/h3>\n<\/p>\n<\/section>\n<\/div>\n<div id=\"element-body-9\" class=\"sc-a7166897-0 eoLsBE\" readability=\"31.5\">\n<section readability=\"3\"><picture><img alt=\"Alpine zarp\u00f3 hacia una nueva era: presentaci\u00f3n en un crucero y Franco Colapinto al frente del proyecto 2026\" loading=\"lazy\" width=\"290\" height=\"290\" decoding=\"async\" data-nimg=\"1\" src=\"http:\/\/cordobadirecto.com\/wp-content\/uploads\/2026\/01\/video-franco-colapinto-protagonista-del-detras-de-escena-del-nuevo-alpine-con-la-bandera-argentina-2.jpg\"><\/picture>\n<p><span>Mir\u00e1 tambi\u00e9n<\/span><\/p>\n<hr>\n<h3>Alpine zarp\u00f3 hacia una nueva era: presentaci\u00f3n en un crucero y Franco Colapinto al frente del proyecto 2026<\/h3>\n<\/p>\n<\/section>\n<\/div>\n<div id=\"element-body-10\" class=\"sc-a7166897-0 eoLsBE\" readability=\"31.5\">\n<section readability=\"3\"><picture><img alt=\"A lo Scaloneta: el particular apodo de Franco Colapinto al nuevo Alpine tras su presentaci\u00f3n\" loading=\"lazy\" width=\"290\" height=\"290\" decoding=\"async\" data-nimg=\"1\" src=\"http:\/\/cordobadirecto.com\/wp-content\/uploads\/2026\/01\/video-franco-colapinto-protagonista-del-detras-de-escena-del-nuevo-alpine-con-la-bandera-argentina-3.jpg\"><\/picture>\n<p><span>Mir\u00e1 tambi\u00e9n<\/span><\/p>\n<hr>\n<h3>A lo Scaloneta: el particular apodo de Franco Colapinto al nuevo Alpine tras su presentaci\u00f3n<\/h3>\n<\/p>\n<\/section>\n<\/div>\n<\/div>\n","protected":false},"excerpt":{"rendered":"<p>24\/01\/2026 16:47hs. Alpine volvi\u00f3 a encender las redes este s\u00e1bado al publicar un video in\u00e9dito del detr\u00e1s de escena de la presentaci\u00f3n del nuevo dise\u00f1o del A526, realizada el viernes. En las im\u00e1genes, el protagonista es Franco Colapinto, quien aparece envuelto en la bandera celeste y blanca durante la sesi\u00f3n de fotos oficial que acompa\u00f1\u00f3 [&hellip;]<\/p>\n","protected":false},"author":1,"featured_media":185182,"comment_status":"closed","ping_status":"closed","sticky":false,"template":"","format":"standard","meta":[],"categories":[21],"tags":[],"_links":{"self":[{"href":"http:\/\/cordobadirecto.com\/index.php\/wp-json\/wp\/v2\/posts\/185181"}],"collection":[{"href":"http:\/\/cordobadirecto.com\/index.php\/wp-json\/wp\/v2\/posts"}],"about":[{"href":"http:\/\/cordobadirecto.com\/index.php\/wp-json\/wp\/v2\/types\/post"}],"author":[{"embeddable":true,"href":"http:\/\/cordobadirecto.com\/index.php\/wp-json\/wp\/v2\/users\/1"}],"replies":[{"embeddable":true,"href":"http:\/\/cordobadirecto.com\/index.php\/wp-json\/wp\/v2\/comments?post=185181"}],"version-history":[{"count":0,"href":"http:\/\/cordobadirecto.com\/index.php\/wp-json\/wp\/v2\/posts\/185181\/revisions"}],"wp:featuredmedia":[{"embeddable":true,"href":"http:\/\/cordobadirecto.com\/index.php\/wp-json\/wp\/v2\/media\/185182"}],"wp:attachment":[{"href":"http:\/\/cordobadirecto.com\/index.php\/wp-json\/wp\/v2\/media?parent=185181"}],"wp:term":[{"taxonomy":"category","embeddable":true,"href":"http:\/\/cordobadirecto.com\/index.php\/wp-json\/wp\/v2\/categories?post=185181"},{"taxonomy":"post_tag","embeddable":true,"href":"http:\/\/cordobadirecto.com\/index.php\/wp-json\/wp\/v2\/tags?post=185181"}],"curies":[{"name":"wp","href":"https:\/\/api.w.org\/{rel}","templated":true}]}}