{"id":185183,"date":"2026-01-24T16:35:54","date_gmt":"2026-01-24T16:35:54","guid":{"rendered":"https:\/\/www.ole.com.ar\/autos\/alpine-acelera-confirmo-pondra-coche-pista-equipos-llegan-justo-primer-test_0_lzjOY8ekS9.html"},"modified":"2026-01-24T16:35:54","modified_gmt":"2026-01-24T16:35:54","slug":"alpine-acelera-en-la-f1-confirmo-cuando-ira-a-pista-mientras-otros-equipos-llegan-o-no-con-lo-justo-al-primer-test-en-barcelona","status":"publish","type":"post","link":"http:\/\/cordobadirecto.com\/index.php\/2026\/01\/24\/alpine-acelera-en-la-f1-confirmo-cuando-ira-a-pista-mientras-otros-equipos-llegan-o-no-con-lo-justo-al-primer-test-en-barcelona\/","title":{"rendered":"Alpine acelera en la F1: confirm\u00f3 cu\u00e1ndo ir\u00e1 a pista mientras otros equipos llegan -o no- con lo justo al primer test en Barcelona"},"content":{"rendered":"<p><span class=\"createDate\">24\/01\/2026 13:35hs.<\/span><time class=\"modificatedDate\" datetime=\"2026-01-24T13:40:15-03:00\"> Actualizado al 24\/01\/2026 13:40hs.<\/time><\/p>\n<div id=\"storyBody\">\n<div id=\"element-body-0\" class=\"sc-136cd478-0 ekTCfV\" readability=\"35.013698630137\">\n<p>La primera semana de entrenamientos oficiales en Barcelona marcar\u00e1 el verdadero punto de partida para los equipos de la <strong><a href=\"https:\/\/www.ole.com.ar\/tema\/formula-1.html\" title=\"F\u00f3rmula 1\" alt=\"F\u00f3rmula 1\" class=\"slug\">F\u00f3rmula 1<\/a><\/strong>. Con autos completamente nuevos por el cambio reglamentario, las escuder\u00edas comenzar\u00e1n a enterarse d\u00f3nde est\u00e1n paradas de cara a una temporada que arranca con inc\u00f3gnitas y un pron\u00f3stico -ac\u00e1 su cabe el lugar com\u00fan- reservado. <\/p>\n<\/div>\n<div id=\"element-body-1\" class=\"sc-136cd478-0 ekTCfV\" readability=\"38.659217877095\">\n<p>La l\u00f3gica indica que todos arrancan desde cero, aunque, por lo que se sabe, algunas escuder\u00edas, como <strong><a href=\"https:\/\/www.ole.com.ar\/tema\/alpine.html\" title=\"Alpine\" alt=\"Alpine\" class=\"slug\">Alpine<\/a><\/strong>, ya larga con n\u00fameros positivos y otras, como Williams, en negativo.<\/p>\n<\/div>\n<div class=\"sc-e7b891c4-0 ifHnQL image-embed\" id=\"element-body-2\"><img alt=\"Pierre Gasly y Franco Colapinto descubren al auto (Reuters).\" loading=\"lazy\" width=\"720\" height=\"100\" decoding=\"async\" data-nimg=\"1\" src=\"http:\/\/cordobadirecto.com\/wp-content\/uploads\/2026\/01\/alpine-acelera-en-la-f1-confirmo-cuando-ira-a-pista-mientras-otros-equipos-llegan-o-no-con-lo-justo-al-primer-test-en-barcelona.jpg\"><span class=\"epigraphe\">Pierre Gasly y Franco Colapinto descubren al auto (Reuters).<\/span><\/div>\n<div id=\"element-body-3\" class=\"sc-136cd478-0 ekTCfV\" readability=\"38.306878306878\">\n<p>De hecho, algunas escuder\u00edas ya avisaron que encarar\u00e1n con lo justo los test oficiales que de la semana que entra -o directamente se los saltear\u00e1n- mientras que otras, como Alpine, muestran desde adentro una confianza poco habitual para esta etapa del a\u00f1o. <strong><a href=\"https:\/\/www.ole.com.ar\/tema\/franco-colapinto.html\" title=\"Franco Colapinto\" alt=\"Franco Colapinto\" class=\"slug\">Franco Colapinto<\/a><\/strong>, quien por primera vez inicia una temporada aunque ya suma dos anteriores de forma parcial, festeja. <\/p>\n<\/div>\n<p><h2>Los que no llegan: retrasos y debuts postergados<\/h2>\n<\/p>\n<div id=\"element-body-5\" class=\"sc-136cd478-0 ekTCfV\" readability=\"38\">\n<p>El caso m\u00e1s claro es Williams, <strong>que ya comunic\u00f3 que no estar\u00e1 en condiciones de participar del inicio de los entrenamientos en Barcelona, del 26 al 30 de enero<\/strong>, perdiendo una ventana clave para un equipo que necesita sumar rodaje m\u00e1s que nadie. El retraso en la puesta a punto del monoplaza y en la integraci\u00f3n de componentes obliga a reordenar el programa desde el primer d\u00eda.<\/p>\n<\/div>\n<div class=\"sc-e7b891c4-0 ifHnQL image-embed\" id=\"element-body-6\"><img alt=\"Se viene el Alpine a pista.\" loading=\"lazy\" width=\"720\" height=\"100\" decoding=\"async\" data-nimg=\"1\" src=\"http:\/\/cordobadirecto.com\/wp-content\/uploads\/2026\/01\/alpine-acelera-en-la-f1-confirmo-cuando-ira-a-pista-mientras-otros-equipos-llegan-o-no-con-lo-justo-al-primer-test-en-barcelona-1.jpg\"><span class=\"epigraphe\">Se viene el Alpine a pista.<\/span><\/div>\n<div id=\"element-body-7\" class=\"sc-136cd478-0 ekTCfV\" readability=\"39\">\n<p>En una situaci\u00f3n menos extrema, pero igualmente significativa, <strong>aparecen McLaren y Ferrari. Ambas escuder\u00edas confirmaron que no saldr\u00e1n a pista el lunes<\/strong>, optando por ganar tiempo en f\u00e1brica para cerrar el desarrollo de distintos elementos antes del debut. La estrategia es clara: priorizar la definicipon de un paquete m\u00e1s s\u00f3lido, aunque eso implique resignar kil\u00f3metros iniciales.<\/p>\n<\/div>\n<div id=\"element-body-8\" class=\"sc-136cd478-0 ekTCfV\" readability=\"37\">\n<p>En el caso de <strong>Ferrari, incluso se anticip\u00f3 que el auto que debutar\u00e1 en los test ser\u00e1 una versi\u00f3n muy b\u00e1sica<\/strong>, pensada principalmente para chequear el funcionamiento de la unidad de potencia y los sistemas principales, dejando la evoluci\u00f3n aerodin\u00e1mica para m\u00e1s adelante.<\/p>\n<\/div>\n<p><h2>Alpine, en la vereda opuesta: a pista desde el primer d\u00eda<\/h2>\n<\/p>\n<div id=\"element-body-10\" class=\"sc-136cd478-0 ekTCfV\" readability=\"38\">\n<p>Mientras varios equipos siguen ajustando piezas, <strong>Alpine no solo llegar\u00e1 al lunes -confirmado que empieza a rodar ese d\u00eda; cada escuder\u00eda puede elegir tres jornadas de las cinco-, sino que lo har\u00e1 con el auto completamente armado<\/strong> y listo. La escuder\u00eda francesa avis\u00f3 que estar\u00e1 en pista desde la primera jornada de test, con el objetivo de aprovechar al m\u00e1ximo las condiciones iniciales y anticiparse a posibles complicaciones clim\u00e1ticas.<\/p>\n<\/div>\n<div id=\"element-body-11\" class=\"sc-136cd478-0 ekTCfV\" readability=\"32.420195439739\">\n<p>\u201cTenemos un plan y hasta ahora lo estamos respetando. La intenci\u00f3n es rodar seguro el lunes y luego evaluar d\u00eda a d\u00eda c\u00f3mo sigue la semana\u201d, <strong> explic\u00f3 el director t\u00e9cnico David Sanchez<\/strong> <a href=\"https:\/\/www.ole.com.ar\/autos\/franco-colapinto-nuevo-auto-alpine-formula-1-presentacion-oficial_0_uf6LVExiaH.html\" target=\"_self\" title=\"durante el lanzamiento del modelo A526\" alt=\"durante el lanzamiento del modelo A526\" rel=\"noopener\">durante el lanzamiento del modelo A526<\/a>, dejando en claro que el cronograma se viene cumpliendo seg\u00fan lo previsto.<\/p>\n<\/div>\n<div class=\"sc-e7b891c4-0 ifHnQL image-embed\" id=\"element-body-12\"><img alt=\"Ferrari no estar\u00e1 el lunes (AP).\" loading=\"lazy\" width=\"720\" height=\"100\" decoding=\"async\" data-nimg=\"1\" src=\"http:\/\/cordobadirecto.com\/wp-content\/uploads\/2026\/01\/alpine-acelera-en-la-f1-confirmo-cuando-ira-a-pista-mientras-otros-equipos-llegan-o-no-con-lo-justo-al-primer-test-en-barcelona-2.jpg\"><span class=\"epigraphe\">Ferrari no estar\u00e1 el lunes (AP).<\/span><\/div>\n<div id=\"element-body-13\" class=\"sc-136cd478-0 ekTCfV\" readability=\"36\">\n<p>Las previsiones meteorol\u00f3gicas, con chances de lluvia a mitad de semana, tambi\u00e9n influyeron en la decisi\u00f3n. <strong>Alpine quiere asegurarse kil\u00f3metros en seco desde el inicio<\/strong> y luego ajustar el programa seg\u00fan se presenten las condiciones.<\/p>\n<\/div>\n<p><h2>Buenas se\u00f1ales en el shakedown, m\u00e1s all\u00e1 del clima<\/h2>\n<\/p>\n<div id=\"element-body-15\" class=\"sc-136cd478-0 ekTCfV\" readability=\"38\">\n<p>El optimismo interno no surge de la nada. Durante el filming day (los equipos tiene dos por a\u00f1o) en Silverstone, seg\u00fan contaron desde el equipo, <strong>el Alpine A526 no present\u00f3 inconvenientes t\u00e9cnicos<\/strong>, aunque la escuder\u00eda no pudo completar los 200 km permitidos por culpa de la lluvia. La pista extremadamente mojada oblig\u00f3 a levantar el programa y solo se alcanzaron 140 km.<\/p>\n<\/div>\n<div id=\"element-body-16\" class=\"sc-136cd478-0 ekTCfV\" readability=\"37\">\n<p>Seg\u00fan Sanchez, <strong>el auto estaba en condiciones de completar sin problemas el kilometraje m\u00e1ximo<\/strong>, lo que dej\u00f3 una se\u00f1al positiva en t\u00e9rminos de fiabilidad, especialmente de la flamante unidad de potencia Mercedes.<\/p>\n<\/div>\n<div class=\"sc-e7b891c4-0 ifHnQL image-embed\" id=\"element-body-17\"><img alt=\"El Williams no llega.\" loading=\"lazy\" width=\"720\" height=\"100\" decoding=\"async\" data-nimg=\"1\" src=\"http:\/\/cordobadirecto.com\/wp-content\/uploads\/2026\/01\/alpine-acelera-en-la-f1-confirmo-cuando-ira-a-pista-mientras-otros-equipos-llegan-o-no-con-lo-justo-al-primer-test-en-barcelona-3.jpg\"><span class=\"epigraphe\">El Williams no llega.<\/span><\/div>\n<div id=\"element-body-18\" class=\"sc-136cd478-0 ekTCfV\" readability=\"37\">\n<p>\u201cSentimos que estamos listos para rodar. El shakedown fue bastante bien, m\u00e1s all\u00e1 del clima. Llegamos a Barcelona con mucho trabajo por hacer, <strong>pero con una base s\u00f3lida<\/strong>\u201d, resumi\u00f3 el director t\u00e9cnico.<\/p>\n<\/div>\n<div id=\"element-body-19\" class=\"sc-136cd478-0 ekTCfV\" readability=\"39\">\n<p>Otro dato que refuerza el buen arranque de Alpine est\u00e1 en los n\u00fameros. Seg\u00fan una ficha t\u00e9cnica publicada por la propia escuder\u00eda, <strong>el A526 est\u00e1 en 772 kilos<\/strong>, quedando a solo 4 kilos del peso m\u00e1ximo permitido, incluso incluyendo a los pilotos. En un reglamento donde el control del peso vuelve a ser cr\u00edtico, llegar tan cerca del l\u00edmite desde el inicio es una ventaja nada menor.<\/p>\n<\/div>\n<div class=\"sc-e7b891c4-0 ifHnQL image-embed\" id=\"element-body-20\"><img alt=\"La ficha con el peso del Alpine.\" loading=\"lazy\" width=\"720\" height=\"100\" decoding=\"async\" data-nimg=\"1\" src=\"http:\/\/cordobadirecto.com\/wp-content\/uploads\/2026\/01\/alpine-acelera-en-la-f1-confirmo-cuando-ira-a-pista-mientras-otros-equipos-llegan-o-no-con-lo-justo-al-primer-test-en-barcelona-4.jpg\"><span class=\"epigraphe\">La ficha con el peso del Alpine.<\/span><\/div>\n<div id=\"element-body-21\" class=\"sc-136cd478-0 ekTCfV\" readability=\"39\">\n<p>Adem\u00e1s, a diferencia de otros equipos que llevar\u00e1n a Barcelona autos muy preliminares, <strong> Alpine pondr\u00e1 en pista una especificaci\u00f3n ya desarrollada<\/strong>. El monoplaza visto en el filming day mostraba soluciones trabajadas, especialmente en la zona delantera, y ser\u00e1 esa misma base la que se utilizar\u00e1 en el arranque de los test.<\/p>\n<\/div>\n<div id=\"element-body-22\" class=\"sc-136cd478-0 ekTCfV\" readability=\"36\">\n<p>\u201cEl coche que ver\u00e1n el lunes ya est\u00e1 bastante avanzado y tenemos un buen plan de desarrollo para el inicio de la temporada\u201d, confirm\u00f3 Sanchez, <strong>anticipando que las primeras grandes actualizaciones llegar\u00e1n en los primeros Grandes Premios.<\/strong><\/p>\n<\/div>\n<div id=\"element-body-23\" class=\"sc-136cd478-0 ekTCfV\" readability=\"39\">\n<p>Falta un mes y medio para el comienzo del campeonato, <strong>el 8 de marzo en Australia,<\/strong> es cierto, pero Alpine ya sabe que le sac\u00f3 unos kil\u00f3metros de ventajas a varios equipos. Eso, en momentos de las primeras aceleradas, significa estar m\u00e1s adelante en la temporada.<\/p>\n<\/div>\n<div id=\"element-body-24\" class=\"sc-a7166897-0 eoLsBE\" readability=\"31.5\">\n<section readability=\"3\"><picture><img alt=\"Flavio Briatore y un gui\u00f1o a Colapinto: \u00bfle asegur\u00f3 el lugar en Alpine para todo el a\u00f1o?\" loading=\"lazy\" width=\"290\" height=\"290\" decoding=\"async\" data-nimg=\"1\" src=\"http:\/\/cordobadirecto.com\/wp-content\/uploads\/2026\/01\/alpine-acelera-en-la-f1-confirmo-cuando-ira-a-pista-mientras-otros-equipos-llegan-o-no-con-lo-justo-al-primer-test-en-barcelona-5.jpg\"><\/picture>\n<p><span>Mir\u00e1 tambi\u00e9n<\/span><\/p>\n<hr>\n<h3>Flavio Briatore y un gui\u00f1o a Colapinto: \u00bfle asegur\u00f3 el lugar en Alpine para todo el a\u00f1o?<\/h3>\n<\/p>\n<\/section>\n<\/div>\n<div id=\"element-body-25\" class=\"sc-a7166897-0 eoLsBE\" readability=\"31\">\n<section readability=\"2\"><picture><img alt=\"F\u00f3rmula 1: cu\u00e1les son las diferencias de dise\u00f1o del Alpine 2025 y el 2026\" loading=\"lazy\" width=\"290\" height=\"290\" decoding=\"async\" data-nimg=\"1\" src=\"http:\/\/cordobadirecto.com\/wp-content\/uploads\/2026\/01\/alpine-acelera-en-la-f1-confirmo-cuando-ira-a-pista-mientras-otros-equipos-llegan-o-no-con-lo-justo-al-primer-test-en-barcelona-6.jpg\"><\/picture>\n<p><span>Mir\u00e1 tambi\u00e9n<\/span><\/p>\n<hr>\n<h3>F\u00f3rmula 1: cu\u00e1les son las diferencias de dise\u00f1o del Alpine 2025 y el 2026<\/h3>\n<\/p>\n<\/section>\n<\/div>\n<div id=\"element-body-26\" class=\"sc-a7166897-0 eoLsBE\" readability=\"31.5\">\n<section readability=\"3\"><picture><img alt=\"Ins\u00f3lito problema en la presentaci\u00f3n de la nueva Ferrari: a Hamilton se le par\u00f3 el auto\" loading=\"lazy\" width=\"290\" height=\"290\" decoding=\"async\" data-nimg=\"1\" src=\"http:\/\/cordobadirecto.com\/wp-content\/uploads\/2026\/01\/alpine-acelera-en-la-f1-confirmo-cuando-ira-a-pista-mientras-otros-equipos-llegan-o-no-con-lo-justo-al-primer-test-en-barcelona-7.jpg\"><\/picture>\n<p><span>Mir\u00e1 tambi\u00e9n<\/span><\/p>\n<hr>\n<h3>Ins\u00f3lito problema en la presentaci\u00f3n de la nueva Ferrari: a Hamilton se le par\u00f3 el auto<\/h3>\n<\/p>\n<\/section>\n<\/div>\n<\/div>\n","protected":false},"excerpt":{"rendered":"<p>24\/01\/2026 13:35hs. Actualizado al 24\/01\/2026 13:40hs. La primera semana de entrenamientos oficiales en Barcelona marcar\u00e1 el verdadero punto de partida para los equipos de la F\u00f3rmula 1. Con autos completamente nuevos por el cambio reglamentario, las escuder\u00edas comenzar\u00e1n a enterarse d\u00f3nde est\u00e1n paradas de cara a una temporada que arranca con inc\u00f3gnitas y un pron\u00f3stico [&hellip;]<\/p>\n","protected":false},"author":1,"featured_media":185184,"comment_status":"closed","ping_status":"closed","sticky":false,"template":"","format":"standard","meta":[],"categories":[21],"tags":[],"_links":{"self":[{"href":"http:\/\/cordobadirecto.com\/index.php\/wp-json\/wp\/v2\/posts\/185183"}],"collection":[{"href":"http:\/\/cordobadirecto.com\/index.php\/wp-json\/wp\/v2\/posts"}],"about":[{"href":"http:\/\/cordobadirecto.com\/index.php\/wp-json\/wp\/v2\/types\/post"}],"author":[{"embeddable":true,"href":"http:\/\/cordobadirecto.com\/index.php\/wp-json\/wp\/v2\/users\/1"}],"replies":[{"embeddable":true,"href":"http:\/\/cordobadirecto.com\/index.php\/wp-json\/wp\/v2\/comments?post=185183"}],"version-history":[{"count":0,"href":"http:\/\/cordobadirecto.com\/index.php\/wp-json\/wp\/v2\/posts\/185183\/revisions"}],"wp:featuredmedia":[{"embeddable":true,"href":"http:\/\/cordobadirecto.com\/index.php\/wp-json\/wp\/v2\/media\/185184"}],"wp:attachment":[{"href":"http:\/\/cordobadirecto.com\/index.php\/wp-json\/wp\/v2\/media?parent=185183"}],"wp:term":[{"taxonomy":"category","embeddable":true,"href":"http:\/\/cordobadirecto.com\/index.php\/wp-json\/wp\/v2\/categories?post=185183"},{"taxonomy":"post_tag","embeddable":true,"href":"http:\/\/cordobadirecto.com\/index.php\/wp-json\/wp\/v2\/tags?post=185183"}],"curies":[{"name":"wp","href":"https:\/\/api.w.org\/{rel}","templated":true}]}}