{"id":185191,"date":"2026-01-24T19:50:56","date_gmt":"2026-01-24T19:50:56","guid":{"rendered":"https:\/\/cordoba.gob.ar\/?p=85237"},"modified":"2026-01-24T19:50:56","modified_gmt":"2026-01-24T19:50:56","slug":"ninos-y-jovenes-con-discapacidad-participaron-de-una-jornada-de-remo-en-la-pileta-municipal-del-parque-sarmiento","status":"publish","type":"post","link":"http:\/\/cordobadirecto.com\/index.php\/2026\/01\/24\/ninos-y-jovenes-con-discapacidad-participaron-de-una-jornada-de-remo-en-la-pileta-municipal-del-parque-sarmiento\/","title":{"rendered":"Ni\u00f1os y j\u00f3venes con discapacidad participaron de una jornada de remo en la Pileta Municipal del Parque Sarmiento"},"content":{"rendered":"<div><img src=\"http:\/\/cordobadirecto.com\/wp-content\/uploads\/2026\/01\/ninos-y-jovenes-con-discapacidad-participaron-de-una-jornada-de-remo-en-la-pileta-municipal-del-parque-sarmiento.jpg\" class=\"ff-og-image-inserted\"><\/div>\n<p data-prosemirror-content-type=\"node\" data-prosemirror-node-name=\"paragraph\" data-prosemirror-node-block=\"true\" data-pm-slice=\"1 1 []\">La Municipalidad de C\u00f3rdoba organiz\u00f3 una nueva edici\u00f3n de \u201cVivencia Kayak\u201d en la Pileta Municipal del Parque Sarmiento.<\/p>\n<p data-prosemirror-content-type=\"node\" data-prosemirror-node-name=\"paragraph\" data-prosemirror-node-block=\"true\">La actividad, a cargo de la Secretar\u00eda de Fortalecimiento Vecinal y Deportes a trav\u00e9s del Programa de Discapacidad, permiti\u00f3 a ni\u00f1os y j\u00f3venes con discapacidad de las Escuelas de Verano del Polideportivo General Paz aprender a manejar kayak en aguas tranquilas y poco profundas.<\/p>\n<p data-prosemirror-content-type=\"node\" data-prosemirror-node-name=\"paragraph\" data-prosemirror-node-block=\"true\">De este modo, y en un espacio seguro y accesible, se posibilit\u00f3 a los participantes vivenciar el desplazamiento en el agua, favoreciendo nuevas experiencias, sensaciones y momentos de disfrute, adem\u00e1s de promover la relajaci\u00f3n y el contacto con el medio acu\u00e1tico.<\/p>\n<p data-prosemirror-content-type=\"node\" data-prosemirror-node-name=\"paragraph\" data-prosemirror-node-block=\"true\">Estas propuestas resultan fundamentales para promover la inclusi\u00f3n y la autonom\u00eda de las personas con discapacidad, ya que permiten el acceso a pr\u00e1cticas deportivas adaptadas en entornos cuidados, favoreciendo el desarrollo motriz, la confianza y la participaci\u00f3n en experiencias recreativas significativas.<\/p>\n<p data-prosemirror-content-type=\"node\" data-prosemirror-node-name=\"paragraph\" data-prosemirror-node-block=\"true\">\u201cEs una oportunidad para que ni\u00f1os y j\u00f3venes con discapacidad puedan experimentar esta actividad, ya que muchos no cuentan con la posibilidad de realizarla en otros \u00e1mbitos con condiciones de seguridad, aguas tranquilas y poco profundas\u201d, expres\u00f3 Juan L\u00f3pez, encargado del Programa de Discapacidad de la Subsecretar\u00eda de Deportes y Recreaci\u00f3n.<\/p>\n<p data-prosemirror-content-type=\"node\" data-prosemirror-node-name=\"paragraph\" data-prosemirror-node-block=\"true\">Adem\u00e1s de la pr\u00e1ctica de kayak, los chicos realizaron otras actividades deportivas y recreativas dentro y fuera de la pileta, en un marco de aprendizaje y convivencia.<\/p>\n<p data-prosemirror-content-type=\"node\" data-prosemirror-node-name=\"paragraph\" data-prosemirror-node-block=\"true\"><strong data-prosemirror-content-type=\"mark\" data-prosemirror-mark-name=\"strong\">Actividades gratuitas para personas con discapacidad<\/strong><\/p>\n<p data-prosemirror-content-type=\"node\" data-prosemirror-node-name=\"paragraph\" data-prosemirror-node-block=\"true\">La Municipalidad de C\u00f3rdoba, ofrece una serie de propuestas gratuitas para personas con discapacidad, en los diversos Polideportivos Municipales.<\/p>\n<p data-prosemirror-content-type=\"node\" data-prosemirror-node-name=\"paragraph\" data-prosemirror-node-block=\"true\">Este tipo de acciones se enmarca dentro de las pol\u00edticas impulsadas por el municipio para garantizar el acceso al deporte, la recreaci\u00f3n y la inclusi\u00f3n, generando espacios de aprendizaje y disfrute en condiciones de igualdad.<\/p>\n<p data-prosemirror-content-type=\"node\" data-prosemirror-node-name=\"paragraph\" data-prosemirror-node-block=\"true\">Las propuestas seg\u00fan cada espacio son las siguientes:<\/p>\n<p data-prosemirror-content-type=\"node\" data-prosemirror-node-name=\"paragraph\" data-prosemirror-node-block=\"true\">\u2022 Pileta Municipal del Parque Sarmiento (Amado Rold\u00e1n s\/n)<\/p>\n<p data-prosemirror-content-type=\"node\" data-prosemirror-node-name=\"paragraph\" data-prosemirror-node-block=\"true\">Actividades acu\u00e1ticas para personas con discapacidad y para ni\u00f1os y ni\u00f1as con autismo, de martes a viernes, de 10:00 a 12:00 horas.<\/p>\n<p data-prosemirror-content-type=\"node\" data-prosemirror-node-name=\"paragraph\" data-prosemirror-node-block=\"true\">\u2022 Polideportivo Municipal General Paz (Roma 155)<\/p>\n<p data-prosemirror-content-type=\"node\" data-prosemirror-node-name=\"paragraph\" data-prosemirror-node-block=\"true\">Actividades destinadas a ni\u00f1os, ni\u00f1as y j\u00f3venes con discapacidad, personas con movilidad reducida y propuestas diferenciadas seg\u00fan edades.<\/p>\n<p data-prosemirror-content-type=\"node\" data-prosemirror-node-name=\"paragraph\" data-prosemirror-node-block=\"true\">D\u00edas y horarios: martes a viernes, en horario matutino.<\/p>\n<p data-prosemirror-content-type=\"node\" data-prosemirror-node-name=\"paragraph\" data-prosemirror-node-block=\"true\">\u2022 Polideportivo Municipal General Bustos (Belindo Soaje 616)<\/p>\n<p data-prosemirror-content-type=\"node\" data-prosemirror-node-name=\"paragraph\" data-prosemirror-node-block=\"true\">Actividades para adultos con discapacidad y personas con discapacidad visual.<\/p>\n<p data-prosemirror-content-type=\"node\" data-prosemirror-node-name=\"paragraph\" data-prosemirror-node-block=\"true\">D\u00edas y horarios: martes a viernes, en horario matutino.<\/p>\n<p data-prosemirror-content-type=\"node\" data-prosemirror-node-name=\"paragraph\" data-prosemirror-node-block=\"true\"><strong data-prosemirror-content-type=\"mark\" data-prosemirror-mark-name=\"strong\">Requisitos<\/strong><\/p>\n<p data-prosemirror-content-type=\"node\" data-prosemirror-node-name=\"paragraph\" data-prosemirror-node-block=\"true\">Para poder participar de las diferentes propuestas es necesario contar con:<\/p>\n<p data-prosemirror-content-type=\"node\" data-prosemirror-node-name=\"paragraph\" data-prosemirror-node-block=\"true\">\u2022 Certificado \u00danico de Discapacidad.<\/p>\n<p data-prosemirror-content-type=\"node\" data-prosemirror-node-name=\"paragraph\" data-prosemirror-node-block=\"true\">\u2022 Fotocopia de DNI.<\/p>\n<p data-prosemirror-content-type=\"node\" data-prosemirror-node-name=\"paragraph\" data-prosemirror-node-block=\"true\">\u2022 Ficha m\u00e9dica expedida por el polideportivo, completa y firmada por el m\u00e9dico de cabecera, acompa\u00f1ada de ECG (menores de 50 a\u00f1os) o ergometr\u00eda (mayores de 50 a\u00f1os).<\/p>\n<p data-prosemirror-content-type=\"node\" data-prosemirror-node-name=\"paragraph\" data-prosemirror-node-block=\"true\">\u2022 Chequeo m\u00e9dico en el polideportivo y revisaci\u00f3n m\u00e9dica para pileta.<\/p>\n","protected":false},"excerpt":{"rendered":"<p>La Municipalidad de C\u00f3rdoba organiz\u00f3 una nueva edici\u00f3n de \u201cVivencia Kayak\u201d en la Pileta Municipal del Parque Sarmiento. La actividad, a cargo de la Secretar\u00eda de Fortalecimiento Vecinal y Deportes a trav\u00e9s del Programa de Discapacidad, permiti\u00f3 a ni\u00f1os y j\u00f3venes con discapacidad de las Escuelas de Verano del Polideportivo General Paz aprender a manejar [&hellip;]<\/p>\n","protected":false},"author":1,"featured_media":185192,"comment_status":"closed","ping_status":"closed","sticky":false,"template":"","format":"standard","meta":[],"categories":[44],"tags":[],"_links":{"self":[{"href":"http:\/\/cordobadirecto.com\/index.php\/wp-json\/wp\/v2\/posts\/185191"}],"collection":[{"href":"http:\/\/cordobadirecto.com\/index.php\/wp-json\/wp\/v2\/posts"}],"about":[{"href":"http:\/\/cordobadirecto.com\/index.php\/wp-json\/wp\/v2\/types\/post"}],"author":[{"embeddable":true,"href":"http:\/\/cordobadirecto.com\/index.php\/wp-json\/wp\/v2\/users\/1"}],"replies":[{"embeddable":true,"href":"http:\/\/cordobadirecto.com\/index.php\/wp-json\/wp\/v2\/comments?post=185191"}],"version-history":[{"count":0,"href":"http:\/\/cordobadirecto.com\/index.php\/wp-json\/wp\/v2\/posts\/185191\/revisions"}],"wp:featuredmedia":[{"embeddable":true,"href":"http:\/\/cordobadirecto.com\/index.php\/wp-json\/wp\/v2\/media\/185192"}],"wp:attachment":[{"href":"http:\/\/cordobadirecto.com\/index.php\/wp-json\/wp\/v2\/media?parent=185191"}],"wp:term":[{"taxonomy":"category","embeddable":true,"href":"http:\/\/cordobadirecto.com\/index.php\/wp-json\/wp\/v2\/categories?post=185191"},{"taxonomy":"post_tag","embeddable":true,"href":"http:\/\/cordobadirecto.com\/index.php\/wp-json\/wp\/v2\/tags?post=185191"}],"curies":[{"name":"wp","href":"https:\/\/api.w.org\/{rel}","templated":true}]}}