{"id":185193,"date":"2026-01-24T16:51:28","date_gmt":"2026-01-24T16:51:28","guid":{"rendered":"https:\/\/cordoba.gob.ar\/?p=85202"},"modified":"2026-01-24T16:51:28","modified_gmt":"2026-01-24T16:51:28","slug":"el-rio-se-vuelve-a-vestir-de-colores-llega-la-segunda-edicion-del-carnaval-del-suquia","status":"publish","type":"post","link":"http:\/\/cordobadirecto.com\/index.php\/2026\/01\/24\/el-rio-se-vuelve-a-vestir-de-colores-llega-la-segunda-edicion-del-carnaval-del-suquia\/","title":{"rendered":"El r\u00edo se vuelve a vestir de colores: llega la segunda edici\u00f3n del \u201cCarnaval del Suqu\u00eda\u201d"},"content":{"rendered":"<div><img src=\"http:\/\/cordobadirecto.com\/wp-content\/uploads\/2026\/01\/el-rio-se-vuelve-a-vestir-de-colores-llega-la-segunda-edicion-del-carnaval-del-suquia.jpg\" class=\"ff-og-image-inserted\"><\/div>\n<ul>\n<li data-prosemirror-content-type=\"node\" data-prosemirror-node-name=\"paragraph\" data-prosemirror-node-block=\"true\"><strong data-prosemirror-content-type=\"mark\" data-prosemirror-mark-name=\"strong\">Se proyecta una puesta en escena que contar\u00e1 con la actuaci\u00f3n de alrededor de 800 artistas por noche.<\/strong><\/li>\n<\/ul>\n<hr>\n<p data-prosemirror-content-type=\"node\" data-prosemirror-node-name=\"paragraph\" data-prosemirror-node-block=\"true\">Tras la experiencia de su lanzamiento el a\u00f1o pasado, la ciudad de C\u00f3rdoba se prepara para vivir la segunda edici\u00f3n del Carnaval del Suqu\u00eda. Durante dos jornadas, el viernes 6 y el viernes 13 de febrero, las m\u00e1rgenes del r\u00edo se transformar\u00e1n en un cors\u00f3dromo de identidad y alegr\u00eda, consolidando este espacio como el nuevo epicentro de la cultura popular cordobesa.<\/p>\n<p data-prosemirror-content-type=\"node\" data-prosemirror-node-name=\"paragraph\" data-prosemirror-node-block=\"true\">Con el acento puesto en el valor comunitario, esta propuesta destaca a las vecinas y vecinos como los verdaderos protagonistas de esta festividad. Su trabajo sostenido durante todo el a\u00f1o los convierte en los art\u00edfices de las expresiones que recorrer\u00e1n la ciudad en febrero, logrando a trav\u00e9s del acompa\u00f1amiento municipal una visibilidad que potencia y celebra su labor en cada rinc\u00f3n de C\u00f3rdoba.<\/p>\n<p data-prosemirror-content-type=\"node\" data-prosemirror-node-name=\"paragraph\" data-prosemirror-node-block=\"true\">El evento, que se desarrollar\u00e1 en ambas fechas de 19:00 a 01:00 horas, tendr\u00e1 como escenario principal el corredor del Parque Las Heras Elisa y el Paseo Suqu\u00eda. Esta iniciativa, integrada en el ciclo de Carnavales Barriales, busca fortalecer el v\u00ednculo de la ciudadan\u00eda con el paisaje del r\u00edo a trav\u00e9s del arte, el ritmo y el encuentro comunitario.<\/p>\n<p data-prosemirror-content-type=\"node\" data-prosemirror-node-name=\"paragraph\" data-prosemirror-node-block=\"true\">En esta nueva edici\u00f3n, se proyecta una puesta en escena que contar\u00e1 con la actuaci\u00f3n de alrededor de 800 artistas por noche, pertenecientes a diferentes agrupaciones, entre murgas, comparsas y batucadas. El desfile celebrar\u00e1 la cultura popular a lo largo del Suqu\u00eda, uniendo el arte del carnaval con el patrimonio natural de la ciudad para potenciar la identidad local. En ese sentido, el encuentro no es solo se trata de un espect\u00e1culo visual, sino una herramienta que fortalece el trabajo comunitario y colaborativo de las distintas organizaciones.<\/p>\n<p data-prosemirror-content-type=\"node\" data-prosemirror-node-name=\"paragraph\" data-prosemirror-node-block=\"true\">Esta celebraci\u00f3n, que abre formalmente la temporada de carnavales barriales que inician en febrero, se ratifica como una iniciativa innovadora dentro de la agenda oficial, consolidando un espacio de encuentro y convivencia en el coraz\u00f3n de C\u00f3rdoba. Como sello de esta propuesta, el acceso para ambas jornadas ser\u00e1 libre y gratuito, invitando a toda la comunidad a disfrutar de una de las festividades m\u00e1s coloridas del a\u00f1o.<\/p>\n","protected":false},"excerpt":{"rendered":"<p>Se proyecta una puesta en escena que contar\u00e1 con la actuaci\u00f3n de alrededor de 800 artistas por noche. Tras la experiencia de su lanzamiento el a\u00f1o pasado, la ciudad de C\u00f3rdoba se prepara para vivir la segunda edici\u00f3n del Carnaval del Suqu\u00eda. Durante dos jornadas, el viernes 6 y el viernes 13 de febrero, las [&hellip;]<\/p>\n","protected":false},"author":1,"featured_media":185194,"comment_status":"closed","ping_status":"closed","sticky":false,"template":"","format":"standard","meta":[],"categories":[44],"tags":[],"_links":{"self":[{"href":"http:\/\/cordobadirecto.com\/index.php\/wp-json\/wp\/v2\/posts\/185193"}],"collection":[{"href":"http:\/\/cordobadirecto.com\/index.php\/wp-json\/wp\/v2\/posts"}],"about":[{"href":"http:\/\/cordobadirecto.com\/index.php\/wp-json\/wp\/v2\/types\/post"}],"author":[{"embeddable":true,"href":"http:\/\/cordobadirecto.com\/index.php\/wp-json\/wp\/v2\/users\/1"}],"replies":[{"embeddable":true,"href":"http:\/\/cordobadirecto.com\/index.php\/wp-json\/wp\/v2\/comments?post=185193"}],"version-history":[{"count":0,"href":"http:\/\/cordobadirecto.com\/index.php\/wp-json\/wp\/v2\/posts\/185193\/revisions"}],"wp:featuredmedia":[{"embeddable":true,"href":"http:\/\/cordobadirecto.com\/index.php\/wp-json\/wp\/v2\/media\/185194"}],"wp:attachment":[{"href":"http:\/\/cordobadirecto.com\/index.php\/wp-json\/wp\/v2\/media?parent=185193"}],"wp:term":[{"taxonomy":"category","embeddable":true,"href":"http:\/\/cordobadirecto.com\/index.php\/wp-json\/wp\/v2\/categories?post=185193"},{"taxonomy":"post_tag","embeddable":true,"href":"http:\/\/cordobadirecto.com\/index.php\/wp-json\/wp\/v2\/tags?post=185193"}],"curies":[{"name":"wp","href":"https:\/\/api.w.org\/{rel}","templated":true}]}}