{"id":185197,"date":"2026-01-25T05:48:15","date_gmt":"2026-01-25T05:48:15","guid":{"rendered":"http:\/\/cordobadirecto.com\/index.php\/2026\/01\/25\/mapa-estudio-pr-expande-su-trayectoria-nacional-y-desembarca-en-cordoba\/"},"modified":"2026-01-25T05:48:15","modified_gmt":"2026-01-25T05:48:15","slug":"mapa-estudio-pr-expande-su-trayectoria-nacional-y-desembarca-en-cordoba","status":"publish","type":"post","link":"http:\/\/cordobadirecto.com\/index.php\/2026\/01\/25\/mapa-estudio-pr-expande-su-trayectoria-nacional-y-desembarca-en-cordoba\/","title":{"rendered":"Mapa Estudio PR expande su trayectoria nacional y desembarca en <b>C\u00f3rdoba<\/b>"},"content":{"rendered":"<p><b>Econom\u00eda<\/b> y Pol\u00edtica &middot; Ladrillos y Proyectos &middot; Vida y Estilo &middot; Actualidad &#8230; La <b>nueva<\/b> sede cordobesa estar\u00e1 bajo su direcci\u00f3n quien liderar\u00e1 la&nbsp;&#8230; <\/p>\n","protected":false},"excerpt":{"rendered":"<p>Econom\u00eda y Pol\u00edtica &middot; Ladrillos y Proyectos &middot; Vida y Estilo &middot; Actualidad &#8230; La nueva sede cordobesa estar\u00e1 bajo su direcci\u00f3n quien liderar\u00e1 la&nbsp;&#8230;<\/p>\n","protected":false},"author":1,"featured_media":0,"comment_status":"closed","ping_status":"closed","sticky":false,"template":"","format":"standard","meta":[],"categories":[40],"tags":[],"_links":{"self":[{"href":"http:\/\/cordobadirecto.com\/index.php\/wp-json\/wp\/v2\/posts\/185197"}],"collection":[{"href":"http:\/\/cordobadirecto.com\/index.php\/wp-json\/wp\/v2\/posts"}],"about":[{"href":"http:\/\/cordobadirecto.com\/index.php\/wp-json\/wp\/v2\/types\/post"}],"author":[{"embeddable":true,"href":"http:\/\/cordobadirecto.com\/index.php\/wp-json\/wp\/v2\/users\/1"}],"replies":[{"embeddable":true,"href":"http:\/\/cordobadirecto.com\/index.php\/wp-json\/wp\/v2\/comments?post=185197"}],"version-history":[{"count":0,"href":"http:\/\/cordobadirecto.com\/index.php\/wp-json\/wp\/v2\/posts\/185197\/revisions"}],"wp:attachment":[{"href":"http:\/\/cordobadirecto.com\/index.php\/wp-json\/wp\/v2\/media?parent=185197"}],"wp:term":[{"taxonomy":"category","embeddable":true,"href":"http:\/\/cordobadirecto.com\/index.php\/wp-json\/wp\/v2\/categories?post=185197"},{"taxonomy":"post_tag","embeddable":true,"href":"http:\/\/cordobadirecto.com\/index.php\/wp-json\/wp\/v2\/tags?post=185197"}],"curies":[{"name":"wp","href":"https:\/\/api.w.org\/{rel}","templated":true}]}}