{"id":185404,"date":"2026-01-27T20:51:49","date_gmt":"2026-01-27T20:51:49","guid":{"rendered":"https:\/\/www.ole.com.ar\/autos\/formula-1-f1-dia-pruebas-barcelona-lluvia-ferrari-leclerc-hamilton-red-bull-verstappen-hadjar-accidente_0_aaDTcv5tFP.html"},"modified":"2026-01-27T20:51:49","modified_gmt":"2026-01-27T20:51:49","slug":"formula-1-en-barcelona-ferrari-debuto-bajo-la-lluvia-y-un-accidente-freno-el-segundo-dia-de-pruebas","status":"publish","type":"post","link":"http:\/\/cordobadirecto.com\/index.php\/2026\/01\/27\/formula-1-en-barcelona-ferrari-debuto-bajo-la-lluvia-y-un-accidente-freno-el-segundo-dia-de-pruebas\/","title":{"rendered":"F\u00f3rmula 1 en Barcelona: Ferrari debut\u00f3 bajo la lluvia y un accidente fren\u00f3 el segundo d\u00eda de pruebas"},"content":{"rendered":"<p><span class=\"createDate\">27\/01\/2026 17:51hs.<\/span><time class=\"modificatedDate\" datetime=\"2026-01-27T18:18:30-03:00\"> Actualizado al 27\/01\/2026 18:18hs.<\/time><\/p>\n<div id=\"storyBody\">\n<div id=\"element-body-0\" class=\"sc-136cd478-0 ekTCfV\" readability=\"36.894523326572\">\n<p>Despu\u00e9s de un arranque a pura acci\u00f3n, la <strong><a href=\"https:\/\/www.ole.com.ar\/tema\/formula-1.html\" title=\"F\u00f3rmula 1\" alt=\"F\u00f3rmula 1\" class=\"slug\"> F\u00f3rmula 1<\/a><\/strong> baj\u00f3 un par de cambios en Barcelona. Si el primer d\u00eda de pruebas dej\u00f3 movimiento constante, con siete equipos en pista y la presencia de <strong><a href=\"https:\/\/www.ole.com.ar\/tema\/alpine.html\" title=\"Alpine\" alt=\"Alpine\" class=\"slug\">Alpine<\/a><\/strong> con <strong><a href=\"https:\/\/www.ole.com.ar\/tema\/franco-colapinto.html\" title=\"Franco Colapinto\" alt=\"Franco Colapinto\" class=\"slug\">Franco Colapinto<\/a><\/strong> <a href=\"https:\/\/www.ole.com.ar\/autos\/franco-colapinto-giro-barcelona-primeras-vueltas-susto-leve-referencia-ilusiona_0_YJGMDjaLb8.html\" target=\"_blank\" title=\"llev\u00e1ndose buena parte de las miradas\" alt=\"llev\u00e1ndose buena parte de las miradas\" rel=\"noopener\">llev\u00e1ndose buena parte de las miradas<\/a>, la segunda jornada fue todo lo contrario. <strong>Bajo de la lluvia<\/strong>, que caus\u00f3 una bandera roja, <strong>apenas dos escuder\u00edas salieron a competir<\/strong>: <strong>Ferrari<\/strong>, en su estreno, <strong>y Red Bull<\/strong>. Para colmo, <strong>un accidente sobre el final volvi\u00f3 a parar todo<\/strong>.<\/p>\n<\/div>\n<div id=\"element-body-1\" class=\"sc-136cd478-0 ekTCfV\" readability=\"45\">\n<p>De entrada estaba claro que cada equipo podr\u00e1 salir a correr en solo tres de los cinco d\u00edas previstos para estos testeos. Por eso, <strong>Mercedes, Cadillac, Haas, Audi, Alpine y Racing Bulls decidieron guardarse<\/strong> este martes despu\u00e9s de haber probado el lunes. La \u00fanica excepci\u00f3n fue el equipo austr\u00edaco, que sali\u00f3 a rodar en ambas jornadas. <strong>McLaren<\/strong>, por su parte, ya hab\u00eda avisado que no iba a participar de la primera, pero sobre el segundo no hab\u00eda nada confirmado. Al final, <strong>tampoco apareci\u00f3<\/strong>.<\/p>\n<\/div>\n<div class=\"sc-e7b891c4-0 ifHnQL image-embed\" id=\"element-body-2\"><img alt=\"Leclerc girando durante la ma\u00f1ana en Barcelona. (@scuderiaferrari)\" loading=\"lazy\" width=\"720\" height=\"100\" decoding=\"async\" data-nimg=\"1\" src=\"http:\/\/cordobadirecto.com\/wp-content\/uploads\/2026\/01\/formula-1-en-barcelona-ferrari-debuto-bajo-la-lluvia-y-un-accidente-freno-el-segundo-dia-de-pruebas.jpg\"><span class=\"epigraphe\">Leclerc girando durante la ma\u00f1ana en Barcelona. (@scuderiaferrari)<\/span><\/div>\n<div id=\"element-body-3\" class=\"sc-136cd478-0 ekTCfV\" readability=\"41\">\n<p>El que s\u00ed lo hizo fue Ferrari, al que poco le import\u00f3 la condici\u00f3n del circuito y sali\u00f3 a girar con Charles Leclerc en la sesi\u00f3n inicial y con Lewis Hamilton en la final. De esta manera, con <strong>Williams afuera por toda la semana y con Aston Martin incorpor\u00e1ndose reci\u00e9n el jueves<\/strong>, s\u00f3lo corrieron los italianos junto a Red Bull y sus dos pilotos: Max Verstappen, quien debut\u00f3 en la ma\u00f1ana, e Isack Hadjar, que corri\u00f3 a la tarde y realiz\u00f3 la mejor marca del primer d\u00eda.<\/p>\n<\/div>\n<div id=\"element-body-4\" class=\"sc-136cd478-0 ekTCfV\" readability=\"40\">\n<p>En cuanto a los tiempos del segundo, <strong>el mejor se lo llev\u00f3 Verstappen, con 1m19s578 tras 27 vueltas<\/strong>. Lo siguieron Leclerc; con 1m20s844 tras 66; Hadjar, con 1m31s981 tras 51; y Hamilton, con 1m33s455 tras 45. Si bien pudo terminar por delante de uno de los monoplazas rojos, el franc\u00e9s de 21 a\u00f1os <strong>no logr\u00f3 concretar por completo su actividad en Montmel\u00f3 luego de un accidente<\/strong>.<\/p>\n<\/div>\n<div class=\"sc-e7b891c4-0 ifHnQL image-embed\" id=\"element-body-5\"><img alt=\"El Red Bull de Verstappen levantando spray. (@redbullracing)\" loading=\"lazy\" width=\"720\" height=\"100\" decoding=\"async\" data-nimg=\"1\" src=\"http:\/\/cordobadirecto.com\/wp-content\/uploads\/2026\/01\/formula-1-en-barcelona-ferrari-debuto-bajo-la-lluvia-y-un-accidente-freno-el-segundo-dia-de-pruebas-1.jpg\"><span class=\"epigraphe\">El Red Bull de Verstappen levantando spray. (@redbullracing)<\/span><\/div>\n<p><h2>\u00bfQu\u00e9 pas\u00f3 con Hadjar sobre el final?<\/h2>\n<\/p>\n<div id=\"element-body-7\" class=\"sc-136cd478-0 ekTCfV\" readability=\"40\">\n<p>Despu\u00e9s de la pausa para almorzar, la cuesti\u00f3n se retom\u00f3 en la capital catalana, donde el recientemente ascendido desde Racing Bulls volvi\u00f3 a tomar las riendas del RB22 tras un primer d\u00eda fant\u00e1stico con el mejor registro (al cabo, de ambos d\u00edas), de 1m18s452. No obstante, <strong>las condiciones eran diferentes esta vez por causa de la pista mojada<\/strong>.<\/p>\n<\/div>\n<div id=\"element-body-8\" class=\"sc-136cd478-0 ekTCfV\" readability=\"40\">\n<p>Hadjar, que sali\u00f3 con intermedios, <strong>no logr\u00f3 evitar perder el control de su auto en la \u00faltima curva del circuito y terminar impactando contra la barrera de contenci\u00f3n<\/strong>, dando como resultado da\u00f1os en la suspensi\u00f3n, el aler\u00f3n trasero y la segunda bandera roja de la jornada. Seg\u00fan confirmo Red Bull, el nacido en Par\u00eds se encuentra no sufri\u00f3 ning\u00fan tipo de lesi\u00f3n.<\/p>\n<\/div>\n<div class=\"custom-embedhtml\" id=\"element-body-9\" readability=\"16.692307692308\">\n<blockquote class=\"twitter-tweet\" readability=\"2.6923076923077\">\n<p lang=\"es\" dir=\"ltr\">\ud83d\udea8 HADJAR CONTRA EL MURO!!<a href=\"https:\/\/twitter.com\/Nachez98?ref_src=twsrc%5Etfw\">@Nachez98<\/a> <a href=\"https:\/\/twitter.com\/hashtag\/f1?src=hash&amp;ref_src=twsrc%5Etfw\">#f1<\/a> <a href=\"https:\/\/t.co\/Kx3DhqNd99\">pic.twitter.com\/Kx3DhqNd99<\/a><\/p>\n<p>\u2014 FormulaNacho (@FormulaNacho) <a href=\"https:\/\/twitter.com\/FormulaNacho\/status\/2016183912741900646?ref_src=twsrc%5Etfw\">January 27, 2026<\/a><\/p><\/blockquote><\/div>\n<div id=\"element-body-10\" class=\"sc-136cd478-0 ekTCfV\" readability=\"39\">\n<p>Tras la reanudaci\u00f3n de la sesi\u00f3n, Hamilton aprovech\u00f3 que se encontraba solo para sumar un par de vueltas m\u00e1s. Entonces se produjo otro susto, pero m\u00e1s leve que el anterior, ya que el ingl\u00e9s de 41 a\u00f1os <strong>tuvo un despiste y se fue a la grava<\/strong>. Sin embargo, pudo volver a la pista y retomar el ritmo.<\/p>\n<\/div>\n<div id=\"element-body-11\" class=\"sc-136cd478-0 ekTCfV\" readability=\"35\">\n<p>Este mi\u00e9rcoles, de nuevo con pron\u00f3stico de lluvia, se espera que pocas escuder\u00edas se animen a girar. Hadjar les dio una lecci\u00f3n&#8230;<\/p>\n<\/div>\n<div id=\"element-body-12\" class=\"sc-a7166897-0 eoLsBE\" readability=\"32\">\n<section readability=\"4\"><picture><img alt=\"Sub\u00ed el volumen: con el de Alpine presente, as\u00ed suenan los nuevos motores de la F\u00f3rmula 1 en pista\" loading=\"lazy\" width=\"290\" height=\"290\" decoding=\"async\" data-nimg=\"1\" src=\"http:\/\/cordobadirecto.com\/wp-content\/uploads\/2026\/01\/formula-1-en-barcelona-ferrari-debuto-bajo-la-lluvia-y-un-accidente-freno-el-segundo-dia-de-pruebas-2.jpg\"><\/picture>\n<p><span>Mir\u00e1 tambi\u00e9n<\/span><\/p>\n<hr>\n<h3>Sub\u00ed el volumen: con el de Alpine presente, as\u00ed suenan los nuevos motores de la F\u00f3rmula 1 en pista<\/h3>\n<\/p>\n<\/section>\n<\/div>\n<div id=\"element-body-13\" class=\"sc-a7166897-0 eoLsBE\" readability=\"31\">\n<section readability=\"2\"><picture><img alt=\"La noticia sobre el estado de Michael Schumacher\" loading=\"lazy\" width=\"290\" height=\"290\" decoding=\"async\" data-nimg=\"1\" src=\"http:\/\/cordobadirecto.com\/wp-content\/uploads\/2026\/01\/formula-1-en-barcelona-ferrari-debuto-bajo-la-lluvia-y-un-accidente-freno-el-segundo-dia-de-pruebas-3.jpg\"><\/picture>\n<p><span>Mir\u00e1 tambi\u00e9n<\/span><\/p>\n<hr>\n<h3>La noticia sobre el estado de Michael Schumacher<\/h3>\n<\/p>\n<\/section>\n<\/div>\n<\/div>\n","protected":false},"excerpt":{"rendered":"<p>27\/01\/2026 17:51hs. Actualizado al 27\/01\/2026 18:18hs. Despu\u00e9s de un arranque a pura acci\u00f3n, la F\u00f3rmula 1 baj\u00f3 un par de cambios en Barcelona. Si el primer d\u00eda de pruebas dej\u00f3 movimiento constante, con siete equipos en pista y la presencia de Alpine con Franco Colapinto llev\u00e1ndose buena parte de las miradas, la segunda jornada fue [&hellip;]<\/p>\n","protected":false},"author":1,"featured_media":185405,"comment_status":"closed","ping_status":"closed","sticky":false,"template":"","format":"standard","meta":[],"categories":[21],"tags":[],"_links":{"self":[{"href":"http:\/\/cordobadirecto.com\/index.php\/wp-json\/wp\/v2\/posts\/185404"}],"collection":[{"href":"http:\/\/cordobadirecto.com\/index.php\/wp-json\/wp\/v2\/posts"}],"about":[{"href":"http:\/\/cordobadirecto.com\/index.php\/wp-json\/wp\/v2\/types\/post"}],"author":[{"embeddable":true,"href":"http:\/\/cordobadirecto.com\/index.php\/wp-json\/wp\/v2\/users\/1"}],"replies":[{"embeddable":true,"href":"http:\/\/cordobadirecto.com\/index.php\/wp-json\/wp\/v2\/comments?post=185404"}],"version-history":[{"count":0,"href":"http:\/\/cordobadirecto.com\/index.php\/wp-json\/wp\/v2\/posts\/185404\/revisions"}],"wp:featuredmedia":[{"embeddable":true,"href":"http:\/\/cordobadirecto.com\/index.php\/wp-json\/wp\/v2\/media\/185405"}],"wp:attachment":[{"href":"http:\/\/cordobadirecto.com\/index.php\/wp-json\/wp\/v2\/media?parent=185404"}],"wp:term":[{"taxonomy":"category","embeddable":true,"href":"http:\/\/cordobadirecto.com\/index.php\/wp-json\/wp\/v2\/categories?post=185404"},{"taxonomy":"post_tag","embeddable":true,"href":"http:\/\/cordobadirecto.com\/index.php\/wp-json\/wp\/v2\/tags?post=185404"}],"curies":[{"name":"wp","href":"https:\/\/api.w.org\/{rel}","templated":true}]}}