{"id":185421,"date":"2026-01-28T11:34:02","date_gmt":"2026-01-28T11:34:02","guid":{"rendered":"https:\/\/puntoapunto.com.ar\/?p=381406"},"modified":"2026-01-28T11:34:02","modified_gmt":"2026-01-28T11:34:02","slug":"radiografia-del-comercio-en-cordoba-el-sector-que-mas-empleo-genera-bajo-la-presion-de-una-triple-amenaza","status":"publish","type":"post","link":"http:\/\/cordobadirecto.com\/index.php\/2026\/01\/28\/radiografia-del-comercio-en-cordoba-el-sector-que-mas-empleo-genera-bajo-la-presion-de-una-triple-amenaza\/","title":{"rendered":"Radiograf\u00eda del comercio en C\u00f3rdoba: el sector que m\u00e1s empleo genera, bajo la presi\u00f3n de una \u201ctriple amenaza\u201d"},"content":{"rendered":"<p data-start=\"228\" data-end=\"654\">El sector de<strong> Comercio y Servicios se consolida como el principal motor de la econom\u00eda de C\u00f3rdoba<\/strong>, aunque enfrenta un escenario de desaceleraci\u00f3n, cierre de empresas y fuertes desaf\u00edos estructurales. As\u00ed lo revela un informe elaborado por la<a href=\"https:\/\/camcomcba.com.ar\/\"> C\u00e1mara de Comercio de C\u00f3rdoba<\/a> que combina datos econ\u00f3micos oficiales con un relevamiento de expectativas empresarias en la capital provincial.<!-- \u00a1O bien no hay banners, estan desactivados o no estan programados para esta ubicaci\u00f3n! -->\n<\/p>\n<p data-start=\"228\" data-end=\"654\">El informe confirma el peso estructural del sector: representa el <strong data-start=\"722\" data-end=\"767\">39,6% del Producto Bruto Geogr\u00e1fico (PBG)<\/strong> de la provincia, genera <strong data-start=\"792\" data-end=\"834\">el 45,9% del empleo privado registrado<\/strong> \u2014m\u00e1s de <strong data-start=\"843\" data-end=\"873\">254 mil puestos de trabajo<\/strong>\u2014 y concentra <strong data-start=\"887\" data-end=\"926\">el 58,1% de las empresas cordobesas<\/strong>, con casi <strong data-start=\"937\" data-end=\"962\">34 mil firmas activas<\/strong>. Ninguna otra actividad tiene una incidencia tan marcada en la estructura productiva provincial.\n<\/p>\n<p data-start=\"228\" data-end=\"654\">Sin embargo, detr\u00e1s de esa magnitud aparecen se\u00f1ales de alarma. Aunque el Valor Agregado Bruto (VAB) del comercio y los servicios en C\u00f3rdoba creci\u00f3 <strong data-start=\"1247\" data-end=\"1275\">5,7% en la \u00faltima d\u00e9cada<\/strong>, por encima del promedio nacional (4,7%), el desempe\u00f1o qued\u00f3 por debajo de otras provincias de la Regi\u00f3n Centro, como Santa Fe y Entre R\u00edos. A esto se suma un dato sensible: <strong data-start=\"1450\" data-end=\"1516\">la cantidad de empresas del sector cay\u00f3 5,8% entre 2014 y 2023<\/strong>, una baja m\u00e1s profunda que la media nacional (-1,9%) y superior a la registrada en distritos como Buenos Aires o CABA.\n<\/p>\n<p data-start=\"228\" data-end=\"654\">En materia de <a href=\"https:\/\/puntoapunto.com.ar\/alarma-social-en-la-era-milei-el-60-ve-mal-la-economia-y-el-70-desconfia-del-empleo\/\">empleo<\/a>, el sector mostr\u00f3 mayor resiliencia. El trabajo registrado en comercio y servicios creci\u00f3 <strong data-start=\"1786\" data-end=\"1823\">5,7% en C\u00f3rdoba entre 2014 y 2024<\/strong>, un desempe\u00f1o que supera al de provincias vecinas como Santa Fe y Entre R\u00edos, aunque se ubica levemente por debajo del promedio nacional. Esto evidencia que, pese a la p\u00e9rdida de empresas, el sector contin\u00faa siendo un sost\u00e9n clave del mercado laboral formal.\n<\/p>\n<p data-start=\"228\" data-end=\"654\"><img decoding=\"async\" class=\"aligncenter size-full wp-image-381408\" src=\"http:\/\/cordobadirecto.com\/wp-content\/uploads\/2026\/01\/radiografia-del-comercio-en-cordoba-el-sector-que-mas-empleo-genera-bajo-la-presion-de-una-triple-amenaza.jpg\" alt width=\"915\" height=\"465\" srcset=\"http:\/\/cordobadirecto.com\/wp-content\/uploads\/2026\/01\/radiografia-del-comercio-en-cordoba-el-sector-que-mas-empleo-genera-bajo-la-presion-de-una-triple-amenaza.jpg 915w, http:\/\/cordobadirecto.com\/wp-content\/uploads\/2026\/01\/radiografia-del-comercio-en-cordoba-el-sector-que-mas-empleo-genera-bajo-la-presion-de-una-triple-amenaza-3.jpg 300w, http:\/\/cordobadirecto.com\/wp-content\/uploads\/2026\/01\/radiografia-del-comercio-en-cordoba-el-sector-que-mas-empleo-genera-bajo-la-presion-de-una-triple-amenaza-4.jpg 768w, http:\/\/cordobadirecto.com\/wp-content\/uploads\/2026\/01\/radiografia-del-comercio-en-cordoba-el-sector-que-mas-empleo-genera-bajo-la-presion-de-una-triple-amenaza-5.jpg 750w\" sizes=\"(max-width: 915px) 100vw, 915px\" loading=\"lazy\"><!-- \u00a1O bien no hay banners, estan desactivados o no estan programados para esta ubicaci\u00f3n! -->\n<\/p>\n<p data-start=\"228\" data-end=\"654\"><strong data-start=\"2126\" data-end=\"2172\">La \u201ctriple amenaza\u201d que preocupa al sector<\/strong><\/p>\n<p data-start=\"2174\" data-end=\"2518\">El relevamiento cualitativo, basado en <strong data-start=\"2213\" data-end=\"2260\">417 encuestas a empresas de C\u00f3rdoba Capital<\/strong>, aporta la mirada directa de los comerciantes y prestadores de servicios. All\u00ed surge con fuerza lo que el estudio define como la <strong data-start=\"2390\" data-end=\"2410\">\u201ctriple amenaza\u201d<\/strong>: ca\u00edda del consumo, aumento de costos e incertidumbre macroecon\u00f3mica.\n<\/p>\n<p data-start=\"2174\" data-end=\"2518\">Entre las principales dificultades se\u00f1aladas por los empresarios aparecen la <strong data-start=\"2597\" data-end=\"2617\">carga impositiva<\/strong> y la <strong data-start=\"2623\" data-end=\"2645\">baja en las ventas<\/strong>, ambas mencionadas por el 57% de los consultados, seguidas por la <strong data-start=\"2712\" data-end=\"2753\">competencia desleal y la informalidad<\/strong>. Estos factores configuran un contexto que condiciona la rentabilidad y limita las decisiones de expansi\u00f3n.\n<\/p>\n<p data-start=\"2174\" data-end=\"2518\"><img loading=\"lazy\" decoding=\"async\" class=\"aligncenter size-full wp-image-381409\" src=\"http:\/\/cordobadirecto.com\/wp-content\/uploads\/2026\/01\/radiografia-del-comercio-en-cordoba-el-sector-que-mas-empleo-genera-bajo-la-presion-de-una-triple-amenaza-1.jpg\" alt width=\"943\" height=\"483\" srcset=\"http:\/\/cordobadirecto.com\/wp-content\/uploads\/2026\/01\/radiografia-del-comercio-en-cordoba-el-sector-que-mas-empleo-genera-bajo-la-presion-de-una-triple-amenaza-1.jpg 943w, http:\/\/cordobadirecto.com\/wp-content\/uploads\/2026\/01\/radiografia-del-comercio-en-cordoba-el-sector-que-mas-empleo-genera-bajo-la-presion-de-una-triple-amenaza-6.jpg 300w, http:\/\/cordobadirecto.com\/wp-content\/uploads\/2026\/01\/radiografia-del-comercio-en-cordoba-el-sector-que-mas-empleo-genera-bajo-la-presion-de-una-triple-amenaza-7.jpg 768w, http:\/\/cordobadirecto.com\/wp-content\/uploads\/2026\/01\/radiografia-del-comercio-en-cordoba-el-sector-que-mas-empleo-genera-bajo-la-presion-de-una-triple-amenaza-8.jpg 750w\" sizes=\"auto, (max-width: 943px) 100vw, 943px\">\n<\/p>\n<p data-start=\"2174\" data-end=\"2518\"><strong data-start=\"2905\" data-end=\"2954\">Expectativas divididas y cautela en el empleo<\/strong>\n<\/p>\n<p data-start=\"2956\" data-end=\"3269\">De cara a los pr\u00f3ximos 12 meses, las expectativas muestran un panorama de prudencia. Un <strong data-start=\"3044\" data-end=\"3100\">38% de los empresarios cree que las ventas mejorar\u00e1n<\/strong>, pero un <strong data-start=\"3110\" data-end=\"3154\">37% considera que se mantendr\u00e1n estables<\/strong>, lo que refleja una percepci\u00f3n de estancamiento para buena parte del sector.\n<\/p>\n<p data-start=\"2956\" data-end=\"3269\">La cautela tambi\u00e9n se traslada a las decisiones de crecimiento: <strong data-start=\"3335\" data-end=\"3371\">el 42% tiene planes de inversi\u00f3n<\/strong>, pero solo <strong data-start=\"3383\" data-end=\"3426\">el 28% prev\u00e9 contratar nuevos empleados<\/strong>. Es decir, hay mayor predisposici\u00f3n a fortalecer el capital f\u00edsico que a ampliar las plantillas laborales, una se\u00f1al de moderaci\u00f3n frente a la incertidumbre.\n<\/p>\n<p data-start=\"2956\" data-end=\"3269\">En cuanto a las demandas hacia el entorno econ\u00f3mico, el pedido m\u00e1s contundente es la <strong data-start=\"3709\" data-end=\"3745\">reducci\u00f3n de la carga impositiva<\/strong>, mencionada por siete de cada diez empresarios como la medida m\u00e1s necesaria para fortalecer la actividad, por encima incluso del acceso al financiamiento o de programas de promoci\u00f3n del consumo.\n<\/p>\n<p data-start=\"2956\" data-end=\"3269\"><img loading=\"lazy\" decoding=\"async\" class=\"aligncenter size-full wp-image-381407\" src=\"http:\/\/cordobadirecto.com\/wp-content\/uploads\/2026\/01\/radiografia-del-comercio-en-cordoba-el-sector-que-mas-empleo-genera-bajo-la-presion-de-una-triple-amenaza-2.jpg\" alt width=\"869\" height=\"432\" srcset=\"http:\/\/cordobadirecto.com\/wp-content\/uploads\/2026\/01\/radiografia-del-comercio-en-cordoba-el-sector-que-mas-empleo-genera-bajo-la-presion-de-una-triple-amenaza-2.jpg 869w, http:\/\/cordobadirecto.com\/wp-content\/uploads\/2026\/01\/radiografia-del-comercio-en-cordoba-el-sector-que-mas-empleo-genera-bajo-la-presion-de-una-triple-amenaza-9.jpg 300w, http:\/\/cordobadirecto.com\/wp-content\/uploads\/2026\/01\/radiografia-del-comercio-en-cordoba-el-sector-que-mas-empleo-genera-bajo-la-presion-de-una-triple-amenaza-10.jpg 768w, http:\/\/cordobadirecto.com\/wp-content\/uploads\/2026\/01\/radiografia-del-comercio-en-cordoba-el-sector-que-mas-empleo-genera-bajo-la-presion-de-una-triple-amenaza-11.jpg 360w, http:\/\/cordobadirecto.com\/wp-content\/uploads\/2026\/01\/radiografia-del-comercio-en-cordoba-el-sector-que-mas-empleo-genera-bajo-la-presion-de-una-triple-amenaza-12.jpg 750w\" sizes=\"auto, (max-width: 869px) 100vw, 869px\">\n<\/p>\n<p data-start=\"2956\" data-end=\"3269\"><strong data-start=\"3984\" data-end=\"4039\">Un motor clave que pide condiciones para sostenerse<\/strong>\n<\/p>\n<p data-start=\"4041\" data-end=\"4414\">La radiograf\u00eda muestra un sector que sigue siendo el gran empleador y uno de los pilares productivos de C\u00f3rdoba, pero que avanza en un terreno de menor dinamismo relativo y con p\u00e9rdida de tejido empresarial. La combinaci\u00f3n de presi\u00f3n fiscal, consumo debilitado y costos en alza plantea un desaf\u00edo central para la competitividad de miles de pymes comerciales y de servicios.\n<\/p>\n<p data-start=\"4416\" data-end=\"4742\">El diagn\u00f3stico final es claro: el comercio y los servicios contin\u00faan sosteniendo buena parte de la actividad econ\u00f3mica provincial, pero necesitan un entorno m\u00e1s previsible y alivios estructurales para evitar que las se\u00f1ales de alerta se transformen en un freno m\u00e1s profundo al desarrollo\n<\/p>\n<div class=\"g g-38\">\n<div class=\"g-dyn a-12 c-1\"><a class=\"gofollow\" data-track=\"MTIsMzgsNjA=\" href=\"https:\/\/hospitalprivado.com.ar\/\" target=\"_blank\" rel=\"noopener\"><img src=\"http:\/\/cordobadirecto.com\/wp-content\/uploads\/2026\/01\/radiografia-del-comercio-en-cordoba-el-sector-que-mas-empleo-genera-bajo-la-presion-de-una-triple-amenaza.gif\" loading=\"lazy\"><\/a><\/div>\n<\/div>\n","protected":false},"excerpt":{"rendered":"<p>El sector de Comercio y Servicios se consolida como el principal motor de la econom\u00eda de C\u00f3rdoba, aunque enfrenta un escenario de desaceleraci\u00f3n, cierre de empresas y fuertes desaf\u00edos estructurales. As\u00ed lo revela un informe elaborado por la C\u00e1mara de Comercio de C\u00f3rdoba que combina datos econ\u00f3micos oficiales con un relevamiento de expectativas empresarias en [&hellip;]<\/p>\n","protected":false},"author":1,"featured_media":185422,"comment_status":"closed","ping_status":"closed","sticky":false,"template":"","format":"standard","meta":[],"categories":[25],"tags":[],"_links":{"self":[{"href":"http:\/\/cordobadirecto.com\/index.php\/wp-json\/wp\/v2\/posts\/185421"}],"collection":[{"href":"http:\/\/cordobadirecto.com\/index.php\/wp-json\/wp\/v2\/posts"}],"about":[{"href":"http:\/\/cordobadirecto.com\/index.php\/wp-json\/wp\/v2\/types\/post"}],"author":[{"embeddable":true,"href":"http:\/\/cordobadirecto.com\/index.php\/wp-json\/wp\/v2\/users\/1"}],"replies":[{"embeddable":true,"href":"http:\/\/cordobadirecto.com\/index.php\/wp-json\/wp\/v2\/comments?post=185421"}],"version-history":[{"count":0,"href":"http:\/\/cordobadirecto.com\/index.php\/wp-json\/wp\/v2\/posts\/185421\/revisions"}],"wp:featuredmedia":[{"embeddable":true,"href":"http:\/\/cordobadirecto.com\/index.php\/wp-json\/wp\/v2\/media\/185422"}],"wp:attachment":[{"href":"http:\/\/cordobadirecto.com\/index.php\/wp-json\/wp\/v2\/media?parent=185421"}],"wp:term":[{"taxonomy":"category","embeddable":true,"href":"http:\/\/cordobadirecto.com\/index.php\/wp-json\/wp\/v2\/categories?post=185421"},{"taxonomy":"post_tag","embeddable":true,"href":"http:\/\/cordobadirecto.com\/index.php\/wp-json\/wp\/v2\/tags?post=185421"}],"curies":[{"name":"wp","href":"https:\/\/api.w.org\/{rel}","templated":true}]}}