{"id":185560,"date":"2026-01-29T22:33:05","date_gmt":"2026-01-29T22:33:05","guid":{"rendered":"https:\/\/www.ole.com.ar\/futbol-ascenso\/marcelo-achile-defensores-belgrano-primera-nacional_0_IGwFapGCkr.html"},"modified":"2026-01-29T22:33:05","modified_gmt":"2026-01-29T22:33:05","slug":"marcelo-achile-con-ole-no-gastar-mas-de-lo-que-nos-entra-esa-es-nuestra-formula","status":"publish","type":"post","link":"http:\/\/cordobadirecto.com\/index.php\/2026\/01\/29\/marcelo-achile-con-ole-no-gastar-mas-de-lo-que-nos-entra-esa-es-nuestra-formula\/","title":{"rendered":"Marcelo Achile, con Ol\u00e9: &#8220;No gastar m\u00e1s de lo que nos entra, esa es nuestra f\u00f3rmula&#8221;"},"content":{"rendered":"<p><time class=\"createDate\" datetime=\"2026-01-29T18:47:17-03:00\">29\/01\/2026 18:47hs.<\/time><\/p>\n<div id=\"storyBody\">\n<div id=\"element-body-0\" class=\"sc-136cd478-0 ekTCfV\" readability=\"34.265356265356\">\n<p>El 2026 arranc\u00f3 con un <strong>momento hist\u00f3rico para los hinchas de <a href=\"https:\/\/www.ole.com.ar\/tema\/defensores-de-belgrano.html\" title=\"Defensores de Belgrano\" alt=\"Defensores de Belgrano\" class=\"slug\">Defensores de Belgrano<\/a><\/strong>. Un club que <strong>no ten\u00eda elecciones hace casi medio siglo<\/strong>, fue a los comicios y <strong>eligi\u00f3 presidente despu\u00e9s de 47 a\u00f1os<\/strong>. La <strong>victoria fue de <a href=\"https:\/\/www.ole.com.ar\/tema\/marcelo-achile.html\" title=\"Marcelo Achile\" alt=\"Marcelo Achile\" class=\"slug\">Marcelo Achile<\/a><\/strong>, con un abultado resultado del <strong>\u00a178%! de los votos<\/strong>. <strong><a href=\"https:\/\/www.ole.com.ar\/tema\/ole.html\" title=\"Ol\u00e9\" alt=\"Ol\u00e9\" class=\"slug\">Ol\u00e9<\/a><\/strong> habl\u00f3 con el reelecto mandam\u00e1s sobre las <strong>sensaciones de la victoria, los proyectos con el club y m\u00e1s<\/strong>. Mir\u00e1.<\/p>\n<\/div>\n<p><h2>Marcelo Achile, con Ol\u00e9<\/h2>\n<\/p>\n<div id=\"element-body-2\" class=\"sc-136cd478-0 ekTCfV\" readability=\"35\">\n<p><strong>-Fue algo hist\u00f3rico lo que pas\u00f3 en el club, unas elecciones despu\u00e9s de 50 a\u00f1os, \u00bfqu\u00e9 se sinti\u00f3 ser parte de eso?<\/strong><\/p>\n<\/div>\n<div id=\"element-body-3\" class=\"sc-136cd478-0 ekTCfV\" readability=\"44\">\n<p>-Participar en las elecciones despu\u00e9s de tantos a\u00f1os tanto el socio, como el hincha y nosotros lo vivimos con mucha emoci\u00f3n, fue algo maravilloso, hab\u00eda muchas ganas de participar. Ser candidato a presidente en unas elecciones as\u00ed, es un orgullo enorme. Te compromete y te activa aun m\u00e1s para el futuro, te hace tener mas ganas de renovar toda la fe, el trabajo, la voluntad y, sobre todo, no defraudar a la gente que particip\u00f3 en este acto eleccionario.<\/p>\n<\/div>\n<div id=\"element-body-4\" class=\"sc-136cd478-0 ekTCfV\" readability=\"33\">\n<p><strong>-El resultado, \u00bfte sorprendi\u00f3?. Ganar con casi el 80% de los votos no pasa todos los d\u00edas.<\/strong><\/p>\n<\/div>\n<div id=\"element-body-5\" class=\"sc-136cd478-0 ekTCfV\" readability=\"36\">\n<p>-El resultado no me sorprendi\u00f3. Sab\u00edamos que ten\u00edamos la inmensa cantidad de gente, la mayor\u00eda era nuestra. Capaz dec\u00edamos que \u00edbamos a tener el 75%, pero tuvimos casi el 80. Sabemos lo que la gente piensa y sabemos que nos acompa\u00f1an.<\/p>\n<\/div>\n<div id=\"element-body-6\" class=\"sc-136cd478-0 ekTCfV\" readability=\"32\">\n<p><strong>-\u00bfY por qu\u00e9 cre\u00e9s que el socio se identifica tanto con vos?<\/strong><\/p>\n<\/div>\n<div id=\"element-body-7\" class=\"sc-136cd478-0 ekTCfV\" readability=\"44\">\n<p>-Yo creo que es porque en el a\u00f1o 96, cuando asum\u00ed, era un momento muy cr\u00edtico de Defensores. Parec\u00eda que estaba a punto de desaparecer, no ten\u00eda sponsors y hasta hab\u00eda una propuesta para llevar el predio a otro lado. Y nosotros dijimos que no a una propuesta muy compleja, que lleg\u00f3 a dividir familias. La verdad que el sentimiento, el orgullo barrial, el sentido de pertenencia y los valores que vivimos en el club son innegociables. Por suerte pudimos sacar el club adelante. Hab\u00eda gente que no nos ten\u00eda fe, pero dejamos el coraz\u00f3n y la vida por Defensores, y eso lo ve la gente. Creo que lo reconocen y se ve en este momento con el voto, es un mimo al alma. Estoy muy feliz con todo lo que pas\u00f3.<\/p>\n<\/div>\n<div class=\"sc-e7b891c4-0 ifHnQL image-embed\" id=\"element-body-8\"><img alt=\"Marcelo Achile en el estadio de Defensores de Belgrano.\" loading=\"lazy\" width=\"720\" height=\"100\" decoding=\"async\" data-nimg=\"1\" src=\"http:\/\/cordobadirecto.com\/wp-content\/uploads\/2026\/01\/marcelo-achile-con-ole-no-gastar-mas-de-lo-que-nos-entra-esa-es-nuestra-formula.jpg\"><span class=\"epigraphe\">Marcelo Achile en el estadio de Defensores de Belgrano.<\/span><\/div>\n<div id=\"element-body-9\" class=\"sc-136cd478-0 ekTCfV\" readability=\"32\">\n<p><strong>-\u00bfQu\u00e9 proyectos ten\u00e9s para el corto plazo luego de la elecci\u00f3n? \u00bfY para el largo?<\/strong><\/p>\n<\/div>\n<div id=\"element-body-10\" class=\"sc-136cd478-0 ekTCfV\" readability=\"42\">\n<p>-Para el corto plazo, tenemos para hacer un lugar todav\u00eda est\u00e1 sin arreglar, lo vamos a convertir en un play\u00f3n deportivo multiuso, que es una de las cosas que prometimos en campa\u00f1a. Tambi\u00e9n vamos a meter la Tienda Defe en un local que da a la calle, vamos a hacer la construcci\u00f3n de canchas de p\u00e1del y vamos a ir por la infraestructura, seguir mejorando el predio de Cardales, pese a que est\u00e9 muy bien, seguir mejor\u00e1ndolo para el plantel profesional y las divisiones inferiores.<\/p>\n<\/div>\n<div id=\"element-body-11\" class=\"sc-136cd478-0 ekTCfV\" readability=\"40\">\n<p>Para el largo plazo, la verdad que nosotros estamos afianzados en la Primera Nacional, pero el sue\u00f1o en alg\u00fan momento es estar en la Primera y nos estamos preparando para ello. Construimos unos palcos que vamos a disfrutar, ojal\u00e1 poder hacerlo subiendo un escal\u00f3n m\u00e1s. Otro proyecto es quiz\u00e1s modificar las luces, pero bueno, son a largo plazo.<\/p>\n<\/div>\n<div id=\"element-body-12\" class=\"sc-136cd478-0 ekTCfV\" readability=\"32\">\n<p><strong>-\u00bfC\u00f3mo es la relaci\u00f3n con AFA?<\/strong><\/p>\n<\/div>\n<div id=\"element-body-13\" class=\"sc-136cd478-0 ekTCfV\" readability=\"33.798561151079\">\n<p>-La relaci\u00f3n con <a href=\"https:\/\/www.ole.com.ar\/tema\/afa.html\" title=\"afa\" alt=\"afa\" class=\"slug\">AFA<\/a>, es muy buena. Soy amigo de <a href=\"https:\/\/www.ole.com.ar\/tema\/claudio-chiqui-tapia.html\" title=\"Claudio Chiqui Tapia\" alt=\"Claudio Chiqui Tapia\" class=\"slug\">Chiqui<\/a> y tambi\u00e9n de <a href=\"https:\/\/www.ole.com.ar\/tema\/pablo-toviggino.html\" title=\"Pablo Toviggino\" alt=\"Pablo Toviggino\" class=\"slug\">Toviggino<\/a>. Ser el presidente de la Primera Nacional me significa un compromiso especial con la asociaci\u00f3n. Estamos codo a codo para sacar adelante una embestida compleja del gobierno y de algunos diarios que constantemente asedian contra la conducci\u00f3n del F\u00fatbol Argentino. Siempre se demuestra en el d\u00eda a d\u00eda la uni\u00f3n que tenemos todos bajo la conducci\u00f3n de Tapia y Toviggino. Estamos bien y estamos preparados para asumir otro campeonato hermoso que es esta <a href=\"https:\/\/www.ole.com.ar\/tema\/primera-nacional.html\" title=\"Primera Nacional\" alt=\"Primera Nacional\" class=\"slug\">Primera Nacional<\/a>.<\/p>\n<\/div>\n<div class=\"sc-e7b891c4-0 ifHnQL image-embed\" id=\"element-body-14\"><img alt=\"Achile es el presidente de la Primera Nacional.\" loading=\"lazy\" width=\"720\" height=\"100\" decoding=\"async\" data-nimg=\"1\" src=\"http:\/\/cordobadirecto.com\/wp-content\/uploads\/2026\/01\/marcelo-achile-con-ole-no-gastar-mas-de-lo-que-nos-entra-esa-es-nuestra-formula-1.jpg\"><span class=\"epigraphe\">Achile es el presidente de la Primera Nacional.<\/span><\/div>\n<div id=\"element-body-15\" class=\"sc-136cd478-0 ekTCfV\" readability=\"32\">\n<p><strong>-\u00bfC\u00f3mo se logra una estabilidad econ\u00f3mica y no tener deudas en el f\u00fatbol argentino?<\/strong><\/p>\n<\/div>\n<div id=\"element-body-16\" class=\"sc-136cd478-0 ekTCfV\" readability=\"41\">\n<p>-Somos un club que no debemos plata, siempre estuvimos ordenados, nunca hipotecamos el club por un presupuesto para poder pelear un poco m\u00e1s arriba. Nosotros no gastamos m\u00e1s de lo que nos entra, y cuando tenemos la oportunidad de hacer una venta de alg\u00fan jugador, tenemos la capacidad de ahorrar y de volcarlo en el club. No gastar m\u00e1s de lo que nos entra, esa es nuestra f\u00f3rmula. Aunque no nos vaya bien futbol\u00edsticamente, nunca vamos a hipotecar el club.<\/p>\n<\/div>\n<div id=\"element-body-17\" class=\"sc-136cd478-0 ekTCfV\" readability=\"32\">\n<p><strong>-\u00bfC\u00f3mo pens\u00e1s que evolucion\u00f3 el club en los \u00faltimos a\u00f1os<\/strong>?<\/p>\n<\/div>\n<div id=\"element-body-18\" class=\"sc-136cd478-0 ekTCfV\" readability=\"42\">\n<p>-La evoluci\u00f3n de club fue notoria y est\u00e1 muy bien por donde lo mires, econ\u00f3mica o institucionalmente. Hemos sido protagonistas de los \u00faltimos cuatro campeonatos, la verdad que estamos bien, tenemos nuestras concesiones, nuestros sponsors, nuestro predio en Cardales, nuestro club en Comodoro Rivadavia y Libertador. Estamos muy bien, pero a su vez nos estamos preparand para ser un poco m\u00e1s.<\/p>\n<\/div>\n<div id=\"element-body-19\" class=\"sc-136cd478-0 ekTCfV\" readability=\"32\">\n<p><strong>-\u00bfC\u00f3mo ves al equipo para este a\u00f1o?<\/strong><\/p>\n<\/div>\n<div id=\"element-body-20\" class=\"sc-136cd478-0 ekTCfV\" readability=\"48\">\n<p>-Este a\u00f1o yo veo al equipo con ganas, con voluntad de ser protagonista, con la vuelta del t\u00e9cnico que nos hizo subir de la Primera B al Nacional, tiene conscenso con la gente, despu\u00e9s el futbol es futbol, pero creemos que tenemos un equipo para ser protagonista este a\u00f1o. Estoy muy orgulloso, ya son 30 a\u00f1os como presidente, la vida me hizo tener una gran experiencia en instituciones deportivas, conocimientos administrativos, de legislar. Con el conocimiento, uno va madurando en la gesti\u00f3n y creo que yo lo vuelco con todos mis compa\u00f1eros y tratamos de hacer una Primera Nacional con excelencia. A veces algunos opinan sin saber lo que es el esfuerzo y sin saber todo lo que significa la categor\u00eda, y el orgullo que tenemos los dirigentes de jugar este gran campeonato, la segunda categor\u00eda de la federaci\u00f3n campeona del mundo, as\u00ed que esperemos tener un gran campeonato.<\/p>\n<\/div>\n<div id=\"element-body-21\" class=\"sc-a7166897-0 eoLsBE\" readability=\"31\">\n<section readability=\"2\"><picture><img alt=\"All Boys refuerza su plantel con el regreso de Ricardo Blanco\" loading=\"lazy\" width=\"290\" height=\"290\" decoding=\"async\" data-nimg=\"1\" src=\"http:\/\/cordobadirecto.com\/wp-content\/uploads\/2026\/01\/marcelo-achile-con-ole-no-gastar-mas-de-lo-que-nos-entra-esa-es-nuestra-formula-2.jpg\"><\/picture>\n<p><span>Mir\u00e1 tambi\u00e9n<\/span><\/p>\n<hr>\n<h3>All Boys refuerza su plantel con el regreso de Ricardo Blanco<\/h3>\n<\/p>\n<\/section>\n<\/div>\n<div id=\"element-body-22\" class=\"sc-a7166897-0 eoLsBE\" readability=\"31\">\n<section readability=\"2\"><picture><img alt=\"El jugador que debut\u00f3 con Bianchi y tendr\u00e1 otra chance en el Ascenso \" loading=\"lazy\" width=\"290\" height=\"290\" decoding=\"async\" data-nimg=\"1\" src=\"http:\/\/cordobadirecto.com\/wp-content\/uploads\/2026\/01\/marcelo-achile-con-ole-no-gastar-mas-de-lo-que-nos-entra-esa-es-nuestra-formula-3.jpg\"><\/picture>\n<p><span>Mir\u00e1 tambi\u00e9n<\/span><\/p>\n<hr>\n<h3>El jugador que debut\u00f3 con Bianchi y tendr\u00e1 otra chance en el Ascenso <\/h3>\n<\/p>\n<\/section>\n<\/div>\n<div id=\"element-body-23\" class=\"sc-a7166897-0 eoLsBE\" readability=\"31.5\">\n<section readability=\"3\"><picture><img alt=\"La novela de Kevin L\u00f3pez: se cay\u00f3 su pase a Instituto y se quedar\u00e1 en Independiente \" loading=\"lazy\" width=\"290\" height=\"290\" decoding=\"async\" data-nimg=\"1\" src=\"http:\/\/cordobadirecto.com\/wp-content\/uploads\/2026\/01\/marcelo-achile-con-ole-no-gastar-mas-de-lo-que-nos-entra-esa-es-nuestra-formula-4.jpg\"><\/picture>\n<p><span>Mir\u00e1 tambi\u00e9n<\/span><\/p>\n<hr>\n<h3>La novela de Kevin L\u00f3pez: se cay\u00f3 su pase a Instituto y se quedar\u00e1 en Independiente <\/h3>\n<\/p>\n<\/section>\n<\/div>\n<\/div>\n","protected":false},"excerpt":{"rendered":"<p>29\/01\/2026 18:47hs. El 2026 arranc\u00f3 con un momento hist\u00f3rico para los hinchas de Defensores de Belgrano. Un club que no ten\u00eda elecciones hace casi medio siglo, fue a los comicios y eligi\u00f3 presidente despu\u00e9s de 47 a\u00f1os. La victoria fue de Marcelo Achile, con un abultado resultado del \u00a178%! de los votos. Ol\u00e9 habl\u00f3 con [&hellip;]<\/p>\n","protected":false},"author":1,"featured_media":185561,"comment_status":"closed","ping_status":"closed","sticky":false,"template":"","format":"standard","meta":[],"categories":[21],"tags":[],"_links":{"self":[{"href":"http:\/\/cordobadirecto.com\/index.php\/wp-json\/wp\/v2\/posts\/185560"}],"collection":[{"href":"http:\/\/cordobadirecto.com\/index.php\/wp-json\/wp\/v2\/posts"}],"about":[{"href":"http:\/\/cordobadirecto.com\/index.php\/wp-json\/wp\/v2\/types\/post"}],"author":[{"embeddable":true,"href":"http:\/\/cordobadirecto.com\/index.php\/wp-json\/wp\/v2\/users\/1"}],"replies":[{"embeddable":true,"href":"http:\/\/cordobadirecto.com\/index.php\/wp-json\/wp\/v2\/comments?post=185560"}],"version-history":[{"count":0,"href":"http:\/\/cordobadirecto.com\/index.php\/wp-json\/wp\/v2\/posts\/185560\/revisions"}],"wp:featuredmedia":[{"embeddable":true,"href":"http:\/\/cordobadirecto.com\/index.php\/wp-json\/wp\/v2\/media\/185561"}],"wp:attachment":[{"href":"http:\/\/cordobadirecto.com\/index.php\/wp-json\/wp\/v2\/media?parent=185560"}],"wp:term":[{"taxonomy":"category","embeddable":true,"href":"http:\/\/cordobadirecto.com\/index.php\/wp-json\/wp\/v2\/categories?post=185560"},{"taxonomy":"post_tag","embeddable":true,"href":"http:\/\/cordobadirecto.com\/index.php\/wp-json\/wp\/v2\/tags?post=185560"}],"curies":[{"name":"wp","href":"https:\/\/api.w.org\/{rel}","templated":true}]}}