{"id":185568,"date":"2026-01-29T22:25:37","date_gmt":"2026-01-29T22:25:37","guid":{"rendered":"https:\/\/cordoba.gob.ar\/?p=85368"},"modified":"2026-01-29T22:25:37","modified_gmt":"2026-01-29T22:25:37","slug":"vecinos-y-vecinas-de-ampliacion-empalme-ya-disfrutan-de-la-renovada-plaza-san-jose-obrero-y-de-un-nuevo-polideportivo-social","status":"publish","type":"post","link":"http:\/\/cordobadirecto.com\/index.php\/2026\/01\/29\/vecinos-y-vecinas-de-ampliacion-empalme-ya-disfrutan-de-la-renovada-plaza-san-jose-obrero-y-de-un-nuevo-polideportivo-social\/","title":{"rendered":"Vecinos y vecinas de Ampliaci\u00f3n Empalme ya disfrutan de la renovada Plaza San Jos\u00e9 Obrero y de un nuevo Polideportivo Social"},"content":{"rendered":"<div><img src=\"http:\/\/cordobadirecto.com\/wp-content\/uploads\/2026\/01\/vecinos-y-vecinas-de-ampliacion-empalme-ya-disfrutan-de-la-renovada-plaza-san-jose-obrero-y-de-un-nuevo-polideportivo-social.jpg\" class=\"ff-og-image-inserted\"><\/div>\n<ul>\n<li><strong>Passerini y Prunotto inauguraron ambos espacios recreativos ubicados en la misma manzana de la zona sureste.<\/strong><\/li>\n<li><strong>La plaza recuperada por el municipio cuenta con equipamiento saludable, urbano y espec\u00edfico para la tercera edad.<\/strong><\/li>\n<li><strong>En el lugar, el Gobierno Provincial construy\u00f3 el Polideportivo Social N\u00b075 de C\u00f3rdoba Capital.<\/strong><\/li>\n<\/ul>\n<hr>\n<p>El intendente de la ciudad de C\u00f3rdoba, Daniel Passerini, inaugur\u00f3 junto a la vicegobernadora, Myrian Prunotto, la puesta en valor de la plaza San Jos\u00e9 Obrero y el flamante Polideportivo Social de barrio Ampliaci\u00f3n Empalme.<\/p>\n<p>\u201cGracias por venir a celebrar esto que ya es habitual: que nos encontremos para hacer cosas buenas para nuestra C\u00f3rdoba. Estamos inaugurando obras en los barrios que, a partir de ahora, son patrimonio de la gente. En un momento donde hay tanto odio y se quiere destruir al otro, en C\u00f3rdoba garantizamos que el odio no va a pasar. C\u00f3rdoba es tierra de amor y encuentro\u201d, expres\u00f3 Passerini, en reconocimiento a los vecinos y vecinas.<\/p>\n<p>\u201cEste es un terreno municipal que, junto a Mart\u00edn, nos comprometimos para construir un polideportivo y poner en valor la plaza. Por suerte tenemos a un gobernador que trabaja codo a codo en cada lugar de la provincia con los intendentes y las instituciones, haciendo obras con la gente y para la gente. Trabajemos juntos porque C\u00f3rdoba es lo \u00fanico importante\u201d, a\u00f1adi\u00f3 el intendente, haciendo alusi\u00f3n al trabajo conjunto con el Gobierno Provincial.<\/p>\n<p>Ambos espacios se encuentran en el mismo predio de 6.670 metros cuadrados, ubicados en el cuadrante de Chamical, Blas Rosales, Soto y Jun\u00edn: un hito para los vecinos de la zona sureste de la ciudad de C\u00f3rdoba, que podr\u00e1n disfrutar de este renovado punto para la recreaci\u00f3n, el deporte y el esparcimiento.<\/p>\n<p>\u201cEn este tiempo dif\u00edcil con mucha agresividad, este tiene que ser un lugar de encuentro, paz y armon\u00eda. Agradezco al intendente, Daniel Passerini, porque este es el resultado de trabajar articuladamente entre el Gobierno Municipal y el Gobierno Provincial\u201d, expres\u00f3 por su parte la vicegobernadora, Myrian Prunotto.<\/p>\n<p>Del acto participaron la ministra de Desarrollo Social y Promoci\u00f3n del Empleo, Laura Jure; su par de Vinculaci\u00f3n y Gesti\u00f3n Institucional, Miguel Siciliano; los presidentes de la Agencia C\u00f3rdoba Deportes, Agust\u00edn Calleri; de la Agencia C\u00f3rdoba Cultura, Marcelo Rodio; de la Agencia C\u00f3rdoba Joven, Jos\u00e9 Ignacio Scotto; el secretario municipal de Fortalecimiento Vecinal, Cultura y Deportes, H\u00e9ctor Campana; el titular del COyS, Santiago Pinsiroli; la presidenta provisoria del Concejo Deliberante, Sandra Trigo; y Silvia, presidenta del Centro Vecinal Ampliaci\u00f3n Empalme.<\/p>\n<p>Durante el acto, se entregaron kits deportivos a las autoridades de los Consejos Barriales que llenar\u00e1n de actividades el Polideportivo Social.<\/p>\n<p><strong>La Plaza San Jos\u00e9 Obrero<\/strong><\/p>\n<p>La refuncionalizaci\u00f3n del espacio verde por parte del Ente Municipal C\u00f3rdoba Obras y Servicios (COyS) implic\u00f3 la instalaci\u00f3n de nuevo equipamiento urbano, elementos saludable destinados a la actividad f\u00edsica y equipamiento espec\u00edfico para la tercera edad, con dispositivos de ejercicio dise\u00f1ados especialmente para favorecer la movilidad en personas con dificultades f\u00edsicas vinculadas al envejecimiento, con bajo impacto, que promueven los h\u00e1bitos saludables para todas las personas.<\/p>\n<p>Para los m\u00e1s peque\u00f1os, se construy\u00f3 el nuevo espacio de juegos con toboganes, mangrullo, subibaja y juegos con resortes. Este lugar tambi\u00e9n est\u00e1 adaptado para infancias con discapacidades f\u00edsicas y un piso anti-golpes de caucho con c\u00e9sped sint\u00e9tico, dise\u00f1ado para promover la seguridad de los ni\u00f1os.<\/p>\n<p>Todos los espacios est\u00e1n conectados a trav\u00e9s de senderos peatonales, que vinculan la plaza con el Polideportivo Social colindante. Al lugar se puede acceder tambi\u00e9n mediante rampas, ubicadas estrat\u00e9gicamente para aquellas personas con movilidad reducida.<\/p>\n<p>Toda la plaza cuenta con un sistema de riego por aspersi\u00f3n, nuevas especies de flora y arbustivas. A su vez, se sumaron dos m\u00e1stiles nuevos al ya existente y un pilar multifunci\u00f3n, que podr\u00e1 ser utilizado tanto para la reproducci\u00f3n de sonido y m\u00fasica. como para alertar a los vecinos en caso de que alguien necesite auxilio.<\/p>\n<p><strong>Polideportivo Social N\u00b075<\/strong><\/p>\n<p>El nuevo espacio deportivo, construido dentro del extenso espacio verde municipal, se enmarca dentro del plan provincial que contempla la construcci\u00f3n de 220 polideportivos en toda la provincia, de los cuales 101 estar\u00e1n en la C\u00f3rdoba Capital. Signific\u00f3 una inversi\u00f3n de $550 millones del Estado Provincial.<\/p>\n<p>El espacio se compone de un play\u00f3n deportivo cubierto y un m\u00f3dulo habitacional que dispone de una oficina, un S.U.M., dep\u00f3sito y tres ba\u00f1os. Est\u00e1 equipado con arcos de f\u00fatbol, aro de b\u00e1squet, columnas extra\u00edbles de v\u00f3ley y un espacio recreativo integrador para ni\u00f1os y familias, compuesto por hamacas, tobog\u00e1n, sube y baja, calesita y p\u00f3rtico triple integrador junto a un tobog\u00e1n de primera infancia.<\/p>\n<p>A su vez, se recuperaron y pusieron en valor las zonas contiguas al \u201cPoli\u201d, sum\u00e1ndole arbolado, iluminaci\u00f3n, juegos infantiles, rampas, vados peatonales, mesas y bancos de hormig\u00f3n y nuevos cestos de basura, con el objetivo de reforzar momentos de encuentro y participaci\u00f3n comunitaria, fortaleciendo lazos entre vecinos y contenci\u00f3n a las familias a trav\u00e9s de la pr\u00e1ctica deportiva, recreaci\u00f3n, actividades culturales, capacitaciones, talleres y acciones de prevenci\u00f3n y seguridad.<\/p>\n","protected":false},"excerpt":{"rendered":"<p>Passerini y Prunotto inauguraron ambos espacios recreativos ubicados en la misma manzana de la zona sureste. La plaza recuperada por el municipio cuenta con equipamiento saludable, urbano y espec\u00edfico para la tercera edad. En el lugar, el Gobierno Provincial construy\u00f3 el Polideportivo Social N\u00b075 de C\u00f3rdoba Capital. El intendente de la ciudad de C\u00f3rdoba, Daniel [&hellip;]<\/p>\n","protected":false},"author":1,"featured_media":185569,"comment_status":"closed","ping_status":"closed","sticky":false,"template":"","format":"standard","meta":[],"categories":[44],"tags":[],"_links":{"self":[{"href":"http:\/\/cordobadirecto.com\/index.php\/wp-json\/wp\/v2\/posts\/185568"}],"collection":[{"href":"http:\/\/cordobadirecto.com\/index.php\/wp-json\/wp\/v2\/posts"}],"about":[{"href":"http:\/\/cordobadirecto.com\/index.php\/wp-json\/wp\/v2\/types\/post"}],"author":[{"embeddable":true,"href":"http:\/\/cordobadirecto.com\/index.php\/wp-json\/wp\/v2\/users\/1"}],"replies":[{"embeddable":true,"href":"http:\/\/cordobadirecto.com\/index.php\/wp-json\/wp\/v2\/comments?post=185568"}],"version-history":[{"count":0,"href":"http:\/\/cordobadirecto.com\/index.php\/wp-json\/wp\/v2\/posts\/185568\/revisions"}],"wp:featuredmedia":[{"embeddable":true,"href":"http:\/\/cordobadirecto.com\/index.php\/wp-json\/wp\/v2\/media\/185569"}],"wp:attachment":[{"href":"http:\/\/cordobadirecto.com\/index.php\/wp-json\/wp\/v2\/media?parent=185568"}],"wp:term":[{"taxonomy":"category","embeddable":true,"href":"http:\/\/cordobadirecto.com\/index.php\/wp-json\/wp\/v2\/categories?post=185568"},{"taxonomy":"post_tag","embeddable":true,"href":"http:\/\/cordobadirecto.com\/index.php\/wp-json\/wp\/v2\/tags?post=185568"}],"curies":[{"name":"wp","href":"https:\/\/api.w.org\/{rel}","templated":true}]}}