{"id":185570,"date":"2026-01-29T19:37:18","date_gmt":"2026-01-29T19:37:18","guid":{"rendered":"https:\/\/cordoba.gob.ar\/?p=85356"},"modified":"2026-01-29T19:37:18","modified_gmt":"2026-01-29T19:37:18","slug":"el-ente-metropolitano-cordoba-presento-su-experiencia-en-el-foro-economico-internacional-america-latina-y-el-caribe-2026","status":"publish","type":"post","link":"http:\/\/cordobadirecto.com\/index.php\/2026\/01\/29\/el-ente-metropolitano-cordoba-presento-su-experiencia-en-el-foro-economico-internacional-america-latina-y-el-caribe-2026\/","title":{"rendered":"El Ente Metropolitano C\u00f3rdoba present\u00f3 su experiencia en el Foro Econ\u00f3mico Internacional Am\u00e9rica Latina y el Caribe 2026"},"content":{"rendered":"<div><img src=\"http:\/\/cordobadirecto.com\/wp-content\/uploads\/2026\/01\/el-ente-metropolitano-cordoba-presento-su-experiencia-en-el-foro-economico-internacional-america-latina-y-el-caribe-2026.jpg\" class=\"ff-og-image-inserted\"><\/div>\n<ul>\n<li><strong>El presidente de la entidad, Rodrigo Fern\u00e1ndez, particip\u00f3 de la mesa \u201cEcosistema Subnacional: factor de crecimiento econ\u00f3mico y sostenibilidad para la regi\u00f3n.<\/strong><\/li>\n<li><strong>Adem\u00e1s, sostuvo ante la CAF el proyecto del Parque Fotovoltaico Metropolitano.<\/strong><\/li>\n<li><strong>El encuentro se realiz\u00f3 en Panam\u00e1 los d\u00edas 28 y 29 de enero<\/strong><\/li>\n<\/ul>\n<hr>\n<p>El presidente del Ente Metropolitano y secretario de Gobierno de la Municipalidad de C\u00f3rdoba, Rodrigo Fern\u00e1ndez, particip\u00f3 del Foro Econ\u00f3mico Internacional Am\u00e9rica Latina y el Caribe 2026, organizado por el Banco de Desarrollo de Am\u00e9rica Latina y el Caribe (CAF), en alianza con el Gobierno de Panam\u00e1.<\/p>\n<p>En el evento que se llev\u00f3 a cabo en la ciudad de Panam\u00e1 los d\u00edas 28 y 29 de enero, Fern\u00e1ndez integr\u00f3 la mesa de di\u00e1logo \u201cEcosistema Subnacional: factor de crecimiento econ\u00f3mico y sostenibilidad para la regi\u00f3n\u201d, donde expuso la experiencia del Ente Metropolitano C\u00f3rdoba como un modelo de gesti\u00f3n basado en el trabajo conjunto entre municipios.<\/p>\n<p>Durante su intervenci\u00f3n, destac\u00f3 que el Ente Metropolitano articula pol\u00edticas p\u00fablicas en el coraz\u00f3n de la provincia m\u00e1s productiva de la Argentina, concentrando din\u00e1micas econ\u00f3micas, sociales y territoriales que requieren planificaci\u00f3n, cooperaci\u00f3n y escala metropolitana para generar desarrollo.<\/p>\n<p>Como parte de esa experiencia, Fern\u00e1ndez sostuvo ante las autoridades de CAF el proyecto del Parque Fotovoltaico Metropolitano, una iniciativa estrat\u00e9gica orientada a producir energ\u00eda limpia, optimizar el uso de los recursos p\u00fablicos y reducir costos operativos para los municipios que integran el \u00e1rea metropolitana.<\/p>\n<p>El proyecto contempla la instalaci\u00f3n de una planta fotovoltaica de 50 MW, destinada a inyectar energ\u00eda renovable a la red provincial bajo un esquema de compensaci\u00f3n con el consumo el\u00e9ctrico municipal, fortaleciendo la eficiencia energ\u00e9tica y la sostenibilidad de la gesti\u00f3n local.<\/p>\n<p>La participaci\u00f3n del Ente Metropolitano C\u00f3rdoba en este foro internacional posiciona una agenda metropolitana con proyectos definidos, reafirmando el rol de los gobiernos locales como actores centrales del desarrollo regional.<\/p>\n","protected":false},"excerpt":{"rendered":"<p>El presidente de la entidad, Rodrigo Fern\u00e1ndez, particip\u00f3 de la mesa \u201cEcosistema Subnacional: factor de crecimiento econ\u00f3mico y sostenibilidad para la regi\u00f3n. Adem\u00e1s, sostuvo ante la CAF el proyecto del Parque Fotovoltaico Metropolitano. El encuentro se realiz\u00f3 en Panam\u00e1 los d\u00edas 28 y 29 de enero El presidente del Ente Metropolitano y secretario de Gobierno [&hellip;]<\/p>\n","protected":false},"author":1,"featured_media":185571,"comment_status":"closed","ping_status":"closed","sticky":false,"template":"","format":"standard","meta":[],"categories":[44],"tags":[],"_links":{"self":[{"href":"http:\/\/cordobadirecto.com\/index.php\/wp-json\/wp\/v2\/posts\/185570"}],"collection":[{"href":"http:\/\/cordobadirecto.com\/index.php\/wp-json\/wp\/v2\/posts"}],"about":[{"href":"http:\/\/cordobadirecto.com\/index.php\/wp-json\/wp\/v2\/types\/post"}],"author":[{"embeddable":true,"href":"http:\/\/cordobadirecto.com\/index.php\/wp-json\/wp\/v2\/users\/1"}],"replies":[{"embeddable":true,"href":"http:\/\/cordobadirecto.com\/index.php\/wp-json\/wp\/v2\/comments?post=185570"}],"version-history":[{"count":0,"href":"http:\/\/cordobadirecto.com\/index.php\/wp-json\/wp\/v2\/posts\/185570\/revisions"}],"wp:featuredmedia":[{"embeddable":true,"href":"http:\/\/cordobadirecto.com\/index.php\/wp-json\/wp\/v2\/media\/185571"}],"wp:attachment":[{"href":"http:\/\/cordobadirecto.com\/index.php\/wp-json\/wp\/v2\/media?parent=185570"}],"wp:term":[{"taxonomy":"category","embeddable":true,"href":"http:\/\/cordobadirecto.com\/index.php\/wp-json\/wp\/v2\/categories?post=185570"},{"taxonomy":"post_tag","embeddable":true,"href":"http:\/\/cordobadirecto.com\/index.php\/wp-json\/wp\/v2\/tags?post=185570"}],"curies":[{"name":"wp","href":"https:\/\/api.w.org\/{rel}","templated":true}]}}