{"id":185574,"date":"2026-01-30T03:43:23","date_gmt":"2026-01-30T03:43:23","guid":{"rendered":"http:\/\/cordobadirecto.com\/index.php\/2026\/01\/30\/alcohol-cero-en-el-debate-la-respuesta-politica-y-social-al-reclamo-de-las-bodegas-salta-y-argentina\/"},"modified":"2026-01-30T03:43:23","modified_gmt":"2026-01-30T03:43:23","slug":"alcohol-cero-en-el-debate-la-respuesta-politica-y-social-al-reclamo-de-las-bodegas-salta-y-argentina","status":"publish","type":"post","link":"http:\/\/cordobadirecto.com\/index.php\/2026\/01\/30\/alcohol-cero-en-el-debate-la-respuesta-politica-y-social-al-reclamo-de-las-bodegas-salta-y-argentina\/","title":{"rendered":"Alcohol cero en el debate: la respuesta pol\u00edtica y social al reclamo de las bodegas | Salta y Argentina"},"content":{"rendered":"<p>En di\u00e1logo con <b>Nuevo<\/b> Diario, <b>C\u00f3rdoba<\/b> calific\u00f3 las declaraciones de Martorell como \u201ctotalmente desafortunadas\u201d y record\u00f3 el contexto en el que se&nbsp;&#8230; <\/p>\n","protected":false},"excerpt":{"rendered":"<p>En di\u00e1logo con Nuevo Diario, C\u00f3rdoba calific\u00f3 las declaraciones de Martorell como \u201ctotalmente desafortunadas\u201d y record\u00f3 el contexto en el que se&nbsp;&#8230;<\/p>\n","protected":false},"author":1,"featured_media":0,"comment_status":"closed","ping_status":"closed","sticky":false,"template":"","format":"standard","meta":[],"categories":[40],"tags":[],"_links":{"self":[{"href":"http:\/\/cordobadirecto.com\/index.php\/wp-json\/wp\/v2\/posts\/185574"}],"collection":[{"href":"http:\/\/cordobadirecto.com\/index.php\/wp-json\/wp\/v2\/posts"}],"about":[{"href":"http:\/\/cordobadirecto.com\/index.php\/wp-json\/wp\/v2\/types\/post"}],"author":[{"embeddable":true,"href":"http:\/\/cordobadirecto.com\/index.php\/wp-json\/wp\/v2\/users\/1"}],"replies":[{"embeddable":true,"href":"http:\/\/cordobadirecto.com\/index.php\/wp-json\/wp\/v2\/comments?post=185574"}],"version-history":[{"count":0,"href":"http:\/\/cordobadirecto.com\/index.php\/wp-json\/wp\/v2\/posts\/185574\/revisions"}],"wp:attachment":[{"href":"http:\/\/cordobadirecto.com\/index.php\/wp-json\/wp\/v2\/media?parent=185574"}],"wp:term":[{"taxonomy":"category","embeddable":true,"href":"http:\/\/cordobadirecto.com\/index.php\/wp-json\/wp\/v2\/categories?post=185574"},{"taxonomy":"post_tag","embeddable":true,"href":"http:\/\/cordobadirecto.com\/index.php\/wp-json\/wp\/v2\/tags?post=185574"}],"curies":[{"name":"wp","href":"https:\/\/api.w.org\/{rel}","templated":true}]}}