{"id":18562,"date":"2021-09-15T00:37:31","date_gmt":"2021-09-15T00:37:31","guid":{"rendered":"http:\/\/cordobadirecto.com\/index.php\/2021\/09\/15\/pedro-aznar-trabaja-en-la-remasterizacion-del-disco-debut-de-seru-giran\/"},"modified":"2021-09-15T00:37:31","modified_gmt":"2021-09-15T00:37:31","slug":"pedro-aznar-trabaja-en-la-remasterizacion-del-disco-debut-de-seru-giran","status":"publish","type":"post","link":"http:\/\/cordobadirecto.com\/index.php\/2021\/09\/15\/pedro-aznar-trabaja-en-la-remasterizacion-del-disco-debut-de-seru-giran\/","title":{"rendered":"Pedro Aznar trabaja en la remasterizaci\u00f3n del disco debut de Ser\u00fa Gir\u00e1n"},"content":{"rendered":"<div class=\"image\" id=\"image\" readability=\"7\"> <img src=\"http:\/\/cordobadirecto.com\/wp-content\/uploads\/2021\/09\/pedro-aznar-trabaja-en-la-remasterizacion-del-disco-debut-de-seru-giran.jpg\" alt=\"Una vez m\u00e1s Aznar encara la remasterizaci\u00f3n de Ser\u00fa Gir\u00e1n.\" title=\"Una vez m\u00e1s Aznar encara la remasterizaci\u00f3n de Ser\u00fa Gir\u00e1n.\"><\/p>\n<p>Una vez m\u00e1s Aznar encara la remasterizaci\u00f3n de Ser\u00fa Gir\u00e1n.<\/p>\n<\/div>\n<p>Al igual que lo hizo para la edici\u00f3n especial por los 40 a\u00f1os de <strong>&#8220;La grasa de las capitales&#8221;<\/strong>, segundo disco de<strong> Ser\u00fa Gir\u00e1n, Pedro Aznar<\/strong> trabaja en la remasterizaci\u00f3n del hom\u00f3nimo \u00e1lbum debut de la popular banda que integr\u00f3 junto a <strong>Charly Garc\u00eda, David Leb\u00f3n y Oscar Moro.<\/strong><\/p>\n<p>As\u00ed lo dio a conocer a trav\u00e9s de redes sociales con un video que fue replicado tambi\u00e9n en las cuentas oficiales de los mismos Charly y Leb\u00f3n, en donde anticip\u00f3 que el lanzamiento tendr\u00e1 su versi\u00f3n en CD, vinilo y plataformas digitales.<\/p>\n<p><strong>&#8220;\u00bfC\u00f3mo est\u00e1n? Empezando ya a trabajar en la remasterizaci\u00f3n del primer \u00e1lbum de Ser\u00fa Gir\u00e1n de 1978&#8221;, puntualiz\u00f3 el m\u00fasico, quien detall\u00f3 que llevar\u00e1 a cabo la labor junto a Ariel Lavigna, en un proceso similar al que realiz\u00f3 para la recuperaci\u00f3n de las cintas de &#8220;La grasa de las capitales&#8221;<\/strong>.<\/p>\n<p>En tal sentido, Aznar aclar\u00f3 que el lanzamiento tambi\u00e9n estar\u00e1 acompa\u00f1ado por las gr\u00e1ficas originales, con las fotograf\u00edas tomadas en su momento por el brasile\u00f1o <strong>Jos\u00e9 Luis Pederneiras<\/strong>.<\/p>\n<p> <iframe width=\"560\" height=\"315\" src=\"https:\/\/www.youtube.com\/embed\/5Any5LMzx4M?wmode=transparent&amp;showinfo=0&amp;autohide=1&amp;rel=0\" frameborder=\"0\" allowfullscreen>[embedded content]<\/iframe> <\/p>\n<p>Pedro Aznar y la remasterizaci\u00f3n de Ser\u00fa Gir\u00e1n<\/p>\n<p>Como anticipo, el m\u00fasico, sentado frente a una consola, dej\u00f3 escuchar un fragmento del tema <strong>&#8220;El mendigo en el and\u00e9n&#8221;<\/strong>.<\/p>\n<p>Tal como ocurri\u00f3 con &#8220;La grasa de las capitales&#8221;, <strong>esta labor es posible gracias a la recuperaci\u00f3n del cat\u00e1logo del desaparecido sello Music Hall <\/strong>por parte del <strong>Instituto Nacional de la M\u00fasica.<\/strong><\/p>\n<p><strong>&#8220;Ser\u00fa Gir\u00e1n&#8221;<\/strong> fue el \u00e1lbum debut del grupo, registrado en Brasil con el apoyo de Billy Bond, que conten\u00eda cl\u00e1sicos como <strong>&#8220;Seminare&#8221;, &#8220;Eiti Leda&#8221; y &#8220;Autos, jets, aviones, barcos&#8221;<\/strong>, entre otros.<\/p>\n<p>A pesar de ello y de la popularidad previa de casi todos los miembros del grupo, el disco no tuvo una buena recepci\u00f3n del p\u00fablico y de la cr\u00edtica en su presentaci\u00f3n en vivo en Buenos Aires, quienes pusieron en duda la calidad del producto que ofrec\u00eda la banda.<\/p>\n<p>Precisamente, la edici\u00f3n del segundo disco ech\u00f3 por tierra con todas esas dudas y consagr\u00f3 al grupo que, con el paso de los a\u00f1os, se establecer\u00eda como una de las formaciones m\u00e1s importantes en la historia del rock argentino. <\/p>\n","protected":false},"excerpt":{"rendered":"<p>Una vez m\u00e1s Aznar encara la remasterizaci\u00f3n de Ser\u00fa Gir\u00e1n. Al igual que lo hizo para la edici\u00f3n especial por los 40 a\u00f1os de &#8220;La grasa de las capitales&#8221;, segundo disco de Ser\u00fa Gir\u00e1n, Pedro Aznar trabaja en la remasterizaci\u00f3n del hom\u00f3nimo \u00e1lbum debut de la popular banda que integr\u00f3 junto a Charly Garc\u00eda, David [&hellip;]<\/p>\n","protected":false},"author":1,"featured_media":18563,"comment_status":"closed","ping_status":"closed","sticky":false,"template":"","format":"standard","meta":[],"categories":[20],"tags":[],"_links":{"self":[{"href":"http:\/\/cordobadirecto.com\/index.php\/wp-json\/wp\/v2\/posts\/18562"}],"collection":[{"href":"http:\/\/cordobadirecto.com\/index.php\/wp-json\/wp\/v2\/posts"}],"about":[{"href":"http:\/\/cordobadirecto.com\/index.php\/wp-json\/wp\/v2\/types\/post"}],"author":[{"embeddable":true,"href":"http:\/\/cordobadirecto.com\/index.php\/wp-json\/wp\/v2\/users\/1"}],"replies":[{"embeddable":true,"href":"http:\/\/cordobadirecto.com\/index.php\/wp-json\/wp\/v2\/comments?post=18562"}],"version-history":[{"count":0,"href":"http:\/\/cordobadirecto.com\/index.php\/wp-json\/wp\/v2\/posts\/18562\/revisions"}],"wp:featuredmedia":[{"embeddable":true,"href":"http:\/\/cordobadirecto.com\/index.php\/wp-json\/wp\/v2\/media\/18563"}],"wp:attachment":[{"href":"http:\/\/cordobadirecto.com\/index.php\/wp-json\/wp\/v2\/media?parent=18562"}],"wp:term":[{"taxonomy":"category","embeddable":true,"href":"http:\/\/cordobadirecto.com\/index.php\/wp-json\/wp\/v2\/categories?post=18562"},{"taxonomy":"post_tag","embeddable":true,"href":"http:\/\/cordobadirecto.com\/index.php\/wp-json\/wp\/v2\/tags?post=18562"}],"curies":[{"name":"wp","href":"https:\/\/api.w.org\/{rel}","templated":true}]}}