{"id":18583,"date":"2021-09-15T13:25:40","date_gmt":"2021-09-15T13:25:40","guid":{"rendered":"https:\/\/puntoapunto.com.ar\/?p=316327"},"modified":"2021-09-15T13:25:40","modified_gmt":"2021-09-15T13:25:40","slug":"la-inflacion-se-desacelero-en-agosto-cerro-en-25-y-acumula-323-en-lo-que-va-del-ano","status":"publish","type":"post","link":"http:\/\/cordobadirecto.com\/index.php\/2021\/09\/15\/la-inflacion-se-desacelero-en-agosto-cerro-en-25-y-acumula-323-en-lo-que-va-del-ano\/","title":{"rendered":"La inflaci\u00f3n se desaceler\u00f3 en agosto: cerr\u00f3 en 2,5% y acumula 32,3% en lo que va del a\u00f1o"},"content":{"rendered":"<p>El \u00faltimo relevamiento de INDEC da cuenta que los precios minoristas&nbsp;subieron&nbsp;<strong>2,5%<\/strong>&nbsp;<strong>en agosto<\/strong> y confirmaron la desaceleraci\u00f3n de los \u00faltimos cinco meses, marcando el<strong> registro m\u00e1s bajo desde el mismo per\u00edodo del a\u00f1o pasado<\/strong>.<\/p>\n<p>En lo que va del a\u00f1o, el \u00cdndice de Precios al Consumidor (IPC) acumula un aumento del&nbsp;<strong>32,3%<\/strong>, y en los \u00faltimos<strong> doce meses el alza alcanza el 51,4% interanual.<\/strong><\/p>\n<blockquote class=\"twitter-tweet\" data-width=\"550\" data-dnt=\"true\" readability=\"6.9315068493151\">\n<p lang=\"es\" dir=\"ltr\"><a href=\"https:\/\/twitter.com\/hashtag\/DatoINDEC?src=hash&amp;ref_src=twsrc%5Etfw\">#DatoINDEC<\/a><br \/>Los precios al consumidor (<a href=\"https:\/\/twitter.com\/hashtag\/IPC?src=hash&amp;ref_src=twsrc%5Etfw\">#IPC<\/a>) subieron 2,5% en agosto de 2021 respecto de julio y 51,4% interanual <a href=\"https:\/\/t.co\/UJQMr5o6ng\">https:\/\/t.co\/UJQMr5o6ng<\/a> <a href=\"https:\/\/t.co\/GFO4PmovBs\">pic.twitter.com\/GFO4PmovBs<\/a><\/p>\n<p>\u2014 INDEC Argentina (@INDECArgentina) <a href=\"https:\/\/twitter.com\/INDECArgentina\/status\/1437853701843128328?ref_src=twsrc%5Etfw\">September 14, 2021<\/a><\/p>\n<\/blockquote>\n<p>El rubro <strong>Alimentos y Bebidas subi\u00f3 s\u00f3lo 1,5%<\/strong> y se situ\u00f3 por debajo del nivel general, lo que no ocurr\u00eda desde hace varios meses, con <strong>desaceleraciones en la mayor\u00eda de los rubros<\/strong>, ca\u00edda en verduras y estabilidad en los precios de las carnes.<\/p>\n<p>Tambi\u00e9n bajaron los precios Regulados a 1,1% en agosto, el valor m\u00e1s bajo de los \u00faltimos 12 meses y los productos estacionales se desaceleraron hasta 0,6% mensual.<\/p>\n<p>Los rubros <strong>Salud y Educaci\u00f3n<\/strong> presentaron los mayores aumentos&nbsp;con un<strong> 4,2%<\/strong>, y le siguieron <strong>Prendas de Vestir y Calzado<\/strong> con un alza del <strong>3,4%<\/strong> y <strong>Equipamientos y Mantenimiento del Hogar y Bienes y Servicios<\/strong>, ambos con un aumento del<strong> 3,3%<\/strong> respecto de julio.&nbsp;El rubro de <strong>Recreaci\u00f3n y cultura<\/strong> registr\u00f3 un alza del<strong> 3,7%<\/strong> y <strong><a href=\"https:\/\/puntoapunto.com.ar\/como-es-el-nuevo-marketplace-btob-para-restaurantes-almacenes-y-hoteles\/\" target=\"_blank\" rel=\"noopener\">Restaurantes y Hoteles <\/a>con un aumento del 2,9% respecto de julio.<\/strong><\/p>\n<p>Por debajo de esos niveles se ubicaron el rubro<strong> Transporte con un incremento del 2,4%<\/strong>, el de <strong>Bebidas Alcoh\u00f3licas y Tabaco 2%<\/strong> y Vivienda, agua, Electricidad y otros Combustibles con la menor suba del 1,1%<\/p>\n<p>El \u00fanico rubro que<strong> no registr\u00f3 aumento<\/strong> fue el de <strong>Comunicaciones<\/strong> que mostr\u00f3 en agosto una contracci\u00f3n del <strong>0,6%.<\/strong><\/p>\n<div class=\"saboxplugin-wrap\" itemtype=\"http:\/\/schema.org\/Person\" itemscope itemprop=\"author\">\n<div class=\"saboxplugin-tab\">\n<div class=\"saboxplugin-gravatar\"><img alt src=\"http:\/\/cordobadirecto.com\/wp-content\/uploads\/2021\/09\/la-inflacion-se-desacelero-en-agosto-cerro-en-25-y-acumula-323-en-lo-que-va-del-ano.jpg\" srcset=\"http:\/\/cordobadirecto.com\/wp-content\/uploads\/2021\/09\/la-inflacion-se-desacelero-en-agosto-cerro-en-25-y-acumula-323-en-lo-que-va-del-ano-1.jpg 2x\" class=\"avatar avatar-100 photo\" height=\"100\" width=\"100\" itemprop=\"image\" loading=\"lazy\"><\/div>\n<div class=\"saboxplugin-desc\" readability=\"6.5\">\n<div itemprop=\"description\" readability=\"8\">\n<p>Este articulo fue escrito por la redacci\u00f3n de Punto a Punto. Seguinos en todas nuestras redes sociales<\/p>\n<\/div>\n<\/div>\n<\/div>\n<\/div>\n","protected":false},"excerpt":{"rendered":"<p>El \u00faltimo relevamiento de INDEC da cuenta que los precios minoristas&nbsp;subieron&nbsp;2,5%&nbsp;en agosto y confirmaron la desaceleraci\u00f3n de los \u00faltimos cinco meses, marcando el registro m\u00e1s bajo desde el mismo per\u00edodo del a\u00f1o pasado. En lo que va del a\u00f1o, el \u00cdndice de Precios al Consumidor (IPC) acumula un aumento del&nbsp;32,3%, y en los \u00faltimos doce [&hellip;]<\/p>\n","protected":false},"author":1,"featured_media":18584,"comment_status":"closed","ping_status":"closed","sticky":false,"template":"","format":"standard","meta":[],"categories":[25],"tags":[],"_links":{"self":[{"href":"http:\/\/cordobadirecto.com\/index.php\/wp-json\/wp\/v2\/posts\/18583"}],"collection":[{"href":"http:\/\/cordobadirecto.com\/index.php\/wp-json\/wp\/v2\/posts"}],"about":[{"href":"http:\/\/cordobadirecto.com\/index.php\/wp-json\/wp\/v2\/types\/post"}],"author":[{"embeddable":true,"href":"http:\/\/cordobadirecto.com\/index.php\/wp-json\/wp\/v2\/users\/1"}],"replies":[{"embeddable":true,"href":"http:\/\/cordobadirecto.com\/index.php\/wp-json\/wp\/v2\/comments?post=18583"}],"version-history":[{"count":0,"href":"http:\/\/cordobadirecto.com\/index.php\/wp-json\/wp\/v2\/posts\/18583\/revisions"}],"wp:featuredmedia":[{"embeddable":true,"href":"http:\/\/cordobadirecto.com\/index.php\/wp-json\/wp\/v2\/media\/18584"}],"wp:attachment":[{"href":"http:\/\/cordobadirecto.com\/index.php\/wp-json\/wp\/v2\/media?parent=18583"}],"wp:term":[{"taxonomy":"category","embeddable":true,"href":"http:\/\/cordobadirecto.com\/index.php\/wp-json\/wp\/v2\/categories?post=18583"},{"taxonomy":"post_tag","embeddable":true,"href":"http:\/\/cordobadirecto.com\/index.php\/wp-json\/wp\/v2\/tags?post=18583"}],"curies":[{"name":"wp","href":"https:\/\/api.w.org\/{rel}","templated":true}]}}