{"id":18589,"date":"2021-09-15T03:00:00","date_gmt":"2021-09-15T03:00:00","guid":{"rendered":"http:\/\/cordobadirecto.com\/index.php\/2021\/09\/15\/en-ocho-meses-la-inflacion-ya-trepo-al-33-en-cordoba\/"},"modified":"2021-09-15T03:00:00","modified_gmt":"2021-09-15T03:00:00","slug":"en-ocho-meses-la-inflacion-ya-trepo-al-33-en-cordoba","status":"publish","type":"post","link":"http:\/\/cordobadirecto.com\/index.php\/2021\/09\/15\/en-ocho-meses-la-inflacion-ya-trepo-al-33-en-cordoba\/","title":{"rendered":"En ocho meses, la inflaci\u00f3n ya trep\u00f3 al 33% en <b>C\u00f3rdoba<\/b>"},"content":{"rendered":"<p>Por su parte, en relaci\u00f3n a la comparaci\u00f3n interanual, el detalle de las subas m\u00e1s importantes del IPC-<b>C\u00f3rdoba<\/b> fue el siguiente: Transporte y&nbsp;&#8230; <\/p>\n","protected":false},"excerpt":{"rendered":"<p>Por su parte, en relaci\u00f3n a la comparaci\u00f3n interanual, el detalle de las subas m\u00e1s importantes del IPC-C\u00f3rdoba fue el siguiente: Transporte y&nbsp;&#8230;<\/p>\n","protected":false},"author":1,"featured_media":0,"comment_status":"closed","ping_status":"closed","sticky":false,"template":"","format":"standard","meta":[],"categories":[40],"tags":[],"_links":{"self":[{"href":"http:\/\/cordobadirecto.com\/index.php\/wp-json\/wp\/v2\/posts\/18589"}],"collection":[{"href":"http:\/\/cordobadirecto.com\/index.php\/wp-json\/wp\/v2\/posts"}],"about":[{"href":"http:\/\/cordobadirecto.com\/index.php\/wp-json\/wp\/v2\/types\/post"}],"author":[{"embeddable":true,"href":"http:\/\/cordobadirecto.com\/index.php\/wp-json\/wp\/v2\/users\/1"}],"replies":[{"embeddable":true,"href":"http:\/\/cordobadirecto.com\/index.php\/wp-json\/wp\/v2\/comments?post=18589"}],"version-history":[{"count":0,"href":"http:\/\/cordobadirecto.com\/index.php\/wp-json\/wp\/v2\/posts\/18589\/revisions"}],"wp:attachment":[{"href":"http:\/\/cordobadirecto.com\/index.php\/wp-json\/wp\/v2\/media?parent=18589"}],"wp:term":[{"taxonomy":"category","embeddable":true,"href":"http:\/\/cordobadirecto.com\/index.php\/wp-json\/wp\/v2\/categories?post=18589"},{"taxonomy":"post_tag","embeddable":true,"href":"http:\/\/cordobadirecto.com\/index.php\/wp-json\/wp\/v2\/tags?post=18589"}],"curies":[{"name":"wp","href":"https:\/\/api.w.org\/{rel}","templated":true}]}}