{"id":18618,"date":"2021-09-16T00:27:43","date_gmt":"2021-09-16T00:27:43","guid":{"rendered":"http:\/\/estaciontrip.com.ar\/?p=6218"},"modified":"2021-09-16T00:27:43","modified_gmt":"2021-09-16T00:27:43","slug":"aerolineas-argentinas-volara-desde-mendoza-a-santiago-de-chile-a-partir-de-septiembre","status":"publish","type":"post","link":"http:\/\/cordobadirecto.com\/index.php\/2021\/09\/16\/aerolineas-argentinas-volara-desde-mendoza-a-santiago-de-chile-a-partir-de-septiembre\/","title":{"rendered":"Aerol\u00edneas Argentinas volar\u00e1 desde Mendoza a Santiago de Chile a partir de septiembre"},"content":{"rendered":"<div><img src=\"http:\/\/cordobadirecto.com\/wp-content\/uploads\/2021\/09\/aerolineas-argentinas-volara-desde-mendoza-a-santiago-de-chile-a-partir-de-septiembre.jpg\" class=\"ff-og-image-inserted\"><\/div>\n<p><em>Desde el 25 de este mes conectar\u00e1 la provincia de Cuyo con la capital chilena, como parte del corredor seguro habilitado recientemente.<\/em><\/p>\n<p>Aerol\u00edneas Argentinas anunci\u00f3 que a partir del 25 de septiembre sumar\u00e1 un nuevo vuelo desde Mendoza a Santiago de Chile. Este vuelo se incorpora a la grilla para mejorar la conectividad de la provincia luego de que el Gobierno Nacional habilitara el aeropuerto internacional de Mendoza y el paso Cristo Redentor como corredores seguros para el ingreso de argentinos y extranjeros residentes.<\/p>\n<p>Los vuelos desde Mendoza a Santiago de Chile operar\u00e1n en la flota Embraer 190 con capacidad de 96 plazas y contar\u00e1n con una frecuencia semanal los d\u00edas s\u00e1bados. El AR1288 est\u00e1 programado para despegar el 25 de septiembre a las 13:30 desde el Aeropuerto Internacional El Plumerillo con llegada a Chile a las 14:30. El regreso al pa\u00eds est\u00e1 previsto para las 16:25.<\/p>\n<p>Tambi\u00e9n durante septiembre la compa\u00f1\u00eda de bandera retom\u00f3 su Corredor Federal que le permite a Mendoza poder volar a Salta con 2 frecuencias semanales que pasar\u00e1n a ser 3 a partir de noviembre. Con estas nuevas rutas, Aerol\u00edneas Argentinas contar\u00e1 con 35 frecuencias semanales desde y hacia la provincia de Mendoza.<\/p>\n<p>\u201cLuego del anuncio del Gobierno Nacional donde se aprob\u00f3 la propuesta de Mendoza para habilitar el Aeropuerto como corredor seguro para el ingreso de Argentinos y extranjeros residentes, anunciamos este vuelo que nos permitir\u00e1 seguir reforzando la conectividad dentro de la regi\u00f3n, manteniendo los protocolos sanitarios con el objetivo de cuidar siempre a nuestros pasajeros\u201d, afirm\u00f3 Pablo Ceriani, Presidente de Aerol\u00edneas Argentinas.<\/p>\n<p>Resulta importante mencionar que, desde principio de 2021, Aerol\u00edneas Argentinas ha restablecido rutas y frecuencias para mejorar la conectividad del pa\u00eds.<\/p>\n<p>Cabe destacar que la provincia cuyana es muy importante para la conectividad y el tr\u00e1fico a\u00e9reo del pa\u00eds. Para el a\u00f1o pr\u00f3ximo, el aeropuerto de la ciudad mendocina de San Rafael ser\u00e1 completamente remodelado mediante una inversi\u00f3n de casi 2.000 millones de pesos del Organismo Regulador del Sistema Nacional de Aeropuertos que le permitir\u00e1n ampliar de los actuales 850 metros cuadrados a 1.850 metros.<\/p>\n","protected":false},"excerpt":{"rendered":"<p>Desde el 25 de este mes conectar\u00e1 la provincia de Cuyo con la capital chilena, como parte del corredor seguro habilitado recientemente. Aerol\u00edneas Argentinas anunci\u00f3 que a partir del 25 de septiembre sumar\u00e1 un nuevo vuelo desde Mendoza a Santiago de Chile. Este vuelo se incorpora a la grilla para mejorar la conectividad de la [&hellip;]<\/p>\n","protected":false},"author":1,"featured_media":18619,"comment_status":"closed","ping_status":"closed","sticky":false,"template":"","format":"standard","meta":[],"categories":[22],"tags":[],"_links":{"self":[{"href":"http:\/\/cordobadirecto.com\/index.php\/wp-json\/wp\/v2\/posts\/18618"}],"collection":[{"href":"http:\/\/cordobadirecto.com\/index.php\/wp-json\/wp\/v2\/posts"}],"about":[{"href":"http:\/\/cordobadirecto.com\/index.php\/wp-json\/wp\/v2\/types\/post"}],"author":[{"embeddable":true,"href":"http:\/\/cordobadirecto.com\/index.php\/wp-json\/wp\/v2\/users\/1"}],"replies":[{"embeddable":true,"href":"http:\/\/cordobadirecto.com\/index.php\/wp-json\/wp\/v2\/comments?post=18618"}],"version-history":[{"count":0,"href":"http:\/\/cordobadirecto.com\/index.php\/wp-json\/wp\/v2\/posts\/18618\/revisions"}],"wp:featuredmedia":[{"embeddable":true,"href":"http:\/\/cordobadirecto.com\/index.php\/wp-json\/wp\/v2\/media\/18619"}],"wp:attachment":[{"href":"http:\/\/cordobadirecto.com\/index.php\/wp-json\/wp\/v2\/media?parent=18618"}],"wp:term":[{"taxonomy":"category","embeddable":true,"href":"http:\/\/cordobadirecto.com\/index.php\/wp-json\/wp\/v2\/categories?post=18618"},{"taxonomy":"post_tag","embeddable":true,"href":"http:\/\/cordobadirecto.com\/index.php\/wp-json\/wp\/v2\/tags?post=18618"}],"curies":[{"name":"wp","href":"https:\/\/api.w.org\/{rel}","templated":true}]}}