{"id":18620,"date":"2021-09-15T17:11:18","date_gmt":"2021-09-15T17:11:18","guid":{"rendered":"https:\/\/www.ole.com.ar\/autos\/septima-fecha-galvez_0_e7ot_sKKD.html"},"modified":"2021-09-15T17:11:18","modified_gmt":"2021-09-15T17:11:18","slug":"los-horarios-para-buenos-aires","status":"publish","type":"post","link":"http:\/\/cordobadirecto.com\/index.php\/2021\/09\/15\/los-horarios-para-buenos-aires\/","title":{"rendered":"Los horarios para Buenos Aires"},"content":{"rendered":"<div><img src=\"http:\/\/cordobadirecto.com\/wp-content\/uploads\/2021\/09\/los-horarios-para-buenos-aires.jpg\" class=\"ff-og-image-inserted\"><\/div>\n<p>A continuaci\u00f3n, conoc\u00e9 los horarios para la s\u00e9ptima fecha del Campeonato Argentino de Top Race.<\/p>\n<p><mark>La competencia ser\u00e1 en el circuito n\u00famero 9 del Aut\u00f3dromo Oscar y Juan G\u00e1lvez<\/mark> y para la divisi\u00f3n intermedia de car\u00e1cter especial, sera una competencia con pilotos invitados, con la particularidad que clasificar\u00e1n titular e invitado de cada veh\u00edculo.<\/p>\n<p>VIERNES 17 DE SEPTIEMBRE<\/p>\n<p>15:45hs. TR SERIES ENTRENAMIENTO 1<\/p>\n<p>16:45hs. TR JUNIOR ENTRENAMIENTO 1<\/p>\n<p>17:15hs. TOP RACE ENTRENAMIENTO 1<\/p>\n<p>S\u00c1BADO 18 DE SEPTIEMBRE<\/p>\n<p>10:00hs. TR JUNIOR ENTRENAMIENTO 2<\/p>\n<p>10:30hs. TOP RACE ENTRENAMIENTO 2<\/p>\n<p>11:00hs. TR SERIES ENTRENAMIENTO 2<\/p>\n<p>12:20hs. TR JUNIOR CLASIFICACI\u00d3N<\/p>\n<p>13:40hs. TOP RACE CLASIFICACI\u00d3N<\/p>\n<p>14:30hs. TR JUNIOR SPRINT 5 VTAS.<\/p>\n<p>15:15hs. TR SERIES CLASIFICACI\u00d3N<\/p>\n<p>16:20hs. TOP RACE CARRERA 25 Min. + 1 VTA<\/p>\n<p>DOMINGO 19 DE SEPTIEMBRE<\/p>\n<p>09:25hs. TR JUNIOR CARRERA 20 MIN. + 1 VTA<\/p>\n<p>10:20hs. TR SERIES CARRERA CLASIFICATORIA 20 MIN. + 1 VTA<\/p>\n<p>11:10hs. TR SERIES CARRERA FINAL 20 MIN. + 1 VTA<\/p>\n<p>12.05hs. TOP RACE CARRERA 25 Min. + 1 VTA<\/p>\n<div class=\"entry-tags\">\n<h2>TEMAS QUE APARECEN EN ESTA NOTA<\/h2>\n<\/p><\/div>\n","protected":false},"excerpt":{"rendered":"<p>A continuaci\u00f3n, conoc\u00e9 los horarios para la s\u00e9ptima fecha del Campeonato Argentino de Top Race. La competencia ser\u00e1 en el circuito n\u00famero 9 del Aut\u00f3dromo Oscar y Juan G\u00e1lvez y para la divisi\u00f3n intermedia de car\u00e1cter especial, sera una competencia con pilotos invitados, con la particularidad que clasificar\u00e1n titular e invitado de cada veh\u00edculo. VIERNES [&hellip;]<\/p>\n","protected":false},"author":1,"featured_media":18621,"comment_status":"closed","ping_status":"closed","sticky":false,"template":"","format":"standard","meta":[],"categories":[21],"tags":[],"_links":{"self":[{"href":"http:\/\/cordobadirecto.com\/index.php\/wp-json\/wp\/v2\/posts\/18620"}],"collection":[{"href":"http:\/\/cordobadirecto.com\/index.php\/wp-json\/wp\/v2\/posts"}],"about":[{"href":"http:\/\/cordobadirecto.com\/index.php\/wp-json\/wp\/v2\/types\/post"}],"author":[{"embeddable":true,"href":"http:\/\/cordobadirecto.com\/index.php\/wp-json\/wp\/v2\/users\/1"}],"replies":[{"embeddable":true,"href":"http:\/\/cordobadirecto.com\/index.php\/wp-json\/wp\/v2\/comments?post=18620"}],"version-history":[{"count":0,"href":"http:\/\/cordobadirecto.com\/index.php\/wp-json\/wp\/v2\/posts\/18620\/revisions"}],"wp:featuredmedia":[{"embeddable":true,"href":"http:\/\/cordobadirecto.com\/index.php\/wp-json\/wp\/v2\/media\/18621"}],"wp:attachment":[{"href":"http:\/\/cordobadirecto.com\/index.php\/wp-json\/wp\/v2\/media?parent=18620"}],"wp:term":[{"taxonomy":"category","embeddable":true,"href":"http:\/\/cordobadirecto.com\/index.php\/wp-json\/wp\/v2\/categories?post=18620"},{"taxonomy":"post_tag","embeddable":true,"href":"http:\/\/cordobadirecto.com\/index.php\/wp-json\/wp\/v2\/tags?post=18620"}],"curies":[{"name":"wp","href":"https:\/\/api.w.org\/{rel}","templated":true}]}}