{"id":18622,"date":"2021-09-15T15:58:07","date_gmt":"2021-09-15T15:58:07","guid":{"rendered":"https:\/\/www.ole.com.ar\/autos\/rossi-correra-brasil_0_qZuEpGv1Y.html"},"modified":"2021-09-15T15:58:07","modified_gmt":"2021-09-15T15:58:07","slug":"vuelve-el-misil-al-stock-car","status":"publish","type":"post","link":"http:\/\/cordobadirecto.com\/index.php\/2021\/09\/15\/vuelve-el-misil-al-stock-car\/","title":{"rendered":"Vuelve el Misil al Stock Car"},"content":{"rendered":"<div><img src=\"http:\/\/cordobadirecto.com\/wp-content\/uploads\/2021\/09\/vuelve-el-misil-al-stock-car.jpg\" class=\"ff-og-image-inserted\"><\/div>\n<p>El fin de semana, <mark>Mat\u00edas Rossi volver\u00e1 a ser parte del Stock Car de Brasil<\/mark>, en el marco de la octava y novena fecha que se llevar\u00e1 a cabo en el Aut\u00f3dromo Internacional Ayrton Senna de Goiania.<\/p>\n<p>A lo largo de la temporada 2021, <mark>el \u201cMisil\u201d no pudo estar presente en la apertura del a\u00f1o en Goiania<\/mark> por las restricciones de viajes impuestas por nuestro pa\u00eds. Su primera participaci\u00f3n fue en Interlagos donde termin\u00f3 19\u00b0 y 21\u00b0 las dos carreras que disput\u00f3.<\/p>\n<p>Luego corri\u00f3 la tercera y cuarta fecha en Velocitt\u00e1 donde logr\u00f3 un 5\u00b0 puesto como mejor resultado. <mark>Estuvo ausente en la quinta del a\u00f1o en Cascavel<\/mark> y regreso en la sexta en Curitiba el 1 de agosto donde termin\u00f3 19\u00b0 y 15\u00b0 las dos carreras.<\/p>\n<p>En la previa de su regreso a la categor\u00eda, el equipo Full Time Sports estuvo trabajando en el banco de pruebas con el objetivo de llegar a la fecha en Goiania con un buen potencial. <mark>Junto a Mat\u00edas Rossi, estar\u00e1n compitiendo el fin de semana en la misma estructura: Rubens Barrichello, Tony Kanaan y Rafael Suzuki.<\/mark><\/p>\n<p><mark>La actividad del Stock Car en el circuito de Goiana comenzar\u00e1 el jueves <\/mark>con ensayos para invitados y debutantes. El viernes a las 09:25 ser\u00e1 el Shakedown y luego el entrenamiento oficial a las 11:15 hs. El s\u00e1bado desde las 11:00 se clasificar\u00e1 para la fecha 8 que tendr\u00e1 su primera carrera a las 13:40 y la segunda desde las 14:18. El domingo habr\u00e1 una segunda clasificaci\u00f3n a las 10:30 para la fecha 9 que tambi\u00e9n tendr\u00e1 dos competencias: 13:10 y 13:48 hs.<\/p>\n<div class=\"entry-tags\">\n<h2>TEMAS QUE APARECEN EN ESTA NOTA<\/h2>\n<\/p><\/div>\n","protected":false},"excerpt":{"rendered":"<p>El fin de semana, Mat\u00edas Rossi volver\u00e1 a ser parte del Stock Car de Brasil, en el marco de la octava y novena fecha que se llevar\u00e1 a cabo en el Aut\u00f3dromo Internacional Ayrton Senna de Goiania. A lo largo de la temporada 2021, el \u201cMisil\u201d no pudo estar presente en la apertura del a\u00f1o [&hellip;]<\/p>\n","protected":false},"author":1,"featured_media":18623,"comment_status":"closed","ping_status":"closed","sticky":false,"template":"","format":"standard","meta":[],"categories":[21],"tags":[],"_links":{"self":[{"href":"http:\/\/cordobadirecto.com\/index.php\/wp-json\/wp\/v2\/posts\/18622"}],"collection":[{"href":"http:\/\/cordobadirecto.com\/index.php\/wp-json\/wp\/v2\/posts"}],"about":[{"href":"http:\/\/cordobadirecto.com\/index.php\/wp-json\/wp\/v2\/types\/post"}],"author":[{"embeddable":true,"href":"http:\/\/cordobadirecto.com\/index.php\/wp-json\/wp\/v2\/users\/1"}],"replies":[{"embeddable":true,"href":"http:\/\/cordobadirecto.com\/index.php\/wp-json\/wp\/v2\/comments?post=18622"}],"version-history":[{"count":0,"href":"http:\/\/cordobadirecto.com\/index.php\/wp-json\/wp\/v2\/posts\/18622\/revisions"}],"wp:featuredmedia":[{"embeddable":true,"href":"http:\/\/cordobadirecto.com\/index.php\/wp-json\/wp\/v2\/media\/18623"}],"wp:attachment":[{"href":"http:\/\/cordobadirecto.com\/index.php\/wp-json\/wp\/v2\/media?parent=18622"}],"wp:term":[{"taxonomy":"category","embeddable":true,"href":"http:\/\/cordobadirecto.com\/index.php\/wp-json\/wp\/v2\/categories?post=18622"},{"taxonomy":"post_tag","embeddable":true,"href":"http:\/\/cordobadirecto.com\/index.php\/wp-json\/wp\/v2\/tags?post=18622"}],"curies":[{"name":"wp","href":"https:\/\/api.w.org\/{rel}","templated":true}]}}