{"id":18709,"date":"2021-09-16T00:38:36","date_gmt":"2021-09-16T00:38:36","guid":{"rendered":"http:\/\/cordobadirecto.com\/index.php\/2021\/09\/16\/estare-un-concierto-que-celebrara-la-musica-de-palo-pandolfo-en-el-cck\/"},"modified":"2021-09-16T00:38:36","modified_gmt":"2021-09-16T00:38:36","slug":"estare-un-concierto-que-celebrara-la-musica-de-palo-pandolfo-en-el-cck","status":"publish","type":"post","link":"http:\/\/cordobadirecto.com\/index.php\/2021\/09\/16\/estare-un-concierto-que-celebrara-la-musica-de-palo-pandolfo-en-el-cck\/","title":{"rendered":"&#8220;Estar\u00e9&#8221;, un concierto que celebrar\u00e1 la m\u00fasica de Palo Pandolfo en el CCK"},"content":{"rendered":"<div class=\"image\" id=\"image\" readability=\"7\"> <img src=\"http:\/\/cordobadirecto.com\/wp-content\/uploads\/2021\/09\/estare-un-concierto-que-celebrara-la-musica-de-palo-pandolfo-en-el-cck.jpg\" alt=\"Pandolfo: se escuchar\u00e1n canciones de sus 35 a\u00f1os de carrera\" title=\"Pandolfo: se escuchar\u00e1n canciones de sus 35 a\u00f1os de carrera\"><\/p>\n<p>Pandolfo: se escuchar\u00e1n canciones de sus 35 a\u00f1os de carrera<\/p>\n<\/div>\n<p><strong>&#8220;Estar\u00e9&#8221;<\/strong>, un concierto que celebra la obra del m\u00fasico <strong>Palo Pandolfo<\/strong>, fallecido el junio pasado a los 56 a\u00f1os, se realizar\u00e1 el pr\u00f3ximo s\u00e1bado a las 20 en el Auditorio Nacional del Centro Cultural Kirchner (CCK).<\/p>\n<p>Con la conducci\u00f3n a cargo de la periodista <strong>Gabriela Radice<\/strong>, el espect\u00e1culo ofrecer\u00e1 canciones del m\u00fasico de sus diferentes etapas de su trayectoria interpretadas en vivo por algunos de sus ex compa\u00f1eros en <strong>Don Cornelio y La Zona, Los Visitantes, La Fuerza Suave, El Ritual y La Hermandad<\/strong> y otros artistas invitados.<\/p>\n<p><strong>&#8220;Pandolfo se ha convertido en uno de los trovadores modernos m\u00e1s importantes de nuestro pa\u00eds durante los \u00faltimos 35 a\u00f1os. Le ha aportado al cancionero popular argentino una enorme cantidad de canciones que se expandieron a trav\u00e9s del tiempo, y hoy las mismas son consideradas grandes cl\u00e1sicos&#8221;<\/strong>, destac\u00f3 un comunicado de prensa.<\/p>\n<p>Adem\u00e1s de tratarse de una actividad presencial, &#8220;Estar\u00e9&#8221; <strong>tendr\u00e1 transmisi\u00f3n en vivo en los canales de YouTube y Facebook del CCK y a trav\u00e9s plataforma Cont.ar.<\/strong> <\/p>\n","protected":false},"excerpt":{"rendered":"<p>Pandolfo: se escuchar\u00e1n canciones de sus 35 a\u00f1os de carrera &#8220;Estar\u00e9&#8221;, un concierto que celebra la obra del m\u00fasico Palo Pandolfo, fallecido el junio pasado a los 56 a\u00f1os, se realizar\u00e1 el pr\u00f3ximo s\u00e1bado a las 20 en el Auditorio Nacional del Centro Cultural Kirchner (CCK). Con la conducci\u00f3n a cargo de la periodista Gabriela [&hellip;]<\/p>\n","protected":false},"author":1,"featured_media":18710,"comment_status":"closed","ping_status":"closed","sticky":false,"template":"","format":"standard","meta":[],"categories":[20],"tags":[],"_links":{"self":[{"href":"http:\/\/cordobadirecto.com\/index.php\/wp-json\/wp\/v2\/posts\/18709"}],"collection":[{"href":"http:\/\/cordobadirecto.com\/index.php\/wp-json\/wp\/v2\/posts"}],"about":[{"href":"http:\/\/cordobadirecto.com\/index.php\/wp-json\/wp\/v2\/types\/post"}],"author":[{"embeddable":true,"href":"http:\/\/cordobadirecto.com\/index.php\/wp-json\/wp\/v2\/users\/1"}],"replies":[{"embeddable":true,"href":"http:\/\/cordobadirecto.com\/index.php\/wp-json\/wp\/v2\/comments?post=18709"}],"version-history":[{"count":0,"href":"http:\/\/cordobadirecto.com\/index.php\/wp-json\/wp\/v2\/posts\/18709\/revisions"}],"wp:featuredmedia":[{"embeddable":true,"href":"http:\/\/cordobadirecto.com\/index.php\/wp-json\/wp\/v2\/media\/18710"}],"wp:attachment":[{"href":"http:\/\/cordobadirecto.com\/index.php\/wp-json\/wp\/v2\/media?parent=18709"}],"wp:term":[{"taxonomy":"category","embeddable":true,"href":"http:\/\/cordobadirecto.com\/index.php\/wp-json\/wp\/v2\/categories?post=18709"},{"taxonomy":"post_tag","embeddable":true,"href":"http:\/\/cordobadirecto.com\/index.php\/wp-json\/wp\/v2\/tags?post=18709"}],"curies":[{"name":"wp","href":"https:\/\/api.w.org\/{rel}","templated":true}]}}