{"id":18732,"date":"2021-09-16T08:01:42","date_gmt":"2021-09-16T08:01:42","guid":{"rendered":"https:\/\/puntoapunto.com.ar\/?p=316387"},"modified":"2021-09-16T08:01:42","modified_gmt":"2021-09-16T08:01:42","slug":"que-leen-los-profesionales-del-mercado-inmobiliario-despues-de-las-paso","status":"publish","type":"post","link":"http:\/\/cordobadirecto.com\/index.php\/2021\/09\/16\/que-leen-los-profesionales-del-mercado-inmobiliario-despues-de-las-paso\/","title":{"rendered":"Qu\u00e9 leen los profesionales del mercado inmobiliario despu\u00e9s de las PASO"},"content":{"rendered":"<p><span>Las<strong> inmobiliarias de C\u00f3rdoba<\/strong> reaccionaron con un <strong>optimismo moderado<\/strong> frente a los resultados electorales de las PASO. De acuerdo a un relevamiento realizado por el<strong> Centro de Corredores Inmobiliarios de C\u00f3rdoba<\/strong> (CeCIN), los profesionales del sector se encuentran \u201cesperanzados en que la sociedad rechaza las pol\u00edticas perjudiciales para el mercado que los agrupa\u201d.<\/span><\/p>\n<p><span>\u201cPor supuesto que la realidad de un sector, que viene golpeado desde el a\u00f1o 2018, no cambiar\u00e1 en el corto plazo, pero mejorar las expectativas es muy importante teniendo en cuenta que toda inversi\u00f3n inmobiliaria se proyecta en per\u00edodos calculados en a\u00f1os. Es decir, a mediano y largo plazo\u201d, aseguran.<\/span><\/p>\n<p><span>Y agregan: \u201canticiparse a la reactivaci\u00f3n de un mercado, es clave para hacer buenos negocios\u201d.<\/span><\/p>\n<p><span>Para conocer las primeras opiniones de los profesionales del mercado inmobiliario, el CeCIN realiz\u00f3 una encuesta entre sus m\u00e1s de 200 socios haciendo foco en la proyecci\u00f3n general, en las ventas en particular y en los precios relacionados.<\/span><\/p>\n<p><span>Los resultados muestran que sobresalen las<strong> opiniones optimistas y moderadas<\/strong> y, respecto a los precios de venta, <strong>la mayor\u00eda apuesta por la estabilidad en ese sentido.<\/strong><\/span><\/p>\n<p><strong>Post PASO, \u00bfQu\u00e9 pasar\u00e1 con el mercado inmobiliario de C\u00f3rdoba, en general?<\/strong><\/p>\n<p><img loading=\"lazy\" class=\"alignnone size-full wp-image-316427\" src=\"http:\/\/cordobadirecto.com\/wp-content\/uploads\/2021\/09\/que-leen-los-profesionales-del-mercado-inmobiliario-despues-de-las-paso.jpg\" alt width=\"2560\" height=\"908\" srcset=\"http:\/\/cordobadirecto.com\/wp-content\/uploads\/2021\/09\/que-leen-los-profesionales-del-mercado-inmobiliario-despues-de-las-paso.jpg 2560w, http:\/\/cordobadirecto.com\/wp-content\/uploads\/2021\/09\/que-leen-los-profesionales-del-mercado-inmobiliario-despues-de-las-paso-4.jpg 300w, http:\/\/cordobadirecto.com\/wp-content\/uploads\/2021\/09\/que-leen-los-profesionales-del-mercado-inmobiliario-despues-de-las-paso-5.jpg 1024w, http:\/\/cordobadirecto.com\/wp-content\/uploads\/2021\/09\/que-leen-los-profesionales-del-mercado-inmobiliario-despues-de-las-paso-6.jpg 768w, http:\/\/cordobadirecto.com\/wp-content\/uploads\/2021\/09\/que-leen-los-profesionales-del-mercado-inmobiliario-despues-de-las-paso-7.jpg 1536w, http:\/\/cordobadirecto.com\/wp-content\/uploads\/2021\/09\/que-leen-los-profesionales-del-mercado-inmobiliario-despues-de-las-paso-8.jpg 2048w, http:\/\/cordobadirecto.com\/wp-content\/uploads\/2021\/09\/que-leen-los-profesionales-del-mercado-inmobiliario-despues-de-las-paso-9.jpg 150w, http:\/\/cordobadirecto.com\/wp-content\/uploads\/2021\/09\/que-leen-los-profesionales-del-mercado-inmobiliario-despues-de-las-paso-10.jpg 696w, http:\/\/cordobadirecto.com\/wp-content\/uploads\/2021\/09\/que-leen-los-profesionales-del-mercado-inmobiliario-despues-de-las-paso-11.jpg 1068w, http:\/\/cordobadirecto.com\/wp-content\/uploads\/2021\/09\/que-leen-los-profesionales-del-mercado-inmobiliario-despues-de-las-paso-12.jpg 1920w, http:\/\/cordobadirecto.com\/wp-content\/uploads\/2021\/09\/que-leen-los-profesionales-del-mercado-inmobiliario-despues-de-las-paso-13.jpg 1184w\" sizes=\"(max-width: 2560px) 100vw, 2560px\"><\/p>\n<p><b>Post PASO, \u00bfQu\u00e9 pasar\u00e1 con \u201clos precios de ventas\u201d de las propiedades en C\u00f3rdoba?<\/b><\/p>\n<p><img loading=\"lazy\" class=\"alignnone wp-image-316428\" src=\"http:\/\/cordobadirecto.com\/wp-content\/uploads\/2021\/09\/que-leen-los-profesionales-del-mercado-inmobiliario-despues-de-las-paso-1.jpg\" alt width=\"778\" height=\"275\" srcset=\"http:\/\/cordobadirecto.com\/wp-content\/uploads\/2021\/09\/que-leen-los-profesionales-del-mercado-inmobiliario-despues-de-las-paso-1.jpg 2560w, http:\/\/cordobadirecto.com\/wp-content\/uploads\/2021\/09\/que-leen-los-profesionales-del-mercado-inmobiliario-despues-de-las-paso-14.jpg 300w, http:\/\/cordobadirecto.com\/wp-content\/uploads\/2021\/09\/que-leen-los-profesionales-del-mercado-inmobiliario-despues-de-las-paso-15.jpg 1024w, http:\/\/cordobadirecto.com\/wp-content\/uploads\/2021\/09\/que-leen-los-profesionales-del-mercado-inmobiliario-despues-de-las-paso-16.jpg 768w, http:\/\/cordobadirecto.com\/wp-content\/uploads\/2021\/09\/que-leen-los-profesionales-del-mercado-inmobiliario-despues-de-las-paso-17.jpg 1536w, http:\/\/cordobadirecto.com\/wp-content\/uploads\/2021\/09\/que-leen-los-profesionales-del-mercado-inmobiliario-despues-de-las-paso-18.jpg 2048w, http:\/\/cordobadirecto.com\/wp-content\/uploads\/2021\/09\/que-leen-los-profesionales-del-mercado-inmobiliario-despues-de-las-paso-19.jpg 150w, http:\/\/cordobadirecto.com\/wp-content\/uploads\/2021\/09\/que-leen-los-profesionales-del-mercado-inmobiliario-despues-de-las-paso-20.jpg 696w, http:\/\/cordobadirecto.com\/wp-content\/uploads\/2021\/09\/que-leen-los-profesionales-del-mercado-inmobiliario-despues-de-las-paso-21.jpg 1068w, http:\/\/cordobadirecto.com\/wp-content\/uploads\/2021\/09\/que-leen-los-profesionales-del-mercado-inmobiliario-despues-de-las-paso-22.jpg 1920w, http:\/\/cordobadirecto.com\/wp-content\/uploads\/2021\/09\/que-leen-los-profesionales-del-mercado-inmobiliario-despues-de-las-paso-23.jpg 1189w\" sizes=\"(max-width: 778px) 100vw, 778px\"><\/p>\n<p><b>Post PASO, \u00bfQu\u00e9 pasar\u00e1 con \u201clas ventas inmobiliarias en C\u00f3rdoba\u201d?<\/b><\/p>\n<p><img loading=\"lazy\" class=\"alignnone size-full wp-image-316429\" src=\"http:\/\/cordobadirecto.com\/wp-content\/uploads\/2021\/09\/que-leen-los-profesionales-del-mercado-inmobiliario-despues-de-las-paso-2.jpg\" alt width=\"2502\" height=\"982\" srcset=\"http:\/\/cordobadirecto.com\/wp-content\/uploads\/2021\/09\/que-leen-los-profesionales-del-mercado-inmobiliario-despues-de-las-paso-2.jpg 2502w, http:\/\/cordobadirecto.com\/wp-content\/uploads\/2021\/09\/que-leen-los-profesionales-del-mercado-inmobiliario-despues-de-las-paso-24.jpg 300w, http:\/\/cordobadirecto.com\/wp-content\/uploads\/2021\/09\/que-leen-los-profesionales-del-mercado-inmobiliario-despues-de-las-paso-25.jpg 1024w, http:\/\/cordobadirecto.com\/wp-content\/uploads\/2021\/09\/que-leen-los-profesionales-del-mercado-inmobiliario-despues-de-las-paso-26.jpg 768w, http:\/\/cordobadirecto.com\/wp-content\/uploads\/2021\/09\/que-leen-los-profesionales-del-mercado-inmobiliario-despues-de-las-paso-27.jpg 1536w, http:\/\/cordobadirecto.com\/wp-content\/uploads\/2021\/09\/que-leen-los-profesionales-del-mercado-inmobiliario-despues-de-las-paso-28.jpg 2048w, http:\/\/cordobadirecto.com\/wp-content\/uploads\/2021\/09\/que-leen-los-profesionales-del-mercado-inmobiliario-despues-de-las-paso-29.jpg 150w, http:\/\/cordobadirecto.com\/wp-content\/uploads\/2021\/09\/que-leen-los-profesionales-del-mercado-inmobiliario-despues-de-las-paso-30.jpg 696w, http:\/\/cordobadirecto.com\/wp-content\/uploads\/2021\/09\/que-leen-los-profesionales-del-mercado-inmobiliario-despues-de-las-paso-31.jpg 1068w, http:\/\/cordobadirecto.com\/wp-content\/uploads\/2021\/09\/que-leen-los-profesionales-del-mercado-inmobiliario-despues-de-las-paso-32.jpg 1920w, http:\/\/cordobadirecto.com\/wp-content\/uploads\/2021\/09\/que-leen-los-profesionales-del-mercado-inmobiliario-despues-de-las-paso-33.jpg 1070w\" sizes=\"(max-width: 2502px) 100vw, 2502px\"><\/p>\n<div class=\"saboxplugin-wrap\" itemtype=\"http:\/\/schema.org\/Person\" itemscope itemprop=\"author\">\n<div class=\"saboxplugin-tab\">\n<div class=\"saboxplugin-gravatar\"><img alt src=\"http:\/\/cordobadirecto.com\/wp-content\/uploads\/2021\/09\/que-leen-los-profesionales-del-mercado-inmobiliario-despues-de-las-paso-3.jpg\" srcset=\"http:\/\/cordobadirecto.com\/wp-content\/uploads\/2021\/09\/que-leen-los-profesionales-del-mercado-inmobiliario-despues-de-las-paso-34.jpg 2x\" class=\"avatar avatar-100 photo\" height=\"100\" width=\"100\" itemprop=\"image\" loading=\"lazy\"><\/div>\n<div class=\"saboxplugin-desc\" readability=\"6.5\">\n<div itemprop=\"description\" readability=\"8\">\n<p>Este articulo fue escrito por la redacci\u00f3n de Punto a Punto. Seguinos en todas nuestras redes sociales<\/p>\n<\/div>\n<\/div>\n<\/div>\n<\/div>\n","protected":false},"excerpt":{"rendered":"<p>Las inmobiliarias de C\u00f3rdoba reaccionaron con un optimismo moderado frente a los resultados electorales de las PASO. De acuerdo a un relevamiento realizado por el Centro de Corredores Inmobiliarios de C\u00f3rdoba (CeCIN), los profesionales del sector se encuentran \u201cesperanzados en que la sociedad rechaza las pol\u00edticas perjudiciales para el mercado que los agrupa\u201d. \u201cPor supuesto [&hellip;]<\/p>\n","protected":false},"author":1,"featured_media":18733,"comment_status":"closed","ping_status":"closed","sticky":false,"template":"","format":"standard","meta":[],"categories":[25],"tags":[],"_links":{"self":[{"href":"http:\/\/cordobadirecto.com\/index.php\/wp-json\/wp\/v2\/posts\/18732"}],"collection":[{"href":"http:\/\/cordobadirecto.com\/index.php\/wp-json\/wp\/v2\/posts"}],"about":[{"href":"http:\/\/cordobadirecto.com\/index.php\/wp-json\/wp\/v2\/types\/post"}],"author":[{"embeddable":true,"href":"http:\/\/cordobadirecto.com\/index.php\/wp-json\/wp\/v2\/users\/1"}],"replies":[{"embeddable":true,"href":"http:\/\/cordobadirecto.com\/index.php\/wp-json\/wp\/v2\/comments?post=18732"}],"version-history":[{"count":0,"href":"http:\/\/cordobadirecto.com\/index.php\/wp-json\/wp\/v2\/posts\/18732\/revisions"}],"wp:featuredmedia":[{"embeddable":true,"href":"http:\/\/cordobadirecto.com\/index.php\/wp-json\/wp\/v2\/media\/18733"}],"wp:attachment":[{"href":"http:\/\/cordobadirecto.com\/index.php\/wp-json\/wp\/v2\/media?parent=18732"}],"wp:term":[{"taxonomy":"category","embeddable":true,"href":"http:\/\/cordobadirecto.com\/index.php\/wp-json\/wp\/v2\/categories?post=18732"},{"taxonomy":"post_tag","embeddable":true,"href":"http:\/\/cordobadirecto.com\/index.php\/wp-json\/wp\/v2\/tags?post=18732"}],"curies":[{"name":"wp","href":"https:\/\/api.w.org\/{rel}","templated":true}]}}