{"id":18886,"date":"2021-09-16T19:46:08","date_gmt":"2021-09-16T19:46:08","guid":{"rendered":"https:\/\/es.digitaltrends.com\/?p=864890"},"modified":"2021-09-16T19:46:08","modified_gmt":"2021-09-16T19:46:08","slug":"director-de-instagram-compara-su-red-social-con-muertes-en-auto","status":"publish","type":"post","link":"http:\/\/cordobadirecto.com\/index.php\/2021\/09\/16\/director-de-instagram-compara-su-red-social-con-muertes-en-auto\/","title":{"rendered":"Director de Instagram compara su red social con muertes en auto"},"content":{"rendered":"<p>Adam Mosseri, director de Instagram, <a href=\"https:\/\/www.cnbc.com\/2021\/09\/16\/facebooks-instagram-head-gets-slammed-for-comparing-instagram-to-cars.html\" target=\"_blank\" rel=\"noopener\">sali\u00f3 a dar la cara<\/a> tras las cr\u00edticas que indican que su red social&nbsp;<a href=\"https:\/\/es.digitaltrends.com\/sociales\/facebook-instagram-toxico-adolescentes\/\">estar\u00eda provocando problemas en adolescentes<\/a>. Para defenderse, hizo una analog\u00eda bastante cuestionable con la industria automotriz.<\/p>\n<p>Seg\u00fan el ejecutivo de la compa\u00f1\u00eda perteneciente a Facebook, es importante entender los riesgos de estar en las redes.<\/p>\n<p>\u201cSabemos que mueren m\u00e1s personas de lo que morir\u00edan de otra manera debido a accidentes automovil\u00edsticos, pero en general, los autom\u00f3viles crean mucho m\u00e1s valor en el mundo de lo que destruyen\u201d, dijo Mosseri en el <em>podcast<\/em> <em>Recode Media<\/em> y agreg\u00f3: \u201cCreo que las redes sociales son similares\u201d.<\/p>\n<figure class=\"aligncenter\"><img src=\"http:\/\/cordobadirecto.com\/wp-content\/uploads\/2021\/09\/director-de-instagram-compara-su-red-social-con-muertes-en-auto.gif\" data-dt-lazy-src=\"https:\/\/icdn.dtcn.com\/image\/digitaltrends_es\/instagram-21-720x720.jpg\" onerror=\"dti_load_error(this)\" class=\" size-large wp-image-800746 dt-lazy-load dt-lazy-pending\" alt><\/figure>\n<p>Mosseri fue m\u00e1s all\u00e1 en su comparaci\u00f3n y manifest\u00f3 que no es justo decir que un producto se debe enfocar solo en lo negativo, ya que mucho depender\u00e1 de su utilizaci\u00f3n. Esto tras defenderse ante las personas que sostienen que Instagram es parecido a los efectos que provoca una droga.<\/p>\n<p>\u201cAbsolutamente no, y realmente no estoy de acuerdo con la comparaci\u00f3n con las drogas o los cigarrillos, que tienen ventajas muy limitadas, si es que las hay. Cualquier cosa que se vaya a usar a escala va a tener resultados positivos y negativos. Los coches tienen resultados positivos y negativos\u201d.<\/p>\n<p>Por \u00faltimo Mosseri se refiri\u00f3 a las potenciales regulaciones que deben tener las redes sociales:<\/p>\n<p>\u201cCreemos que hay que tener cuidado porque la regulaci\u00f3n puede causar m\u00e1s problemas\u201d, coment\u00f3 Mosseri en el <em>podcast<\/em>. \u201cPero creo que somos una industria lo suficientemente grande como para que sea importante, y necesitamos evolucionar hacia adelante\u201d.<\/p>\n<h4 class=\"h-editors-recs-title\"> Recomendaciones del editor\t<\/h4>\n<p> <span id=\"publisher-md\" itemprop=\"publisher\" itemscope itemtype=\"https:\/\/schema.org\/Organization\"> <span itemprop=\"url\" itemtype=\"https:\/\/schema.org\/Url\" content=\"https:\/\/es.digitaltrends.com\"> <span itemprop=\"logo\" itemscope itemtype=\"https:\/\/schema.org\/ImageObject\"> <meta itemprop=\"url\" content=\"https:\/\/cdn.dtcn.com\/dt\/dt-logo-small.png\"> <meta itemprop=\"width\" content=\"0\"> <meta itemprop=\"height\" content=\"0\"> <\/span> <meta itemprop=\"name\" content=\"Digital Trends Espa\u00f1ol\"> <\/span> <span itemprop=\"image\" itemscope itemtype=\"https:\/\/schema.org\/ImageObject\"> <meta itemprop=\"url\" content=\"https:\/\/icdn.dtcn.com\/image\/digitaltrends_es\/instagram-telefono-celular.jpg\"> <\/span> <\/span><\/p>\n","protected":false},"excerpt":{"rendered":"<p>Adam Mosseri, director de Instagram, sali\u00f3 a dar la cara tras las cr\u00edticas que indican que su red social&nbsp;estar\u00eda provocando problemas en adolescentes. Para defenderse, hizo una analog\u00eda bastante cuestionable con la industria automotriz. Seg\u00fan el ejecutivo de la compa\u00f1\u00eda perteneciente a Facebook, es importante entender los riesgos de estar en las redes. \u201cSabemos que [&hellip;]<\/p>\n","protected":false},"author":1,"featured_media":18887,"comment_status":"closed","ping_status":"closed","sticky":false,"template":"","format":"standard","meta":[],"categories":[26],"tags":[],"_links":{"self":[{"href":"http:\/\/cordobadirecto.com\/index.php\/wp-json\/wp\/v2\/posts\/18886"}],"collection":[{"href":"http:\/\/cordobadirecto.com\/index.php\/wp-json\/wp\/v2\/posts"}],"about":[{"href":"http:\/\/cordobadirecto.com\/index.php\/wp-json\/wp\/v2\/types\/post"}],"author":[{"embeddable":true,"href":"http:\/\/cordobadirecto.com\/index.php\/wp-json\/wp\/v2\/users\/1"}],"replies":[{"embeddable":true,"href":"http:\/\/cordobadirecto.com\/index.php\/wp-json\/wp\/v2\/comments?post=18886"}],"version-history":[{"count":0,"href":"http:\/\/cordobadirecto.com\/index.php\/wp-json\/wp\/v2\/posts\/18886\/revisions"}],"wp:featuredmedia":[{"embeddable":true,"href":"http:\/\/cordobadirecto.com\/index.php\/wp-json\/wp\/v2\/media\/18887"}],"wp:attachment":[{"href":"http:\/\/cordobadirecto.com\/index.php\/wp-json\/wp\/v2\/media?parent=18886"}],"wp:term":[{"taxonomy":"category","embeddable":true,"href":"http:\/\/cordobadirecto.com\/index.php\/wp-json\/wp\/v2\/categories?post=18886"},{"taxonomy":"post_tag","embeddable":true,"href":"http:\/\/cordobadirecto.com\/index.php\/wp-json\/wp\/v2\/tags?post=18886"}],"curies":[{"name":"wp","href":"https:\/\/api.w.org\/{rel}","templated":true}]}}