{"id":18914,"date":"2021-09-16T21:03:00","date_gmt":"2021-09-16T21:03:00","guid":{"rendered":"http:\/\/cordobadirecto.com\/index.php\/2021\/09\/16\/eeuu-impulsara-en-la-cumbre-de-las-americas-de-2022-la-defensa-de-la-democracia-y-los-ddhh\/"},"modified":"2021-09-16T21:03:00","modified_gmt":"2021-09-16T21:03:00","slug":"eeuu-impulsara-en-la-cumbre-de-las-americas-de-2022-la-defensa-de-la-democracia-y-los-ddhh","status":"publish","type":"post","link":"http:\/\/cordobadirecto.com\/index.php\/2021\/09\/16\/eeuu-impulsara-en-la-cumbre-de-las-americas-de-2022-la-defensa-de-la-democracia-y-los-ddhh\/","title":{"rendered":"EEUU impulsar\u00e1 en la Cumbre de las Am\u00e9ricas de 2022 la defensa de la democracia y los DDHH"},"content":{"rendered":"<div class=\"image\" id=\"image\" readability=\"8\"> <img src=\"http:\/\/cordobadirecto.com\/wp-content\/uploads\/2021\/09\/eeuu-impulsara-en-la-cumbre-de-las-americas-de-2022-la-defensa-de-la-democracia-y-los-ddhh.jpg\" alt=\"Secretario de Estado, Antony Blinken.\" title=\"Secretario de Estado, Antony Blinken.\"><\/p>\n<p>Secretario de Estado, Antony Blinken.<\/p>\n<\/div>\n<p>El gobierno de Joe Biden promover\u00e1 la defensa de la democracia y los derechos humanos cuando Estados Unidos sea anfitri\u00f3n de la IX Cumbre de las Am\u00e9ricas a mediados de 2022, asegur\u00f3 el secretario de Estado, Antony Blinken.<\/p>\n<p>&#8220;Ratificaremos nuestra determinaci\u00f3n de promover y defender la democracia y los derechos humanos en la regi\u00f3n cuando el presidente Biden celebre la IX Cumbre de las Am\u00e9ricas en el verano (boreal) de 2022&#8221;, se\u00f1al\u00f3 Blinken en un comunicado, seg\u00fan report\u00f3 la agencia AFP.<\/p>\n<p>En ese texto para marcar el 20 aniversario de la Carta Democr\u00e1tica Interamericana, Blinken record\u00f3 que este instrumento, aprobado por los miembros de la Organizaci\u00f3n de los Estados Americanos (OEA) el 11 de septiembre de 2001, fue promovido por los l\u00edderes de la regi\u00f3n en la III Cumbre de las Am\u00e9ricas.<\/p>\n<div class=\"js-code\" readability=\"7.1017699115044\">\n<blockquote class=\"twitter-tweet\" readability=\"7.5752212389381\">\n<p lang=\"en\" dir=\"ltr\">On the 20th anniversary of the Inter-American Democratic Charter, we celebrate the bold and determined vision that all people who call the Americas home have a right to democracy. Let&#8217;s renew our commitment to promote democracy and honor the inherent dignity of each individual.<\/p>\n<p>\u2014 Secretary Antony Blinken (@SecBlinken) <a href=\"https:\/\/twitter.com\/SecBlinken\/status\/1438500197735174145?ref_src=twsrc%5Etfw\">September 16, 2021<\/a><\/p><\/blockquote><\/div>\n<p>&#8220;La democracia implica un arduo trabajo que no se cumple solamente en los d\u00edas de elecciones, sino todo los d\u00edas&#8221;, subray\u00f3 Blinken, que llam\u00f3 a los pueblos de las Am\u00e9ricas a &#8220;mantenerse alerta para protegerla&#8221;.<\/p>\n<p>La cumbre de 2022 <\/p>\n<p>La Cumbre de las Am\u00e9ricas es &#8220;el \u00fanico&#8221; encuentro que re\u00fane a todos los l\u00edderes de los pa\u00edses de Am\u00e9rica del Sur, Norte, Centro y Caribe, afirm\u00f3 la Casa Blanca al anunciar en agosto que acoger\u00eda la cita.<\/p>\n<p><strong>El encuentro el a\u00f1o pr\u00f3ximo ser\u00e1 el primero que se celebre en Estados Unidos<\/strong> desde su reuni\u00f3n inaugural en Miami en 1994, en la que Washington impulsaba el \u00c1rea de Libre Comercio de las Am\u00e9ricas (ALCA) que finalmente no se concret\u00f3.<\/p>\n<p>Desde entonces la reuni\u00f3n hemisf\u00e9rica ha sido en Santiago, Chile (1998); en Quebec, Canad\u00e1 (2001); en Mar del Plata, Argentina (2005); en Puerto Espa\u00f1a, Trinidad y Tobago (2009); en Cartagena, Colombia (2012); en Ciudad de Panam\u00e1, Panam\u00e1 (2015); y en Lima, Per\u00fa (2018). <\/p>\n","protected":false},"excerpt":{"rendered":"<p>Secretario de Estado, Antony Blinken. El gobierno de Joe Biden promover\u00e1 la defensa de la democracia y los derechos humanos cuando Estados Unidos sea anfitri\u00f3n de la IX Cumbre de las Am\u00e9ricas a mediados de 2022, asegur\u00f3 el secretario de Estado, Antony Blinken. &#8220;Ratificaremos nuestra determinaci\u00f3n de promover y defender la democracia y los derechos [&hellip;]<\/p>\n","protected":false},"author":1,"featured_media":18915,"comment_status":"closed","ping_status":"closed","sticky":false,"template":"","format":"standard","meta":[],"categories":[24],"tags":[],"_links":{"self":[{"href":"http:\/\/cordobadirecto.com\/index.php\/wp-json\/wp\/v2\/posts\/18914"}],"collection":[{"href":"http:\/\/cordobadirecto.com\/index.php\/wp-json\/wp\/v2\/posts"}],"about":[{"href":"http:\/\/cordobadirecto.com\/index.php\/wp-json\/wp\/v2\/types\/post"}],"author":[{"embeddable":true,"href":"http:\/\/cordobadirecto.com\/index.php\/wp-json\/wp\/v2\/users\/1"}],"replies":[{"embeddable":true,"href":"http:\/\/cordobadirecto.com\/index.php\/wp-json\/wp\/v2\/comments?post=18914"}],"version-history":[{"count":0,"href":"http:\/\/cordobadirecto.com\/index.php\/wp-json\/wp\/v2\/posts\/18914\/revisions"}],"wp:featuredmedia":[{"embeddable":true,"href":"http:\/\/cordobadirecto.com\/index.php\/wp-json\/wp\/v2\/media\/18915"}],"wp:attachment":[{"href":"http:\/\/cordobadirecto.com\/index.php\/wp-json\/wp\/v2\/media?parent=18914"}],"wp:term":[{"taxonomy":"category","embeddable":true,"href":"http:\/\/cordobadirecto.com\/index.php\/wp-json\/wp\/v2\/categories?post=18914"},{"taxonomy":"post_tag","embeddable":true,"href":"http:\/\/cordobadirecto.com\/index.php\/wp-json\/wp\/v2\/tags?post=18914"}],"curies":[{"name":"wp","href":"https:\/\/api.w.org\/{rel}","templated":true}]}}